{"id":10095,"date":"2026-02-09T17:55:07","date_gmt":"2026-02-09T17:55:07","guid":{"rendered":"https:\/\/saintlouisnews.sn\/?p=10095"},"modified":"2026-02-09T17:55:08","modified_gmt":"2026-02-09T17:55:08","slug":"face-a-lurgence-alimentaire-lameep-appelle-a-la-solidarite","status":"publish","type":"post","link":"https:\/\/saintlouisnews.sn\/?p=10095","title":{"rendered":"Face \u00e0 l&rsquo;urgence alimentaire, l&rsquo;AMEEP appelle \u00e0 la solidarit\u00e9"},"content":{"rendered":"\n<p>Le Bureau Ex\u00e9cutif de l\u2019Amicale des \u00c9l\u00e8ves et \u00c9tudiants de Podor \u00e0 Dakar (AMEEP) exprime sa profonde pr\u00e9occupation face \u00e0 la situation de pr\u00e9carit\u00e9 extr\u00eame que traversent actuellement les \u00e9tudiants originaires de notre commune.<\/p>\n\n\n\n<p>Depuis soixante-douze heures, la fermeture des restaurants universitaires prive des centaines de nos camarades de leur unique source de subsistance. Cette interruption de service plonge la communaut\u00e9 estudiantine de Podor dans une d\u00e9tresse alimentaire sans pr\u00e9c\u00e9dent, mettant en p\u00e9ril leur sant\u00e9 et la poursuite de leurs \u00e9tudes.<\/p>\n\n\n\n<p>En tant que garante de la d\u00e9fense des int\u00e9r\u00eats et du bien-\u00eatre des \u00e9tudiants, l\u2019AMEEP ne peut rester spectatrice de cette souffrance. Face \u00e0 cette crise majeure, nous lan\u00e7ons un appel solennel aux autorit\u00e9s de la commune de Podor et aux bonnes volont\u00e9s.<\/p>\n\n\n\n<p>Votre soutien est d\u00e9sormais vital pour nous aider \u00e0 surmonter cette \u00e9preuve. L&rsquo;heure est \u00e0 la mobilisation et \u00e0 la solidarit\u00e9 envers la jeunesse de Podor.<br>Afin de venir en aide aux \u00e9tudiants Podorois, une cagnotte solidaire a \u00e9t\u00e9 mise en place.<br>Les contributions financi\u00e8res peuvent \u00eatre envoy\u00e9es via le num\u00e9ro suivant :<br>\ud83d\udcde Num\u00e9ro de contribution : [785838734 : Orange Money \/ Wave]<br>\ud83d\udc64 Nom du b\u00e9n\u00e9ficiaire : AMEEP<br>Chaque contribution, aussi modeste soit-elle, peut faire une r\u00e9elle diff\u00e9rence.<\/p>\n\n\n\n<p>Cordialement, Le Secr\u00e9taire G\u00e9n\u00e9ral Noumady Dembele<\/p>\n","protected":false},"excerpt":{"rendered":"<p>Le Bureau Ex\u00e9cutif de l\u2019Amicale des \u00c9l\u00e8ves et \u00c9tudiants de Podor \u00e0 Dakar (AMEEP) exprime sa profonde pr\u00e9occupation face \u00e0 la situation de pr\u00e9carit\u00e9 extr\u00eame que traversent actuellement les \u00e9tudiants originaires de notre commune. Depuis soixante-douze heures, la fermeture des restaurants universitaires prive des centaines de nos camarades de leur unique source de subsistance. Cette &hellip;<\/p>\n","protected":false},"author":1,"featured_media":10096,"comment_status":"open","ping_status":"open","sticky":false,"template":"","format":"standard","meta":{"footnotes":""},"categories":[218,219,230],"tags":[],"class_list":["post-10095","post","type-post","status-publish","format-standard","has-post-thumbnail","hentry","category-a-laune","category-actualites","category-sociale"],"_links":{"self":[{"href":"https:\/\/saintlouisnews.sn\/index.php?rest_route=\/wp\/v2\/posts\/10095","targetHints":{"allow":["GET"]}}],"collection":[{"href":"https:\/\/saintlouisnews.sn\/index.php?rest_route=\/wp\/v2\/posts"}],"about":[{"href":"https:\/\/saintlouisnews.sn\/index.php?rest_route=\/wp\/v2\/types\/post"}],"author":[{"embeddable":true,"href":"https:\/\/saintlouisnews.sn\/index.php?rest_route=\/wp\/v2\/users\/1"}],"replies":[{"embeddable":true,"href":"https:\/\/saintlouisnews.sn\/index.php?rest_route=%2Fwp%2Fv2%2Fcomments&post=10095"}],"version-history":[{"count":1,"href":"https:\/\/saintlouisnews.sn\/index.php?rest_route=\/wp\/v2\/posts\/10095\/revisions"}],"predecessor-version":[{"id":10097,"href":"https:\/\/saintlouisnews.sn\/index.php?rest_route=\/wp\/v2\/posts\/10095\/revisions\/10097"}],"wp:featuredmedia":[{"embeddable":true,"href":"https:\/\/saintlouisnews.sn\/index.php?rest_route=\/wp\/v2\/media\/10096"}],"wp:attachment":[{"href":"https:\/\/saintlouisnews.sn\/index.php?rest_route=%2Fwp%2Fv2%2Fmedia&parent=10095"}],"wp:term":[{"taxonomy":"category","embeddable":true,"href":"https:\/\/saintlouisnews.sn\/index.php?rest_route=%2Fwp%2Fv2%2Fcategories&post=10095"},{"taxonomy":"post_tag","embeddable":true,"href":"https:\/\/saintlouisnews.sn\/index.php?rest_route=%2Fwp%2Fv2%2Ftags&post=10095"}],"curies":[{"name":"wp","href":"https:\/\/api.w.org\/{rel}","templated":true}]}}