{"id":1042,"date":"2022-10-13T00:30:45","date_gmt":"2022-10-13T00:30:45","guid":{"rendered":"https:\/\/saintlouisnews.sn\/?p=1042"},"modified":"2022-10-13T00:30:45","modified_gmt":"2022-10-13T00:30:45","slug":"bamba-ka-nomme-dg-du-crous","status":"publish","type":"post","link":"https:\/\/saintlouisnews.sn\/?p=1042","title":{"rendered":"Bamba K\u00c2 nomm\u00e9 Dg du Crous"},"content":{"rendered":"<p>Bamba K\u00c2 nomm\u00e9 Dg du Crous<\/p>\n<p>Le Centre r\u00e9gional des \u0152uvres universitaires et sociales (Crous), a un Directeur. Il sagit de M. Bamba K\u00c2, Dr Es Lettres. C&rsquo;est un militant tr\u00e8s engag\u00e9 de Benno Bokk Yakar et surtout de l&rsquo;Alliance pour la R\u00e9publique. L&rsquo;ancien chef de cabinet du minist\u00e8re de l&rsquo;Enseignement sup\u00e9rieur, de la Recherche et de l&rsquo;Innovation sois le magist\u00e8re de Mary Teuw NIANE avait d\u00e9cide de rester dans la mouvance pr\u00e9sidentielle. Gr\u00e2ce \u00e0 sa loyaut\u00e9<img loading=\"lazy\" decoding=\"async\" class=\"alignnone size-medium wp-image-1043\" src=\"https:\/\/saintlouisnews.sn\/news\/wp-content\/uploads\/2022\/10\/WhatsApp-Image-2022-10-12-at-22.44.22-169x300.jpeg\" alt=\"\" width=\"169\" height=\"300\" \/> <img loading=\"lazy\" decoding=\"async\" class=\"alignnone size-medium wp-image-1044\" src=\"https:\/\/saintlouisnews.sn\/news\/wp-content\/uploads\/2022\/10\/WhatsApp-Image-2022-10-12-at-22.44.21-2-297x300.jpeg\" alt=\"\" width=\"297\" height=\"300\" \/> <img loading=\"lazy\" decoding=\"async\" class=\"alignnone size-medium wp-image-1045\" src=\"https:\/\/saintlouisnews.sn\/news\/wp-content\/uploads\/2022\/10\/WhatsApp-Image-2022-10-12-at-22.44.21-1-300x225.jpeg\" alt=\"\" width=\"300\" height=\"225\" \/> <img loading=\"lazy\" decoding=\"async\" class=\"alignnone size-medium wp-image-1046\" src=\"https:\/\/saintlouisnews.sn\/news\/wp-content\/uploads\/2022\/10\/WhatsApp-Image-2022-10-12-at-22.44.21-294x300.jpeg\" alt=\"\" width=\"294\" height=\"300\" \/>, son abn\u00e9gation, son engagement, il a \u00e9t\u00e9 promu Directeur du Centre R\u00e9gional des \u0152uvres Universitaires de Saint-Louis ( Crous) . Il remplace \u00e0 ce poste Pape Ibrahima Faye nomm\u00e9 aujourd\u2019hui, Directeur G\u00e9n\u00e9ral du FERA. C&rsquo;est une cons\u00e9cration pour le natif de Bango, ancien pensionnaire de l&rsquo;universit\u00e9 Gaston Berger de Saint-Louis.<\/p>\n","protected":false},"excerpt":{"rendered":"<p>Bamba K\u00c2 nomm\u00e9 Dg du Crous Le Centre r\u00e9gional des \u0152uvres universitaires et sociales (Crous), a un Directeur. Il sagit de M. Bamba K\u00c2, Dr Es Lettres. C&rsquo;est un militant tr\u00e8s engag\u00e9 de Benno Bokk Yakar et surtout de l&rsquo;Alliance pour la R\u00e9publique. L&rsquo;ancien chef de cabinet du minist\u00e8re de l&rsquo;Enseignement sup\u00e9rieur, de la Recherche &hellip;<\/p>\n","protected":false},"author":1,"featured_media":1043,"comment_status":"open","ping_status":"open","sticky":false,"template":"","format":"standard","meta":{"footnotes":""},"categories":[219],"tags":[],"class_list":["post-1042","post","type-post","status-publish","format-standard","has-post-thumbnail","hentry","category-actualites"],"_links":{"self":[{"href":"https:\/\/saintlouisnews.sn\/index.php?rest_route=\/wp\/v2\/posts\/1042","targetHints":{"allow":["GET"]}}],"collection":[{"href":"https:\/\/saintlouisnews.sn\/index.php?rest_route=\/wp\/v2\/posts"}],"about":[{"href":"https:\/\/saintlouisnews.sn\/index.php?rest_route=\/wp\/v2\/types\/post"}],"author":[{"embeddable":true,"href":"https:\/\/saintlouisnews.sn\/index.php?rest_route=\/wp\/v2\/users\/1"}],"replies":[{"embeddable":true,"href":"https:\/\/saintlouisnews.sn\/index.php?rest_route=%2Fwp%2Fv2%2Fcomments&post=1042"}],"version-history":[{"count":0,"href":"https:\/\/saintlouisnews.sn\/index.php?rest_route=\/wp\/v2\/posts\/1042\/revisions"}],"wp:featuredmedia":[{"embeddable":true,"href":"https:\/\/saintlouisnews.sn\/index.php?rest_route=\/wp\/v2\/media\/1043"}],"wp:attachment":[{"href":"https:\/\/saintlouisnews.sn\/index.php?rest_route=%2Fwp%2Fv2%2Fmedia&parent=1042"}],"wp:term":[{"taxonomy":"category","embeddable":true,"href":"https:\/\/saintlouisnews.sn\/index.php?rest_route=%2Fwp%2Fv2%2Fcategories&post=1042"},{"taxonomy":"post_tag","embeddable":true,"href":"https:\/\/saintlouisnews.sn\/index.php?rest_route=%2Fwp%2Fv2%2Ftags&post=1042"}],"curies":[{"name":"wp","href":"https:\/\/api.w.org\/{rel}","templated":true}]}}