{"id":10437,"date":"2026-03-08T00:11:16","date_gmt":"2026-03-08T00:11:16","guid":{"rendered":"https:\/\/saintlouisnews.sn\/?p=10437"},"modified":"2026-03-08T00:11:17","modified_gmt":"2026-03-08T00:11:17","slug":"mimi-toure-superviseur-generale-le-president-bassirou-diomaye-faye-ma-indique-quil-tient-a-sa-coalition","status":"publish","type":"post","link":"https:\/\/saintlouisnews.sn\/?p=10437","title":{"rendered":"Mimi Tour\u00e9, superviseur g\u00e9n\u00e9rale : \u00ab Le pr\u00e9sident Bassirou Diomaye Faye m\u2019a indiqu\u00e9 qu\u2019il tient \u00e0 sa coalition \u00bb"},"content":{"rendered":"\n<p>La coalition Diomaye Pr\u00e9sident a tenu son assembl\u00e9e g\u00e9n\u00e9rale de validation des textes fondateurs, marquant l\u2019aboutissement de quatre mois de travaux de restructuration conduits sous l\u2019\u00e9gide de Dr Aminata Tour\u00e9, d\u00e9sign\u00e9e superviseur g\u00e9n\u00e9ral par le pr\u00e9sident de la R\u00e9publique.<br>\u00a0<br>Prenant la parole devant les d\u00e9l\u00e9gu\u00e9s r\u00e9unis pour l\u2019occasion, l\u2019ancienne Premi\u00e8re ministre a rappel\u00e9 le mandat qui lui a \u00e9t\u00e9 confi\u00e9 par le chef de l\u2019\u00c9tat. \u00ab Le pr\u00e9sident de la R\u00e9publique m\u2019a fait l\u2019honneur de me d\u00e9signer superviseur g\u00e9n\u00e9ral pour conduire les travaux de restructuration \u00bb, a-t-elle d\u00e9clar\u00e9 en soulignant que cette mission proc\u00e8de d\u2019une volont\u00e9 pr\u00e9sidentielle affirm\u00e9e. Bassirou Diomaye Faye aurait en effet tenu \u00e0 s\u2019impliquer personnellement dans la consolidation de l\u2019outil politique qui a port\u00e9 sa candidature, signifiant \u00e0 Dr Tour\u00e9 qu\u2019il \u00ab tient \u00e0 sa coalition \u00bb.<br>\u00a0<br>La superviseur g\u00e9n\u00e9ral a \u00e9galement livr\u00e9 les orientations re\u00e7ues du chef de l\u2019\u00c9tat pour encadrer ce chantier de refondation. Il s\u2019agissait, selon elle, d\u2019ouvrir la coalition sur la base de principes clairs, au premier rang desquels la bonne gouvernance et l\u2019unit\u00e9. Des valeurs qu\u2019elle dit faire sienne : \u00ab La bonne gouvernance et l\u2019unit\u00e9 importent bien pour moi \u00bb, a-t-elle affirm\u00e9, donnant ainsi le ton d\u2019une restructuration qui entend placer l\u2019exigence \u00e9thique au c\u0153ur du projet collectif.<br>\u00a0<br>L\u2019assembl\u00e9e g\u00e9n\u00e9rale a consacr\u00e9 la phase finale d\u2019un processus entam\u00e9 il y a quatre mois, au terme duquel les instances de la coalition ont planch\u00e9 sur les textes devant r\u00e9gir son fonctionnement. Ces documents, d\u00e9sormais soumis \u00e0 la validation des membres, sont appel\u00e9s \u00e0 constituer le socle institutionnel d\u2019une structure qui entend se p\u00e9renniser au-del\u00e0 du cycle \u00e9lectoral qui l\u2019a vu na\u00eetre.<\/p>\n","protected":false},"excerpt":{"rendered":"<p>La coalition Diomaye Pr\u00e9sident a tenu son assembl\u00e9e g\u00e9n\u00e9rale de validation des textes fondateurs, marquant l\u2019aboutissement de quatre mois de travaux de restructuration conduits sous l\u2019\u00e9gide de Dr Aminata Tour\u00e9, d\u00e9sign\u00e9e superviseur g\u00e9n\u00e9ral par le pr\u00e9sident de la R\u00e9publique.\u00a0Prenant la parole devant les d\u00e9l\u00e9gu\u00e9s r\u00e9unis pour l\u2019occasion, l\u2019ancienne Premi\u00e8re ministre a rappel\u00e9 le mandat qui &hellip;<\/p>\n","protected":false},"author":1,"featured_media":10439,"comment_status":"open","ping_status":"open","sticky":false,"template":"","format":"standard","meta":{"footnotes":""},"categories":[218,219,228],"tags":[],"class_list":["post-10437","post","type-post","status-publish","format-standard","has-post-thumbnail","hentry","category-a-laune","category-actualites","category-politique"],"_links":{"self":[{"href":"https:\/\/saintlouisnews.sn\/index.php?rest_route=\/wp\/v2\/posts\/10437","targetHints":{"allow":["GET"]}}],"collection":[{"href":"https:\/\/saintlouisnews.sn\/index.php?rest_route=\/wp\/v2\/posts"}],"about":[{"href":"https:\/\/saintlouisnews.sn\/index.php?rest_route=\/wp\/v2\/types\/post"}],"author":[{"embeddable":true,"href":"https:\/\/saintlouisnews.sn\/index.php?rest_route=\/wp\/v2\/users\/1"}],"replies":[{"embeddable":true,"href":"https:\/\/saintlouisnews.sn\/index.php?rest_route=%2Fwp%2Fv2%2Fcomments&post=10437"}],"version-history":[{"count":1,"href":"https:\/\/saintlouisnews.sn\/index.php?rest_route=\/wp\/v2\/posts\/10437\/revisions"}],"predecessor-version":[{"id":10440,"href":"https:\/\/saintlouisnews.sn\/index.php?rest_route=\/wp\/v2\/posts\/10437\/revisions\/10440"}],"wp:featuredmedia":[{"embeddable":true,"href":"https:\/\/saintlouisnews.sn\/index.php?rest_route=\/wp\/v2\/media\/10439"}],"wp:attachment":[{"href":"https:\/\/saintlouisnews.sn\/index.php?rest_route=%2Fwp%2Fv2%2Fmedia&parent=10437"}],"wp:term":[{"taxonomy":"category","embeddable":true,"href":"https:\/\/saintlouisnews.sn\/index.php?rest_route=%2Fwp%2Fv2%2Fcategories&post=10437"},{"taxonomy":"post_tag","embeddable":true,"href":"https:\/\/saintlouisnews.sn\/index.php?rest_route=%2Fwp%2Fv2%2Ftags&post=10437"}],"curies":[{"name":"wp","href":"https:\/\/api.w.org\/{rel}","templated":true}]}}