{"id":10565,"date":"2026-03-15T15:24:29","date_gmt":"2026-03-15T15:24:29","guid":{"rendered":"https:\/\/saintlouisnews.sn\/?p=10565"},"modified":"2026-03-15T15:24:30","modified_gmt":"2026-03-15T15:24:30","slug":"solidarite-ramadan-et-careme-a-ziguinchor-aminata-angelique-manga-distribue-1000-repas-et-254-kits-alimentaires-aux-populations-demunies","status":"publish","type":"post","link":"https:\/\/saintlouisnews.sn\/?p=10565","title":{"rendered":"Solidarit\u00e9 Ramadan et Car\u00eame \u00e0 Ziguinchor : Aminata Ang\u00e9lique Manga distribue 1000 repas et 254 kits alimentaires aux populations d\u00e9munies"},"content":{"rendered":"\n<p>Dans un \u00e9lan de solidarit\u00e9 marqu\u00e9 par les valeurs de partage du Ramadan et du Car\u00eame, l&rsquo;ancienne ministre Aminata Ang\u00e9lique Manga a organis\u00e9 une importante op\u00e9ration de distribution de repas et de kits alimentaires au profit des populations d\u00e9munies de Ziguinchor.<\/p>\n\n\n\n<p>\u00ab\u00a0Nous voulons partager avec les plus d\u00e9munis les b\u00e9n\u00e9dictions de ce mois de Ramadan et de Car\u00eame\u00a0\u00bb, a d\u00e9clar\u00e9 Mme Manga lors de la c\u00e9r\u00e9monie de distribution. \u00ab\u00a0Nous sommes convaincus que la solidarit\u00e9 et l&rsquo;entraide sont des valeurs essentielles pour b\u00e2tir une soci\u00e9t\u00e9 plus juste et plus \u00e9quitable.\u00a0\u00bb<\/p>\n\n\n\n<p>Au total, 1000 repas ont \u00e9t\u00e9 distribu\u00e9s dans plusieurs sites strat\u00e9giques de la ville, notamment au centre de sant\u00e9 de Ziguinchor, commun\u00e9ment appel\u00e9 \u00ab H\u00f4pital Silence \u00bb, \u00e0 l&rsquo;H\u00f4pital de la Paix de Ziguinchor ainsi qu&rsquo;\u00e0 la gare routi\u00e8re de la ville. Les b\u00e9n\u00e9ficiaires ont re\u00e7u des repas de \u00ab ndogou \u00bb, compos\u00e9s notamment de boissons, d&rsquo;eau, de caf\u00e9 et de lait, afin d&rsquo;accompagner la rupture du je\u00fbne.<\/p>\n\n\n\n<p>L&rsquo;initiative s&rsquo;est \u00e9galement traduite par la distribution de 254 kits alimentaires destin\u00e9s \u00e0 des familles vivant en situation de pr\u00e9carit\u00e9. Ces kits comprenaient notamment du riz, de l&rsquo;huile, des p\u00e2tes alimentaires, des biscuits, des confiseries, des produits d&rsquo;hygi\u00e8ne, du caf\u00e9, du th\u00e9, des bo\u00eetes d&rsquo;ananas, des allumettes ainsi que des d\u00e9tergents.<\/p>\n\n\n\n<p>\u00ab\u00a0Nous sommes tr\u00e8s touch\u00e9s par cette action de solidarit\u00e9\u00a0\u00bb, a d\u00e9clar\u00e9 un b\u00e9n\u00e9ficiaire. \u00ab\u00a0C&rsquo;est un geste qui nous aidera \u00e0 passer un bon Ramadan et un bon Car\u00eame.\u00a0\u00bb<\/p>\n\n\n\n<p>Dans le m\u00eame \u00e9lan de g\u00e9n\u00e9rosit\u00e9, des lots de denr\u00e9es alimentaires ont \u00e9t\u00e9 remis \u00e0 plusieurs communaut\u00e9s religieuses et structures d&rsquo;enseignement coranique, notamment aux communaut\u00e9s mouride et niass\u00e8ne, ainsi qu&rsquo;\u00e0 plusieurs daaras situ\u00e9s dans les quartiers de Castor, Kandianlang, Cit\u00e9 Peulh et N\u00e9ma.<\/p>\n\n\n\n<p>\u00ab\u00a0Nous remercions Mme Manga pour cette action de solidarit\u00e9\u00a0\u00bb, a d\u00e9clar\u00e9 un repr\u00e9sentant de la communaut\u00e9 mouride. \u00ab\u00a0C&rsquo;est un geste qui montre que nous sommes tous unis et solidaires dans cette p\u00e9riode de f\u00eate.\u00a0\u00bb<\/p>\n\n\n\n<p>\u00c0 travers cette action sociale, Aminata Ang\u00e9lique Manga r\u00e9affirme son engagement aux c\u00f4t\u00e9s des populations de Ziguinchor, en mettant l&rsquo;accent sur l&rsquo;entraide et la solidarit\u00e9 en cette p\u00e9riode spirituelle particuli\u00e8rement importante pour les fid\u00e8les musulmans et chr\u00e9tiens. \u00ab\u00a0Nous allons continuer \u00e0 travailler pour les populations de Ziguinchor et pour le d\u00e9veloppement de notre r\u00e9gion\u00a0\u00bb, a-t-elle conclu.<\/p>\n","protected":false},"excerpt":{"rendered":"<p>Dans un \u00e9lan de solidarit\u00e9 marqu\u00e9 par les valeurs de partage du Ramadan et du Car\u00eame, l&rsquo;ancienne ministre Aminata Ang\u00e9lique Manga a organis\u00e9 une importante op\u00e9ration de distribution de repas et de kits alimentaires au profit des populations d\u00e9munies de Ziguinchor. \u00ab\u00a0Nous voulons partager avec les plus d\u00e9munis les b\u00e9n\u00e9dictions de ce mois de Ramadan &hellip;<\/p>\n","protected":false},"author":1,"featured_media":10566,"comment_status":"open","ping_status":"open","sticky":false,"template":"","format":"standard","meta":{"footnotes":""},"categories":[218,219,230],"tags":[],"class_list":["post-10565","post","type-post","status-publish","format-standard","has-post-thumbnail","hentry","category-a-laune","category-actualites","category-sociale"],"_links":{"self":[{"href":"https:\/\/saintlouisnews.sn\/index.php?rest_route=\/wp\/v2\/posts\/10565","targetHints":{"allow":["GET"]}}],"collection":[{"href":"https:\/\/saintlouisnews.sn\/index.php?rest_route=\/wp\/v2\/posts"}],"about":[{"href":"https:\/\/saintlouisnews.sn\/index.php?rest_route=\/wp\/v2\/types\/post"}],"author":[{"embeddable":true,"href":"https:\/\/saintlouisnews.sn\/index.php?rest_route=\/wp\/v2\/users\/1"}],"replies":[{"embeddable":true,"href":"https:\/\/saintlouisnews.sn\/index.php?rest_route=%2Fwp%2Fv2%2Fcomments&post=10565"}],"version-history":[{"count":1,"href":"https:\/\/saintlouisnews.sn\/index.php?rest_route=\/wp\/v2\/posts\/10565\/revisions"}],"predecessor-version":[{"id":10568,"href":"https:\/\/saintlouisnews.sn\/index.php?rest_route=\/wp\/v2\/posts\/10565\/revisions\/10568"}],"wp:featuredmedia":[{"embeddable":true,"href":"https:\/\/saintlouisnews.sn\/index.php?rest_route=\/wp\/v2\/media\/10566"}],"wp:attachment":[{"href":"https:\/\/saintlouisnews.sn\/index.php?rest_route=%2Fwp%2Fv2%2Fmedia&parent=10565"}],"wp:term":[{"taxonomy":"category","embeddable":true,"href":"https:\/\/saintlouisnews.sn\/index.php?rest_route=%2Fwp%2Fv2%2Fcategories&post=10565"},{"taxonomy":"post_tag","embeddable":true,"href":"https:\/\/saintlouisnews.sn\/index.php?rest_route=%2Fwp%2Fv2%2Ftags&post=10565"}],"curies":[{"name":"wp","href":"https:\/\/api.w.org\/{rel}","templated":true}]}}