{"id":1079,"date":"2022-10-20T00:56:08","date_gmt":"2022-10-20T00:56:08","guid":{"rendered":"https:\/\/saintlouisnews.sn\/?p=1079"},"modified":"2022-10-20T00:56:08","modified_gmt":"2022-10-20T00:56:08","slug":"ross-bethio-la-mairie-et-ladev-mobilisent-pres-de-20-millions-pour-fournitures-scolaires","status":"publish","type":"post","link":"https:\/\/saintlouisnews.sn\/?p=1079","title":{"rendered":"Ross-B\u00e9thio : La mairie et l\u2019ADEV mobilisent pr\u00e8s de 20 millions pour fournitures scolaires"},"content":{"rendered":"<div class=\"adn ads\" data-message-id=\"#msg-f:1747162665245681531\" data-legacy-message-id=\"183f2b2feacb277b\">\n<div class=\"gs\">\n<div class=\"\">\n<div id=\":18l\" class=\"ii gt\">\n<div id=\":18k\" class=\"a3s aiL \">\n<div>\n<div>\n<div dir=\"ltr\">\n<div>\n<p><b><i>Ross-B\u00e9thio\u00a0: La mairie et l\u2019ADEV mobilisent pr\u00e8s de 20 millions pour fournitures scolaires<\/i><\/b><\/p>\n<p><b><i>\u00a0<\/i><\/b><\/p>\n<p><b><i>Dix-neuf (19) millions de Fcfa, c\u2019est le montant d\u00e9gag\u00e9 par la mairie de Ross-B\u00e9thio appuy\u00e9 par l\u2019Association pour le D\u00e9veloppement de la Vall\u00e9e (Adev), pour l\u2019achat de fournitures scolaires destin\u00e9es aux \u00e9l\u00e8ves de la commune \u00e9ponyme. Il n\u2019y a pas de distinction. C\u2019est du pr\u00e9scolaire au moyen secondaire ainsi que les Daraas. C\u2019est pour soulager les populations en prenant la scolarit\u00e9 des enfants. Le Directeur de l&rsquo;Administration g\u00e9n\u00e9rale et de l&rsquo;Equipement (Dage) du minist\u00e8re des Collectivit\u00e9s territoriales, du D\u00e9veloppement et de l\u2019Am\u00e9nagement des Territoires\u00a0vient de marquer de fort belle mani\u00e8re son empreinte en ce d\u00e9but d\u2019ann\u00e9e scolaire 2022\/2023. Il va aussi en croisade contre les abris provisoires.<\/i><\/b><\/p>\n<p>C\u2019est un important lot de fournitures remis \u00e0 tous les 11 \u00e9tablissements scolaires. \u00ab Il s\u2019agit de 10 000 cahiers de 200 pages, 10 000 cahiers de 100 pages, 5 000 stylos et du mat\u00e9riel informatique pour l&rsquo;\u00e9quipement des enseignants.\u00a0C\u2019est un acte social qui a pour but d&rsquo;assister la population, soulager les parents d\u2019\u00e9l\u00e8ves ayant pour finalit\u00e9 d&rsquo;\u00eatre aupr\u00e8s de la communaut\u00e9 qui est rest\u00e9e deux ans sans pratiquer leur principale activit\u00e9 qu&rsquo;est la culture du riz. Ce qui a pour cons\u00e9quence de rendre tr\u00e8s difficile\u00a0la prise en charge par les parents de\u00a0 la scolarit\u00e9 des enfants et l&rsquo;acquisition de fournitures. Les \u00e9l\u00e8ves n\u2019ont m\u00eame pas besoin d\u2019acheter de fournitures scolaires\u00a0\u00bb, a estim\u00e9 l\u2019\u00e9dile de Rosso-B\u00e9thio qui a rassur\u00e9 les populations et le corps enseignant. \u00ab\u00a0Sur les 11 \u00e9coles que compte la commune, seules deux sont en abris provisoires\u00a0et seront bient\u00f4t un vieux souvenir, \u00e0 l&rsquo;occasion du budget 2023 et ann\u00e9es suivantes\u00a0\u00bb, a promis le maire qui a fait une r\u00e9alit\u00e9 \u00ab\u00a0le slogan ubi taye-jang taye\u00bb. D\u2019 ailleurs, il a rappel\u00e9 le r\u00f4le \u00e9minemment jou\u00e9 par l&rsquo;Association pour le D\u00e9veloppement de la Vall\u00e9e. \u00abGr\u00e2ce \u00e0 l\u2019appui de l\u2019ADEV, toutes les dispositions n\u00e9cessaires sont prises pour accompagner les collectivit\u00e9s territoriales du d\u00e9partement de\u00a0Dagana, en particulier la commune de Ross Bethio. D\u2019ici 2023, il n\u2019y aura plus d&rsquo;abris provisoires. Ce qui fait partie des priorit\u00e9s de la commune et de l&rsquo;Etat qui\u00a0 a d\u00e9gag\u00e9 d&rsquo;importants moyens financiers et mat\u00e9riels pour relever le niveau de scolarit\u00e9 des enfants et de construction des infrastructures scolaires\u00a0\u00bb, a\u00a0\u00a0signal\u00e9 le maire.<\/p>\n<p>S\u2019agissant des fonds allou\u00e9s aux collectivit\u00e9s territoriales, le maire de Ross Bethio a inform\u00e9 que\u00a0le chef de l&rsquo;Etat a augment\u00e9 5 milliards suppl\u00e9mentaires pour la prise en charge des probl\u00e8mes d&rsquo;\u00e9ducation. Faly SECK a aussi offert un important lot de mat\u00e9riels informatiques pour renforcer la gestion de l\u2019\u00e9ducation. \u00ab\u00a0C\u2019est pour renforcer les enseignements apprentissages au sein des \u00e9tablissements\u00a0\u00bb, a encore dit le maire de Ross-B\u00e9thio dont l\u2019acte a \u00e9t\u00e9 magnifi\u00e9 Samba SY Inspecteur de l&rsquo;Education et de la Formation (Ief) et chef district de Ross Bethio- Gnith.<\/p>\n<p><b><i>Samba SY IEF, \u00ab\u00a0Le maire a respect\u00e9 ses engagements\u00a0\u00bb<\/i><\/b><\/p>\n<p>Pour Samba SY, cette \u0153uvre humanitaire du maire est un ouf de soulagement pour les \u00e9l\u00e8ves, le corps enseignant et les parents d&rsquo;\u00e9l\u00e8ves de Ross Bethio. \u00ab\u00a0Nous remercions le maire et son association ADEV qui sont venus \u00e0 l\u2019heure. A Ross-B\u00e9thio, je dois dire que l\u2019engagement que le maire avait pris lors du CLD et CDD, a \u00e9t\u00e9 bien respect\u00e9. C\u2019est un appui qui s\u2019est r\u00e9percut\u00e9 sur les performances des \u00e9l\u00e8ves. L\u2019\u00e9quipe municipale a mis les moyens pour accompagner les \u00e9l\u00e8ves \u00e0 avoir de bons r\u00e9sultats\u00a0\u00bb, a soulign\u00e9 M. SY pour qui \u00ab\u00a0cet exemple doit faire t\u00e2che d\u2019huile dans le d\u00e9partement de Dagana.<\/p>\n<p>A signaler que les r\u00e9sultats des diff\u00e9rents examens du district ont \u00e9t\u00e9 probants. Sur les onze (11) \u00e9coles,\u00a0\u00a0les huit (8) ont un taux de r\u00e9ussite sup\u00e9rieure \u00e0 la moyenne nationale, avec plus de 75 %.<\/p>\n<p>La population tr\u00e8s soulag\u00e9e a adress\u00e9 ses vifs remerciements au maire Faly SECK qui a encore tir\u00e9 son \u00e9pingle du jeu.<\/p>\n<\/div>\n<div class=\"yj6qo\"><\/div>\n<div class=\"adL\"><\/div>\n<\/div>\n<\/div>\n<\/div>\n<\/div>\n<\/div>\n<div class=\"hi\"><\/div>\n<\/div>\n<\/div>\n<div class=\"ajx\"><\/div>\n<\/div>\n<div class=\"gA gt acV\">\n<div class=\"gB xu\">\n<div class=\"ip iq\"><img loading=\"lazy\" decoding=\"async\" class=\"alignnone size-medium wp-image-1080\" src=\"https:\/\/saintlouisnews.sn\/news\/wp-content\/uploads\/2022\/10\/IMG_1799-300x200.jpg\" alt=\"\" width=\"300\" height=\"200\" \/> <img loading=\"lazy\" decoding=\"async\" class=\"alignnone size-medium wp-image-1081\" src=\"https:\/\/saintlouisnews.sn\/wp-content\/uploads\/2022\/10\/IMG_1845-200x300.jpg\" alt=\"\" width=\"200\" height=\"300\" \/> <img loading=\"lazy\" decoding=\"async\" class=\"alignnone size-medium wp-image-1082\" src=\"https:\/\/saintlouisnews.sn\/news\/wp-content\/uploads\/2022\/10\/IMG_1846-300x200.jpg\" alt=\"\" width=\"300\" height=\"200\" \/> <img loading=\"lazy\" decoding=\"async\" class=\"alignnone size-medium wp-image-1083\" src=\"https:\/\/saintlouisnews.sn\/news\/wp-content\/uploads\/2022\/10\/IMG_1847-300x200.jpg\" alt=\"\" width=\"300\" height=\"200\" \/> <img loading=\"lazy\" decoding=\"async\" class=\"alignnone size-medium wp-image-1084\" src=\"https:\/\/saintlouisnews.sn\/news\/wp-content\/uploads\/2022\/10\/IMG_1849-300x200.jpg\" alt=\"\" width=\"300\" height=\"200\" \/> <img loading=\"lazy\" decoding=\"async\" class=\"alignnone size-medium wp-image-1085\" src=\"https:\/\/saintlouisnews.sn\/news\/wp-content\/uploads\/2022\/10\/IMG_1864-300x200.jpg\" alt=\"\" width=\"300\" height=\"200\" \/> <img loading=\"lazy\" decoding=\"async\" class=\"alignnone size-medium wp-image-1086\" src=\"https:\/\/saintlouisnews.sn\/news\/wp-content\/uploads\/2022\/10\/IMG_1866-300x200.jpg\" alt=\"\" width=\"300\" height=\"200\" \/><\/div>\n<\/div>\n<\/div>\n","protected":false},"excerpt":{"rendered":"<p>Ross-B\u00e9thio\u00a0: La mairie et l\u2019ADEV mobilisent pr\u00e8s de 20 millions pour fournitures scolaires \u00a0 Dix-neuf (19) millions de Fcfa, c\u2019est le montant d\u00e9gag\u00e9 par la mairie de Ross-B\u00e9thio appuy\u00e9 par l\u2019Association pour le D\u00e9veloppement de la Vall\u00e9e (Adev), pour l\u2019achat de fournitures scolaires destin\u00e9es aux \u00e9l\u00e8ves de la commune \u00e9ponyme. Il n\u2019y a pas de &hellip;<\/p>\n","protected":false},"author":1,"featured_media":1087,"comment_status":"open","ping_status":"open","sticky":false,"template":"","format":"standard","meta":{"footnotes":""},"categories":[230],"tags":[],"class_list":["post-1079","post","type-post","status-publish","format-standard","has-post-thumbnail","hentry","category-sociale"],"_links":{"self":[{"href":"https:\/\/saintlouisnews.sn\/index.php?rest_route=\/wp\/v2\/posts\/1079","targetHints":{"allow":["GET"]}}],"collection":[{"href":"https:\/\/saintlouisnews.sn\/index.php?rest_route=\/wp\/v2\/posts"}],"about":[{"href":"https:\/\/saintlouisnews.sn\/index.php?rest_route=\/wp\/v2\/types\/post"}],"author":[{"embeddable":true,"href":"https:\/\/saintlouisnews.sn\/index.php?rest_route=\/wp\/v2\/users\/1"}],"replies":[{"embeddable":true,"href":"https:\/\/saintlouisnews.sn\/index.php?rest_route=%2Fwp%2Fv2%2Fcomments&post=1079"}],"version-history":[{"count":0,"href":"https:\/\/saintlouisnews.sn\/index.php?rest_route=\/wp\/v2\/posts\/1079\/revisions"}],"wp:featuredmedia":[{"embeddable":true,"href":"https:\/\/saintlouisnews.sn\/index.php?rest_route=\/wp\/v2\/media\/1087"}],"wp:attachment":[{"href":"https:\/\/saintlouisnews.sn\/index.php?rest_route=%2Fwp%2Fv2%2Fmedia&parent=1079"}],"wp:term":[{"taxonomy":"category","embeddable":true,"href":"https:\/\/saintlouisnews.sn\/index.php?rest_route=%2Fwp%2Fv2%2Fcategories&post=1079"},{"taxonomy":"post_tag","embeddable":true,"href":"https:\/\/saintlouisnews.sn\/index.php?rest_route=%2Fwp%2Fv2%2Ftags&post=1079"}],"curies":[{"name":"wp","href":"https:\/\/api.w.org\/{rel}","templated":true}]}}