{"id":10797,"date":"2026-04-25T18:42:06","date_gmt":"2026-04-25T18:42:06","guid":{"rendered":"https:\/\/saintlouisnews.sn\/?p=10797"},"modified":"2026-04-25T18:42:07","modified_gmt":"2026-04-25T18:42:07","slug":"autoroute-mbour-fatick-kaolack-le-troncon-mbour-thiadiaye-ouvert-a-la-circulation-des-ce-29-avril","status":"publish","type":"post","link":"https:\/\/saintlouisnews.sn\/?p=10797","title":{"rendered":"AUTOROUTE MBOUR-FATICK-KAOLACK : LE TRON\u00c7ON M\u2019BOUR-THIADIAYE OUVERT \u00c0 LA CIRCULATION D\u00c8S CE 29 AVRIL"},"content":{"rendered":"\n<p><strong><em>Sur instruction du Pr\u00e9sident de la R\u00e9publique, le minist\u00e8re des Transports terrestres et celui des Infrastructures annoncent l\u2019ouverture du tron\u00e7on M\u2019bour-Thiadiaye de l\u2019autoroute \u00e0 p\u00e9age Mbour-Fatick-Kaolack. Rendez-vous est pris pour le mercredi 29 avril 2026 \u00e0 partir de 08h00. Les usagers sont appel\u00e9s \u00e0 la prudence et au respect strict du Code de la route.<\/em><\/strong><\/p>\n\n\n\n<p>C\u2019est officiel. Le tron\u00e7on M\u2019bour\u2013Thiadiaye de la future autoroute \u00e0 p\u00e9age Mbour-Fatick-Kaolack sera mis en service ce mercredi 29 avril 2026 \u00e0 08h00.<\/p>\n\n\n\n<p>L\u2019annonce a \u00e9t\u00e9 faite dans un communiqu\u00e9 conjoint sign\u00e9 par le minist\u00e8re des Transports terrestres et a\u00e9riens (MITTA) et celui des Infrastructures. La d\u00e9cision fait suite \u00ab \u00e0 l\u2019instruction du Pr\u00e9sident de la R\u00e9publique \u00e0 l\u2019occasion du Conseil des Ministres du 8 avril 2026 et sous la conduite du Premier Ministre \u00bb.<\/p>\n\n\n\n<p><strong><em>Un maillon cl\u00e9 de l\u2019autoroute du centre<\/em><\/strong><\/p>\n\n\n\n<p>Le tron\u00e7on M\u2019bour-Thiadiaye constitue une \u00e9tape majeure de l\u2019autoroute \u00e0 p\u00e9age Mbour- Fatick- Kaolack. Sa mise en service doit fluidifier le trafic sur la RN1, r\u00e9duire les temps de parcours et d\u00e9sengorger les localit\u00e9s travers\u00e9es. Pour les transporteurs et les usagers, c\u2019est la promesse d\u2019un gain de temps et de s\u00e9curit\u00e9 sur l\u2019axe Dakar-Kaolack.<\/p>\n\n\n\n<p><strong><em>Appel \u00e0 la vigilance des usagers<\/em><\/strong><\/p>\n\n\n\n<p>\u00ab \u00c0 cet effet, les usagers de la route sont invit\u00e9s au respect scrupuleux des r\u00e8gles du Code de la route \u00bb, insiste le communiqu\u00e9. Exc\u00e8s de vitesse, d\u00e9passements dangereux et comportements \u00e0 risque seront surveill\u00e9s d\u00e8s l\u2019ouverture.<\/p>\n\n\n\n<p><em><strong>Dispositif s\u00e9curitaire activ\u00e9<\/strong><\/em><\/p>\n\n\n\n<p>Le Gouverneur de la r\u00e9gion de Thi\u00e8s, \u00ab en relation avec l\u2019AGEROUTE S\u00e9n\u00e9gal et la Soci\u00e9t\u00e9 des Autoroutes du S\u00e9n\u00e9gal (ADS) \u00bb, est charg\u00e9 de \u00ab prendre toutes les dispositions n\u00e9cessaires afin d\u2019assurer une circulation fluide et s\u00e9curis\u00e9e des personnes et des biens \u00bb.<\/p>\n\n\n\n<p>Avec cette ouverture, l\u2019\u00c9tat poursuit le maillage autoroutier du pays et acc\u00e9l\u00e8re le d\u00e9senclavement du bassin arachidier. Prochaine \u00e9tape attendue : les tron\u00e7ons Thiadiaye-Fatick et Fatick-Kaolack.<\/p>\n","protected":false},"excerpt":{"rendered":"<p>Sur instruction du Pr\u00e9sident de la R\u00e9publique, le minist\u00e8re des Transports terrestres et celui des Infrastructures annoncent l\u2019ouverture du tron\u00e7on M\u2019bour-Thiadiaye de l\u2019autoroute \u00e0 p\u00e9age Mbour-Fatick-Kaolack. Rendez-vous est pris pour le mercredi 29 avril 2026 \u00e0 partir de 08h00. Les usagers sont appel\u00e9s \u00e0 la prudence et au respect strict du Code de la route. &hellip;<\/p>\n","protected":false},"author":1,"featured_media":10761,"comment_status":"open","ping_status":"open","sticky":false,"template":"","format":"standard","meta":{"footnotes":""},"categories":[218,219,231],"tags":[],"class_list":["post-10797","post","type-post","status-publish","format-standard","has-post-thumbnail","hentry","category-a-laune","category-actualites","category-societe"],"_links":{"self":[{"href":"https:\/\/saintlouisnews.sn\/index.php?rest_route=\/wp\/v2\/posts\/10797","targetHints":{"allow":["GET"]}}],"collection":[{"href":"https:\/\/saintlouisnews.sn\/index.php?rest_route=\/wp\/v2\/posts"}],"about":[{"href":"https:\/\/saintlouisnews.sn\/index.php?rest_route=\/wp\/v2\/types\/post"}],"author":[{"embeddable":true,"href":"https:\/\/saintlouisnews.sn\/index.php?rest_route=\/wp\/v2\/users\/1"}],"replies":[{"embeddable":true,"href":"https:\/\/saintlouisnews.sn\/index.php?rest_route=%2Fwp%2Fv2%2Fcomments&post=10797"}],"version-history":[{"count":1,"href":"https:\/\/saintlouisnews.sn\/index.php?rest_route=\/wp\/v2\/posts\/10797\/revisions"}],"predecessor-version":[{"id":10798,"href":"https:\/\/saintlouisnews.sn\/index.php?rest_route=\/wp\/v2\/posts\/10797\/revisions\/10798"}],"wp:featuredmedia":[{"embeddable":true,"href":"https:\/\/saintlouisnews.sn\/index.php?rest_route=\/wp\/v2\/media\/10761"}],"wp:attachment":[{"href":"https:\/\/saintlouisnews.sn\/index.php?rest_route=%2Fwp%2Fv2%2Fmedia&parent=10797"}],"wp:term":[{"taxonomy":"category","embeddable":true,"href":"https:\/\/saintlouisnews.sn\/index.php?rest_route=%2Fwp%2Fv2%2Fcategories&post=10797"},{"taxonomy":"post_tag","embeddable":true,"href":"https:\/\/saintlouisnews.sn\/index.php?rest_route=%2Fwp%2Fv2%2Ftags&post=10797"}],"curies":[{"name":"wp","href":"https:\/\/api.w.org\/{rel}","templated":true}]}}