{"id":10804,"date":"2026-04-27T09:29:07","date_gmt":"2026-04-27T09:29:07","guid":{"rendered":"https:\/\/saintlouisnews.sn\/?p=10804"},"modified":"2026-04-27T09:29:08","modified_gmt":"2026-04-27T09:29:08","slug":"presidentielle-2026-a-sao-tome-et-principe-lunion-africaine-choisit-madicke-niang-pour-une-mission","status":"publish","type":"post","link":"https:\/\/saintlouisnews.sn\/?p=10804","title":{"rendered":"Pr\u00e9sidentielle 2026 \u00e0 Sao Tom\u00e9-et-Principe : L\u2019Union Africaine choisit Madick\u00e9 Niang pour une mission"},"content":{"rendered":"\n<p><strong>L\u2019ancien chef de la diplomatie s\u00e9n\u00e9galaise, Ma\u00eetre Madick\u00e9 Niang, a \u00e9t\u00e9 d\u00e9sign\u00e9 par l\u2019Union africaine (UA) pour conduire une mission d\u2019\u00e9valuation pr\u00e9\u00e9lectorale \u00e0 Sao Tom\u00e9-et-Principe. Cette mission, qui a d\u00e9but\u00e9 ce 26 avril, s\u2019inscrit dans la volont\u00e9 de l\u2019organisation continentale de garantir des scrutins transparents et apais\u00e9s en 2026.<\/strong><\/p>\n\n\n\n<p>C\u2019est un retour sur la sc\u00e8ne diplomatique continentale pour Ma\u00eetre Madick\u00e9 Niang. L\u2019ancien Ministre des Affaires \u00e9trang\u00e8res du S\u00e9n\u00e9gal a quitt\u00e9 Dakar ce week-end pour rallier Sao Tom\u00e9 via Lisbonne. Sa mission : piloter une d\u00e9l\u00e9gation de haut niveau charg\u00e9e d\u2019\u00e9valuer les besoins techniques et les dispositifs s\u00e9curitaires en vue de l\u2019\u00e9lection pr\u00e9sidentielle santom\u00e9enne pr\u00e9vue en juillet 2026.<\/p>\n\n\n\n<p><strong><em>Un gage de cr\u00e9dibilit\u00e9 pour l&rsquo;UA<\/em><\/strong><\/p>\n\n\n\n<p>Le choix de Madick\u00e9 Niang ne doit rien au hasard. En jetant son d\u00e9volu sur ce juriste chevronn\u00e9, ancien Garde des Sceaux et candidat \u00e0 la pr\u00e9sidentielle de 2019, le D\u00e9partement des affaires politiques, de la paix et de la s\u00e9curit\u00e9 de l\u2019UA mise sur une expertise pluridimensionnelle.<\/p>\n\n\n\n<p>L\u2019objectif est clair : accompagner les autorit\u00e9s de Sao Tom\u00e9-et-Principe dans la mise en place d\u2019un processus \u00e9lectoral cr\u00e9dible. Entre le 26 avril et le 2 mai, la d\u00e9l\u00e9gation rencontrera les acteurs cl\u00e9s du pays pour identifier les zones de fragilit\u00e9 et renforcer la s\u00e9r\u00e9nit\u00e9 des pr\u00e9paratifs.<\/p>\n\n\n\n<p><strong><em>Une mission de \u00ab\u00a0dignit\u00e9 et responsabilit\u00e9\u00a0\u00bb<\/em><\/strong><\/p>\n\n\n\n<p>Conform\u00e9ment aux usages diplomatiques, Ma\u00eetre Madick\u00e9 Niang a tenu \u00e0 informer les plus hautes autorit\u00e9s s\u00e9n\u00e9galaises \u2014 le Pr\u00e9sident de la R\u00e9publique, le Premier ministre ainsi que le Ministre de l&rsquo;Int\u00e9gration africaine et des Affaires \u00e9trang\u00e8res \u2014 avant son d\u00e9part.<\/p>\n\n\n\n<p>Dans un communiqu\u00e9, l&rsquo;ancien ministre a exprim\u00e9 sa d\u00e9termination \u00e0 repr\u00e9senter avec \u00ab dignit\u00e9 et responsabilit\u00e9 \u00bb l\u2019Union africaine et le S\u00e9n\u00e9gal. Conscient des enjeux de stabilit\u00e9 que repr\u00e9sentent les \u00e9lections sur le continent, il a \u00e9galement sollicit\u00e9 les pri\u00e8res de ses concitoyens pour le succ\u00e8s de cette m\u00e9diation technique de premier plan.<\/p>\n\n\n\n<p>Par cette mission, le S\u00e9n\u00e9gal r\u00e9affirme, \u00e0 travers l&rsquo;un de ses diplomates les plus exp\u00e9riment\u00e9s, son r\u00f4le pivot dans la promotion de la d\u00e9mocratie et de la paix en Afrique.<\/p>\n","protected":false},"excerpt":{"rendered":"<p>L\u2019ancien chef de la diplomatie s\u00e9n\u00e9galaise, Ma\u00eetre Madick\u00e9 Niang, a \u00e9t\u00e9 d\u00e9sign\u00e9 par l\u2019Union africaine (UA) pour conduire une mission d\u2019\u00e9valuation pr\u00e9\u00e9lectorale \u00e0 Sao Tom\u00e9-et-Principe. Cette mission, qui a d\u00e9but\u00e9 ce 26 avril, s\u2019inscrit dans la volont\u00e9 de l\u2019organisation continentale de garantir des scrutins transparents et apais\u00e9s en 2026. C\u2019est un retour sur la sc\u00e8ne &hellip;<\/p>\n","protected":false},"author":1,"featured_media":10805,"comment_status":"open","ping_status":"open","sticky":false,"template":"","format":"standard","meta":{"footnotes":""},"categories":[218,219,228],"tags":[],"class_list":["post-10804","post","type-post","status-publish","format-standard","has-post-thumbnail","hentry","category-a-laune","category-actualites","category-politique"],"_links":{"self":[{"href":"https:\/\/saintlouisnews.sn\/index.php?rest_route=\/wp\/v2\/posts\/10804","targetHints":{"allow":["GET"]}}],"collection":[{"href":"https:\/\/saintlouisnews.sn\/index.php?rest_route=\/wp\/v2\/posts"}],"about":[{"href":"https:\/\/saintlouisnews.sn\/index.php?rest_route=\/wp\/v2\/types\/post"}],"author":[{"embeddable":true,"href":"https:\/\/saintlouisnews.sn\/index.php?rest_route=\/wp\/v2\/users\/1"}],"replies":[{"embeddable":true,"href":"https:\/\/saintlouisnews.sn\/index.php?rest_route=%2Fwp%2Fv2%2Fcomments&post=10804"}],"version-history":[{"count":1,"href":"https:\/\/saintlouisnews.sn\/index.php?rest_route=\/wp\/v2\/posts\/10804\/revisions"}],"predecessor-version":[{"id":10806,"href":"https:\/\/saintlouisnews.sn\/index.php?rest_route=\/wp\/v2\/posts\/10804\/revisions\/10806"}],"wp:featuredmedia":[{"embeddable":true,"href":"https:\/\/saintlouisnews.sn\/index.php?rest_route=\/wp\/v2\/media\/10805"}],"wp:attachment":[{"href":"https:\/\/saintlouisnews.sn\/index.php?rest_route=%2Fwp%2Fv2%2Fmedia&parent=10804"}],"wp:term":[{"taxonomy":"category","embeddable":true,"href":"https:\/\/saintlouisnews.sn\/index.php?rest_route=%2Fwp%2Fv2%2Fcategories&post=10804"},{"taxonomy":"post_tag","embeddable":true,"href":"https:\/\/saintlouisnews.sn\/index.php?rest_route=%2Fwp%2Fv2%2Ftags&post=10804"}],"curies":[{"name":"wp","href":"https:\/\/api.w.org\/{rel}","templated":true}]}}