{"id":10807,"date":"2026-04-27T09:45:57","date_gmt":"2026-04-27T09:45:57","guid":{"rendered":"https:\/\/saintlouisnews.sn\/?p=10807"},"modified":"2026-04-27T12:49:41","modified_gmt":"2026-04-27T12:49:41","slug":"journee-des-talibes-2026-a-saint-louis-lassociation-u2pf-au-chevet-des-daaras","status":"publish","type":"post","link":"https:\/\/saintlouisnews.sn\/?p=10807","title":{"rendered":"JOURN\u00c9E DES TALIB\u00c9S 2026 \u00c0 SAINT-LOUIS : L\u2019ASSOCIATION U2PF AU CHEVET DES DAARAS"},"content":{"rendered":"\n<p><em><strong>Nattes, seaux, bouilloires, d\u00e9tergents\u2026 Trois daaras de Saint-Louis ont re\u00e7u un important lot de mat\u00e9riel d\u2019hygi\u00e8ne ce samedi, lors de la comm\u00e9moration de la Journ\u00e9e des Talib\u00e9s organis\u00e9e par l\u2019U2PF. Une cha\u00eene de solidarit\u00e9 port\u00e9e par des m\u00e9c\u00e8nes de tous bords et salu\u00e9e par les ma\u00eetres coraniques.<\/strong><\/em><\/p>\n\n\n\n<p>\u00ab Apprendre le Coran dans la propret\u00e9 fait partie du respect accord\u00e9 \u00e0 l\u2019enfant \u00bb. Les mots de Gora S\u00e9ye, pr\u00e9sident de l\u2019association Unis pour la Promotion et la Protection de la Famille (U2PF), ont donn\u00e9 le ton de la Journ\u00e9e des Talib\u00e9s organis\u00e9e ce dimanche \u00e0 Saint-Louis (ndlr: la journ\u00e9e a \u00e9t\u00e9 c\u00e9l\u00e9br\u00e9e le 20 Avril mais d\u00e9cal\u00e9e d&rsquo;une semaine par l&rsquo;association U2PF).<\/p>\n\n\n\n<p>Pour am\u00e9liorer les conditions de vie des pensionnaires, l\u2019U2PF a dot\u00e9 trois daaras de nattes, serpill\u00e8res, seaux, produits d\u00e9tergents, balais, bouilloires et bassines. \u00ab Le Talib\u00e9 a besoin de prier ou dormir dans un endroit propre d\u2019o\u00f9 les bouilloires pour ablutions, les nattes, produits d\u00e9tergents et serpill\u00e8res pour l&rsquo;hygi\u00e8ne et la salubrit\u00e9 des daaras et espaces de vie. Ils doivent aussi boire, se laver et laver leur linge d\u2019o\u00f9 les bassines, les pots et les seaux. Donc, nous pensons que le mat\u00e9riel leur sera tr\u00e8s utile \u00bb, a expliqu\u00e9 M. S\u00e9ye.<\/p>\n\n\n\n<p><strong><em>Une mobilisation exceptionnelle de m\u00e9c\u00e8nes<\/em><\/strong><\/p>\n\n\n\n<p>\u00ab Cet \u00e9lan de solidarit\u00e9 a \u00e9t\u00e9 possible gr\u00e2ce \u00e0 l\u2019accompagnement des membres de l\u2019association et des m\u00e9c\u00e8nes \u00bb, souligne M. S\u00c9YE. La liste traduit l\u2019ampleur de la mobilisation : D\u00e9thi\u00e9 Fall Ministre des Infrastructures, Ibrahima Diagne Directeur r\u00e9gional AGEROUTE Nord, Babacar Sadikh Diouf D\u00e9l\u00e9gu\u00e9 r\u00e9gional de la SONAGED de Saint-Louis, Mme Fatou Gu\u00e9ye de Me Alioune Abatallib Gu\u00e9ye marraine, Assane Datt Directeur r\u00e9gional de THETAPHARM (S\u00e9n\u00e9gal\/Guin\u00e9e) de la France,  Pr Aly Tandian sociologue, pr\u00e9sident du Laboratoire GERM de l\u2019UGB, Mback\u00e9 Fall op\u00e9rateur \u00e9conomique, Cheikh Ndiaye pr\u00e9sident des commer\u00e7ants, Abdoulaye Pouye chef d\u2019entreprise, Khady Faye et famille, Ahmed Dia pr\u00e9sident du Conseil de quartier L\u00e9ona\/HLM, membre d\u2019honneur de l&rsquo;association. \u00ab Ils ont activement particip\u00e9 \u00e0 la r\u00e9ussite de cette journ\u00e9e inscrite dans l\u2019agenda des grands rendez-vous de l\u2019association U2PF \u00bb, s\u2019est f\u00e9licit\u00e9 Gora S\u00e9ye.<\/p>\n\n\n\n<p><strong><em>\u00ab La propret\u00e9 fait partie de la foi \u00bb<\/em><\/strong><\/p>\n\n\n\n<p>Pour le pr\u00e9sident de l\u2019U2PF, l\u2019action puise sa source dans les enseignements religieux. \u00ab Accompagner les daaras en les dotant de mat\u00e9riels est noble. Le proph\u00e8te Mouhamed (PSL) nous disait : \u00ab\u00a0La propret\u00e9 fait partie de la foi\u00a0\u00bb \u00bb, a-t-il rappel\u00e9 avant de rappeler \u00abC&rsquo;est pourquoi les membres de cette association, pr\u00e9sente pour le bien-\u00eatre des populations, entendent jouer r\u00e9guli\u00e8rement leur partition \u00bb, a-t-il ajout\u00e9.<\/p>\n\n\n\n<p><strong><em>Hommage aux Serigne Daara et appel \u00e0 aller plus loin<\/em><\/strong><\/p>\n\n\n\n<p>Gora S\u00e9ye a salu\u00e9 la mission noble et difficile des Serigne Daaras et des Oustaz. \u00ab En vous appuyant dans l\u2019hygi\u00e8ne et l&rsquo;am\u00e9lioration du cadre de vie, nous voulons all\u00e9ger vos charges pour que vous vous concentriez mieux sur l\u2019essentiel, \u00e0 savoir l\u2019\u00e9ducation islamique, l&rsquo;apprentissage du coran et la Tarbiya \u00bb, a-t-il d\u00e9clar\u00e9.<\/p>\n\n\n\n<p>Refusant que l\u2019action soit ponctuelle, le travailleur social a lanc\u00e9 un appel solennel aux autorit\u00e9s, aux collectivit\u00e9s et aux bonnes volont\u00e9s \u00e0 rejoindre cet \u00e9lan de solidarit\u00e9. \u00ab Prot\u00e9ger le Talib\u00e9, c\u2019est prot\u00e9ger l&rsquo;Enfant et la famille, c\u2019est aussi prot\u00e9ger ce que le S\u00e9n\u00e9gal a de plus pr\u00e9cieux\u00bb, a-t-il signal\u00e9.<\/p>\n\n\n\n<p>Selon lui, pour avoir une soci\u00e9t\u00e9 juste, \u00ab nous devons garantir aux talib\u00e9s la dignit\u00e9, l&rsquo;hygi\u00e8ne et des conditions d\u2019apprentissage d\u00e9centes afin de lutter contre la mendicit\u00e9 et la violence sous toutes ses formes \u00bb.<\/p>\n\n\n\n<p><strong><em>Le soulagement des ma\u00eetres coraniques<\/em><\/strong><\/p>\n\n\n\n<p>Au c\u0153ur de cette journ\u00e9e, les b\u00e9n\u00e9ficiaires ont exprim\u00e9 leur gratitude. Pour Cheikh Tidiane Datt, responsable du daara Thierno Moussa Datt de Diaminar, ce geste vient all\u00e9ger un fardeau quotidien : \u00ab Nous remercions l&rsquo;association U2PF pour cette consid\u00e9ration. Recevoir ce mat\u00e9riel nous permet de maintenir un environnement sain, essentiel \u00e0 l&rsquo;\u00e9panouissement de nos \u00e9l\u00e8ves. Ce n&rsquo;est pas le premier geste de cette entit\u00e9 qui \u0153uvre pour l&rsquo;am\u00e9lioration des conditions d&rsquo;\u00e9tudes des enfants\u00bb<\/p>\n\n\n\n<p>M\u00eame sentiment de soulagement chez Mouhamed Diop, du daara Cheikh Mouhamadou Bamba Diop de L\u00e9ona, qui souligne l&rsquo;importance du mat\u00e9riel de nettoyage: \u00ab L&rsquo;hygi\u00e8ne est souvent le parent pauvre de nos structures par manque de moyens. Ce don est une reconnaissance de notre mission noble mais difficile. Nous magnifions ce geste qui vient \u00e0 son heure\u00bb.<\/p>\n\n\n\n<p>Enfin, Mokhsine Diop, \u00e0 la t\u00eate du complexe Abdoul Wahab Diop de Balacoss, a insist\u00e9 sur l&rsquo;impact psychologique pour les enfants : \u00ab Dormir sur des nattes neuves et disposer d&rsquo;un cadre propre redonne de l&rsquo;espoir et de la dignit\u00e9 aux talib\u00e9s. C&rsquo;est un soutien pr\u00e9cieux pour leur Tarbiya (\u00e9ducation). \u00bb<\/p>\n\n\n\n<p><strong><em>L\u2019alerte de l\u2019Inspecteur Sow : \u00ab L\u2019urgence est totale \u00bb<\/em><\/strong><\/p>\n\n\n\n<p>Mamadou Lamine Sow, Inspecteur de l\u2019\u00c9ducation surveill\u00e9e \u00e0 la retraite et membre de l&rsquo;association, a saisi l\u2019occasion pour alerter. \u00ab Il faut renforcer la protection des enfants pour les \u00e9pargner de la maltraitance et des actes d\u00e9gradants. Il faut des mesures de sauvegarde et de protection \u00e0 l\u2019endroit des enfants talib\u00e9s parce qu\u2019ils sont souvent victimes de toutes les formes d\u2019exploitation \u00bb, a-t-il averti.<\/p>\n\n\n\n<p>S\u2019il reconna\u00eet que \u00ab l\u2019arsenal juridique existe \u00bb, il pointe \u00ab l\u2019application des textes et la prise de conscience collective \u00bb comme principaux d\u00e9fis. Il a plaid\u00e9 pour \u00ab une synergie entre l\u2019\u00c9tat, les collectivit\u00e9s, les daaras et la soci\u00e9t\u00e9 civile afin d\u2019enrayer cette spirale qui ab\u00eeme l\u2019image du pays et compromet l\u2019avenir de milliers d\u2019enfants \u00bb.<\/p>\n\n\n\n<p>Entre don de mat\u00e9riel, plaidoyer et remerciements, comm\u00e9moration de la Journ\u00e9e des Talib\u00e9s par l\u2019U2PF s\u2019impose comme \u00ab le d\u00e9but d\u2019un bel \u00e9lan de solidarit\u00e9 \u00bb, selon Gora S\u00e9ye. Reste \u00e0 le transformer en politique durable.<\/p>\n\n\n\n<p><\/p>\n","protected":false},"excerpt":{"rendered":"<p>Nattes, seaux, bouilloires, d\u00e9tergents\u2026 Trois daaras de Saint-Louis ont re\u00e7u un important lot de mat\u00e9riel d\u2019hygi\u00e8ne ce samedi, lors de la comm\u00e9moration de la Journ\u00e9e des Talib\u00e9s organis\u00e9e par l\u2019U2PF. Une cha\u00eene de solidarit\u00e9 port\u00e9e par des m\u00e9c\u00e8nes de tous bords et salu\u00e9e par les ma\u00eetres coraniques. \u00ab Apprendre le Coran dans la propret\u00e9 fait &hellip;<\/p>\n","protected":false},"author":1,"featured_media":10808,"comment_status":"open","ping_status":"open","sticky":false,"template":"","format":"standard","meta":{"footnotes":""},"categories":[218,219,231],"tags":[],"class_list":["post-10807","post","type-post","status-publish","format-standard","has-post-thumbnail","hentry","category-a-laune","category-actualites","category-societe"],"_links":{"self":[{"href":"https:\/\/saintlouisnews.sn\/index.php?rest_route=\/wp\/v2\/posts\/10807","targetHints":{"allow":["GET"]}}],"collection":[{"href":"https:\/\/saintlouisnews.sn\/index.php?rest_route=\/wp\/v2\/posts"}],"about":[{"href":"https:\/\/saintlouisnews.sn\/index.php?rest_route=\/wp\/v2\/types\/post"}],"author":[{"embeddable":true,"href":"https:\/\/saintlouisnews.sn\/index.php?rest_route=\/wp\/v2\/users\/1"}],"replies":[{"embeddable":true,"href":"https:\/\/saintlouisnews.sn\/index.php?rest_route=%2Fwp%2Fv2%2Fcomments&post=10807"}],"version-history":[{"count":3,"href":"https:\/\/saintlouisnews.sn\/index.php?rest_route=\/wp\/v2\/posts\/10807\/revisions"}],"predecessor-version":[{"id":10812,"href":"https:\/\/saintlouisnews.sn\/index.php?rest_route=\/wp\/v2\/posts\/10807\/revisions\/10812"}],"wp:featuredmedia":[{"embeddable":true,"href":"https:\/\/saintlouisnews.sn\/index.php?rest_route=\/wp\/v2\/media\/10808"}],"wp:attachment":[{"href":"https:\/\/saintlouisnews.sn\/index.php?rest_route=%2Fwp%2Fv2%2Fmedia&parent=10807"}],"wp:term":[{"taxonomy":"category","embeddable":true,"href":"https:\/\/saintlouisnews.sn\/index.php?rest_route=%2Fwp%2Fv2%2Fcategories&post=10807"},{"taxonomy":"post_tag","embeddable":true,"href":"https:\/\/saintlouisnews.sn\/index.php?rest_route=%2Fwp%2Fv2%2Ftags&post=10807"}],"curies":[{"name":"wp","href":"https:\/\/api.w.org\/{rel}","templated":true}]}}