{"id":1089,"date":"2022-10-20T01:11:04","date_gmt":"2022-10-20T01:11:04","guid":{"rendered":"https:\/\/saintlouisnews.sn\/?p=1089"},"modified":"2022-10-20T01:11:04","modified_gmt":"2022-10-20T01:11:04","slug":"la-commune-de-ross-bethio-sera-dotee-de-lycee-ce-vendredi","status":"publish","type":"post","link":"https:\/\/saintlouisnews.sn\/?p=1089","title":{"rendered":"La commune de Ross Bethio sera dot\u00e9e de lyc\u00e9e ce vendredi"},"content":{"rendered":"<p><b><i>La commune de Ross Bethio sera dot\u00e9e de lyc\u00e9e ce\u00a0vendredi<\/i><\/b><\/p>\n<p><b><i>En marge de la c\u00e9r\u00e9monie de remises de kits de fournitures scolaires, le maire de la commune de Ross-B\u00e9thio a fait un tour du c\u00f4t\u00e9 du nouveau lyc\u00e9e pour s\u2019enqu\u00e9rir de l\u2019\u00e9tat d\u2019avancement des travaux. Sorti ragaillardi, Faly SECK r\u00e9v\u00e8le que sa commune sera dot\u00e9e d&rsquo;un lyc\u00e9e capable d&rsquo;accueillir environ huit-cents (800) \u00e9l\u00e8ves. C&rsquo;est une autre aubaine pour les populations de l&rsquo;arrondissement de Ndiaye.<\/i><\/b><\/p>\n<p>\u00ab\u00a0Ce lyc\u00e9e va permettre aux \u00e9l\u00e8ves de la commune et de l&rsquo;arrondissement de Ndiaye de rester dans leurs localit\u00e9s et \u00e9tudier. L&rsquo;\u00e9rection de ce lyc\u00e9e va d\u00e9sormais permettre aux \u00e9l\u00e8ves de ne plus parcourir plus de 50 kilom\u00e8tre pour aller \u00e9tudier ailleurs \u00e0 Saint-Louis, \u00e0 Richard-Toll ou \u00e0 Dagana. Il est venu \u00e0 son heure\u00a0\u00bb. Ces propos sont de Faly SECK maire de la commune de Ross-B\u00e9thio. Pour lui, c\u2019est une \u00ab\u00a0vieille dol\u00e9ance\u00a0\u00bb des \u00e9l\u00e8ves et des parents d\u2019\u00e9l\u00e8ves qui vient d\u2019\u00eatre r\u00e9sorb\u00e9e. Pour la r\u00e9alisation de ce joyau, le Directeur de l&rsquo;Administration g\u00e9n\u00e9rale et de l&rsquo;Equipement (Dage) du minist\u00e8re des Collectivit\u00e9s territoriales, du D\u00e9veloppement et de l\u2019Am\u00e9nagement des Territoires a remerci\u00e9 le chef de l&rsquo;Etat Macky SALL qui a d\u00e9ploy\u00e9 les gros moyens pour l\u2019\u00e9rection d\u2019un lyc\u00e9e au niveau de la commune. \u00ab\u00a0Je remercie le pr\u00e9sident Macky SALL qui a voulu accorder cet \u00e9tablissement \u00e0 Ross-Bethio. C\u2019est pour booster la scolarit\u00e9 des \u00e9l\u00e8ves. Les travaux entam\u00e9s le 16 octobre 2021\u00a0devraient \u00eatre livr\u00e9s vendredi prochain. Je suis satisfait du travail de l&rsquo;entrepreneur qui a respect\u00e9 tous ses engagements\u00a0\u00bb, a-t-il conclu.<img loading=\"lazy\" decoding=\"async\" class=\"alignnone size-medium wp-image-1090\" src=\"https:\/\/saintlouisnews.sn\/news\/wp-content\/uploads\/2022\/10\/Sequence-17.00_00_16_18.Still009-300x169.jpg\" alt=\"\" width=\"300\" height=\"169\" \/> <img loading=\"lazy\" decoding=\"async\" class=\"alignnone size-medium wp-image-1091\" src=\"https:\/\/saintlouisnews.sn\/news\/wp-content\/uploads\/2022\/10\/Sequence-17.00_00_20_16.Still008-300x169.jpg\" alt=\"\" width=\"300\" height=\"169\" \/> <img loading=\"lazy\" decoding=\"async\" class=\"alignnone size-medium wp-image-1092\" src=\"https:\/\/saintlouisnews.sn\/news\/wp-content\/uploads\/2022\/10\/Sequence-17.00_01_08_16.Still010-300x169.jpg\" alt=\"\" width=\"300\" height=\"169\" \/> <img loading=\"lazy\" decoding=\"async\" class=\"alignnone size-medium wp-image-1093\" src=\"https:\/\/saintlouisnews.sn\/news\/wp-content\/uploads\/2022\/10\/Sequence-17.00_01_15_18.Still011-300x169.jpg\" alt=\"\" width=\"300\" height=\"169\" \/><\/p>\n","protected":false},"excerpt":{"rendered":"<p>La commune de Ross Bethio sera dot\u00e9e de lyc\u00e9e ce\u00a0vendredi En marge de la c\u00e9r\u00e9monie de remises de kits de fournitures scolaires, le maire de la commune de Ross-B\u00e9thio a fait un tour du c\u00f4t\u00e9 du nouveau lyc\u00e9e pour s\u2019enqu\u00e9rir de l\u2019\u00e9tat d\u2019avancement des travaux. Sorti ragaillardi, Faly SECK r\u00e9v\u00e8le que sa commune sera dot\u00e9e &hellip;<\/p>\n","protected":false},"author":1,"featured_media":1090,"comment_status":"open","ping_status":"open","sticky":false,"template":"","format":"standard","meta":{"footnotes":""},"categories":[219],"tags":[],"class_list":["post-1089","post","type-post","status-publish","format-standard","has-post-thumbnail","hentry","category-actualites"],"_links":{"self":[{"href":"https:\/\/saintlouisnews.sn\/index.php?rest_route=\/wp\/v2\/posts\/1089","targetHints":{"allow":["GET"]}}],"collection":[{"href":"https:\/\/saintlouisnews.sn\/index.php?rest_route=\/wp\/v2\/posts"}],"about":[{"href":"https:\/\/saintlouisnews.sn\/index.php?rest_route=\/wp\/v2\/types\/post"}],"author":[{"embeddable":true,"href":"https:\/\/saintlouisnews.sn\/index.php?rest_route=\/wp\/v2\/users\/1"}],"replies":[{"embeddable":true,"href":"https:\/\/saintlouisnews.sn\/index.php?rest_route=%2Fwp%2Fv2%2Fcomments&post=1089"}],"version-history":[{"count":0,"href":"https:\/\/saintlouisnews.sn\/index.php?rest_route=\/wp\/v2\/posts\/1089\/revisions"}],"wp:featuredmedia":[{"embeddable":true,"href":"https:\/\/saintlouisnews.sn\/index.php?rest_route=\/wp\/v2\/media\/1090"}],"wp:attachment":[{"href":"https:\/\/saintlouisnews.sn\/index.php?rest_route=%2Fwp%2Fv2%2Fmedia&parent=1089"}],"wp:term":[{"taxonomy":"category","embeddable":true,"href":"https:\/\/saintlouisnews.sn\/index.php?rest_route=%2Fwp%2Fv2%2Fcategories&post=1089"},{"taxonomy":"post_tag","embeddable":true,"href":"https:\/\/saintlouisnews.sn\/index.php?rest_route=%2Fwp%2Fv2%2Ftags&post=1089"}],"curies":[{"name":"wp","href":"https:\/\/api.w.org\/{rel}","templated":true}]}}