{"id":10995,"date":"2026-04-29T18:22:35","date_gmt":"2026-04-29T18:22:35","guid":{"rendered":"https:\/\/saintlouisnews.sn\/?p=10995"},"modified":"2026-04-29T18:22:36","modified_gmt":"2026-04-29T18:22:36","slug":"saint-louis-amadou-moustapha-niang-mise-sur-lecoute-et-la-presence-active-pour-conquerir-la-mairie","status":"publish","type":"post","link":"https:\/\/saintlouisnews.sn\/?p=10995","title":{"rendered":"Saint-Louis : Amadou Moustapha Niang mise sur \u00ab l\u2019\u00e9coute et la pr\u00e9sence active \u00bb pour conqu\u00e9rir la mairie"},"content":{"rendered":"\n<p><strong><em>Candidat \u00e0 la candidature d\u00e9clar\u00e9 \u00e0 la Mairie de Saint-Louis, Amadou Moustapha Niang, responsable de PASTEF-Les Patriotes, a marqu\u00e9 sa rentr\u00e9e politique ce dimanche lors d\u2019une randonn\u00e9e organis\u00e9e par la coordination d\u00e9partementale du parti.<\/em><\/strong><\/p>\n\n\n\n<p>\u00ab Ce dimanche, j\u2019ai pris part \u00e0 la randonn\u00e9e organis\u00e9e par la coordination d\u00e9partementale de Pastef les patriotes\/Saint-Louis, une activit\u00e9 qui marque concr\u00e8tement la reprise de nos activit\u00e9s politiques sur le terrain \u00bb, a d\u00e9clar\u00e9 M. Niang.<\/p>\n\n\n\n<p>Plac\u00e9e sous le th\u00e8me \u00ab marcher ensemble pour la conqu\u00eate des c\u0153urs et des territoires \u00bb, la manifestation se veut un signal fort. \u00ab Cette initiative a sonn\u00e9 comme un nouveau d\u00e9part, plac\u00e9 sous le signe de la remobilisation, de l\u2019unit\u00e9 et de l\u2019engagement \u00bb, a-t-il ajout\u00e9.<\/p>\n\n\n\n<p>Entour\u00e9 de militants et sympathisants, le responsable PASTEF a insist\u00e9 sur la m\u00e9thode : \u00ab Aux c\u00f4t\u00e9s de mes fr\u00e8res et s\u0153urs du parti et de nombreux militants et sympathisants, nous avons renou\u00e9 avec ce qui fait notre force : la proximit\u00e9 avec les citoyens, l\u2019\u00e9coute attentive et la pr\u00e9sence active sur le terrain \u00bb.<\/p>\n\n\n\n<p>Pour Amadou Moustapha Niang, cette mobilisation traduit une strat\u00e9gie claire. \u00ab Cette reprise progressive de nos activit\u00e9s traduit une volont\u00e9 claire : reprendre le contact, renforcer la dynamique collective et poursuivre, avec constance et humilit\u00e9, notre engagement au service des populations\u00bb. \u00c1 travers cette randonn\u00e9e, le candidat PASTEF affiche ses ambitions pour la Mairie de Saint-Louis : terrain, proximit\u00e9 et reconqu\u00eate.<\/p>\n\n\n\n<p><\/p>\n","protected":false},"excerpt":{"rendered":"<p>Candidat \u00e0 la candidature d\u00e9clar\u00e9 \u00e0 la Mairie de Saint-Louis, Amadou Moustapha Niang, responsable de PASTEF-Les Patriotes, a marqu\u00e9 sa rentr\u00e9e politique ce dimanche lors d\u2019une randonn\u00e9e organis\u00e9e par la coordination d\u00e9partementale du parti. \u00ab Ce dimanche, j\u2019ai pris part \u00e0 la randonn\u00e9e organis\u00e9e par la coordination d\u00e9partementale de Pastef les patriotes\/Saint-Louis, une activit\u00e9 qui &hellip;<\/p>\n","protected":false},"author":1,"featured_media":10996,"comment_status":"open","ping_status":"open","sticky":false,"template":"","format":"standard","meta":{"footnotes":""},"categories":[218,219,228],"tags":[],"class_list":["post-10995","post","type-post","status-publish","format-standard","has-post-thumbnail","hentry","category-a-laune","category-actualites","category-politique"],"_links":{"self":[{"href":"https:\/\/saintlouisnews.sn\/index.php?rest_route=\/wp\/v2\/posts\/10995","targetHints":{"allow":["GET"]}}],"collection":[{"href":"https:\/\/saintlouisnews.sn\/index.php?rest_route=\/wp\/v2\/posts"}],"about":[{"href":"https:\/\/saintlouisnews.sn\/index.php?rest_route=\/wp\/v2\/types\/post"}],"author":[{"embeddable":true,"href":"https:\/\/saintlouisnews.sn\/index.php?rest_route=\/wp\/v2\/users\/1"}],"replies":[{"embeddable":true,"href":"https:\/\/saintlouisnews.sn\/index.php?rest_route=%2Fwp%2Fv2%2Fcomments&post=10995"}],"version-history":[{"count":1,"href":"https:\/\/saintlouisnews.sn\/index.php?rest_route=\/wp\/v2\/posts\/10995\/revisions"}],"predecessor-version":[{"id":10997,"href":"https:\/\/saintlouisnews.sn\/index.php?rest_route=\/wp\/v2\/posts\/10995\/revisions\/10997"}],"wp:featuredmedia":[{"embeddable":true,"href":"https:\/\/saintlouisnews.sn\/index.php?rest_route=\/wp\/v2\/media\/10996"}],"wp:attachment":[{"href":"https:\/\/saintlouisnews.sn\/index.php?rest_route=%2Fwp%2Fv2%2Fmedia&parent=10995"}],"wp:term":[{"taxonomy":"category","embeddable":true,"href":"https:\/\/saintlouisnews.sn\/index.php?rest_route=%2Fwp%2Fv2%2Fcategories&post=10995"},{"taxonomy":"post_tag","embeddable":true,"href":"https:\/\/saintlouisnews.sn\/index.php?rest_route=%2Fwp%2Fv2%2Ftags&post=10995"}],"curies":[{"name":"wp","href":"https:\/\/api.w.org\/{rel}","templated":true}]}}