{"id":10998,"date":"2026-04-29T18:28:38","date_gmt":"2026-04-29T18:28:38","guid":{"rendered":"https:\/\/saintlouisnews.sn\/?p=10998"},"modified":"2026-04-29T18:28:39","modified_gmt":"2026-04-29T18:28:39","slug":"presidence-le-chef-de-letat-recoit-les-eleves-de-lecole-jeunes-filles-boubacar-diop-de-saint-louis","status":"publish","type":"post","link":"https:\/\/saintlouisnews.sn\/?p=10998","title":{"rendered":"PR\u00c9SIDENCE : LE CHEF DE L\u2019\u00c9TAT RE\u00c7OIT LES \u00c9L\u00c8VES DE L\u2019\u00c9COLE JEUNES FILLES BOUBACAR DIOP DE SAINT-LOUIS"},"content":{"rendered":"\n<p><strong><em>Sortie p\u00e9dagogique de prestige pour l\u2019\u00e9cole \u00e9l\u00e9mentaire Jeunes Filles Boubacar Diop. Conduites par leur directrice, les \u00e9l\u00e8ves et l\u2019\u00e9quipe p\u00e9dagogique ont \u00e9t\u00e9 re\u00e7ues par le pr\u00e9sident Bassirou Diomaye Faye au Palais de la R\u00e9publique. Une fiert\u00e9 pour cette \u00e9cole d\u2019excellence de Saint-Louis Commune.<\/em><\/strong><\/p>\n\n\n\n<p>\u00ab L\u2019\u00e9cole \u00e9l\u00e9mentaire Jeunes Filles Boubacar Diop \u00e9tait en visite \u00e0 la pr\u00e9sidence de la r\u00e9publique \u00bb. Un moment fort pour ces \u00e9l\u00e8ves de Saint-Louis, re\u00e7ues ce mardi au Palais.<\/p>\n\n\n\n<p>Sous la conduite de la directrice, \u00ab les \u00e9l\u00e8ves et l\u2019\u00e9quipe p\u00e9dagogique ont \u00e9t\u00e9 re\u00e7us par le chef de l\u2019\u00c9tat Bassirou Diomaye Faye \u00bb. Un \u00e9change r\u00e9publicain qui marque les esprits et illustre l\u2019importance accord\u00e9e \u00e0 l\u2019\u00e9ducation des filles.<\/p>\n\n\n\n<p><strong><em>Une tradition de sorties p\u00e9dagogiques<\/em><\/strong><\/p>\n\n\n\n<p>\u00ab Chaque ann\u00e9e l\u2019\u00e9cole organise une sortie p\u00e9dagogique permettant ainsi aux filles de d\u00e9couvrir de nouvelles localit\u00e9s du S\u00e9n\u00e9gal et de visiter des institutions de la r\u00e9publique ainsi que des symboles comme la maison des esclaves, les parcs etc. \u00bb.<\/p>\n\n\n\n<p>Cette ann\u00e9e, cap sur la Pr\u00e9sidence. Objectif : rapprocher les \u00e9l\u00e8ves des institutions et renforcer leur culture citoyenne.<\/p>\n\n\n\n<p><strong><em>Une \u00e9cole vitrine \u00e0 Saint-Louis<\/em><\/strong><\/p>\n\n\n\n<p>\u00ab L\u2019\u00e9cole \u00e9l\u00e9mentaire Jeunes Filles Boubacar Diop est la seule \u00e9cole \u00e9l\u00e9mentaire de jeunes filles de l\u2019IEF de Saint-Louis commune \u00bb.<\/p>\n\n\n\n<p>\u00ab Construite par la fille du parrain et mise \u00e0 la disposition de l\u2019IEF de Saint-Louis Commune elle est devenue une \u00e9cole d\u2019excellence et l\u2019une des vitrines de la circonscription et de l\u2019Acad\u00e9mie de Saint-Louis \u00bb.<\/p>\n\n\n\n<p>R\u00e9sultats scolaires, discipline, rayonnement : l\u2019\u00e9tablissement s\u2019impose comme une r\u00e9f\u00e9rence dans la r\u00e9gion Nord.<\/p>\n\n\n\n<p>Cette visite au Palais consacre le travail de l\u2019\u00e9quipe p\u00e9dagogique et encourage les jeunes filles \u00e0 viser l\u2019excellence. Un symbole fort envoy\u00e9 aux \u00e9l\u00e8ves : la R\u00e9publique leur ouvre ses portes.<\/p>\n","protected":false},"excerpt":{"rendered":"<p>Sortie p\u00e9dagogique de prestige pour l\u2019\u00e9cole \u00e9l\u00e9mentaire Jeunes Filles Boubacar Diop. Conduites par leur directrice, les \u00e9l\u00e8ves et l\u2019\u00e9quipe p\u00e9dagogique ont \u00e9t\u00e9 re\u00e7ues par le pr\u00e9sident Bassirou Diomaye Faye au Palais de la R\u00e9publique. Une fiert\u00e9 pour cette \u00e9cole d\u2019excellence de Saint-Louis Commune. \u00ab L\u2019\u00e9cole \u00e9l\u00e9mentaire Jeunes Filles Boubacar Diop \u00e9tait en visite \u00e0 la &hellip;<\/p>\n","protected":false},"author":1,"featured_media":10999,"comment_status":"open","ping_status":"open","sticky":false,"template":"","format":"standard","meta":{"footnotes":""},"categories":[218,219,231],"tags":[],"class_list":["post-10998","post","type-post","status-publish","format-standard","has-post-thumbnail","hentry","category-a-laune","category-actualites","category-societe"],"_links":{"self":[{"href":"https:\/\/saintlouisnews.sn\/index.php?rest_route=\/wp\/v2\/posts\/10998","targetHints":{"allow":["GET"]}}],"collection":[{"href":"https:\/\/saintlouisnews.sn\/index.php?rest_route=\/wp\/v2\/posts"}],"about":[{"href":"https:\/\/saintlouisnews.sn\/index.php?rest_route=\/wp\/v2\/types\/post"}],"author":[{"embeddable":true,"href":"https:\/\/saintlouisnews.sn\/index.php?rest_route=\/wp\/v2\/users\/1"}],"replies":[{"embeddable":true,"href":"https:\/\/saintlouisnews.sn\/index.php?rest_route=%2Fwp%2Fv2%2Fcomments&post=10998"}],"version-history":[{"count":1,"href":"https:\/\/saintlouisnews.sn\/index.php?rest_route=\/wp\/v2\/posts\/10998\/revisions"}],"predecessor-version":[{"id":11000,"href":"https:\/\/saintlouisnews.sn\/index.php?rest_route=\/wp\/v2\/posts\/10998\/revisions\/11000"}],"wp:featuredmedia":[{"embeddable":true,"href":"https:\/\/saintlouisnews.sn\/index.php?rest_route=\/wp\/v2\/media\/10999"}],"wp:attachment":[{"href":"https:\/\/saintlouisnews.sn\/index.php?rest_route=%2Fwp%2Fv2%2Fmedia&parent=10998"}],"wp:term":[{"taxonomy":"category","embeddable":true,"href":"https:\/\/saintlouisnews.sn\/index.php?rest_route=%2Fwp%2Fv2%2Fcategories&post=10998"},{"taxonomy":"post_tag","embeddable":true,"href":"https:\/\/saintlouisnews.sn\/index.php?rest_route=%2Fwp%2Fv2%2Ftags&post=10998"}],"curies":[{"name":"wp","href":"https:\/\/api.w.org\/{rel}","templated":true}]}}