{"id":11007,"date":"2026-05-01T02:54:55","date_gmt":"2026-05-01T02:54:55","guid":{"rendered":"https:\/\/saintlouisnews.sn\/?p=11007"},"modified":"2026-05-01T02:54:56","modified_gmt":"2026-05-01T02:54:56","slug":"ligue-europa-conference-ismaila-sarr-frappe-lhistoire-en-22-secondes","status":"publish","type":"post","link":"https:\/\/saintlouisnews.sn\/?p=11007","title":{"rendered":"LIGUE EUROPA CONF\u00c9RENCE : ISMA\u00cfLA SARR FRAPPE L\u2019HISTOIRE EN 22 SECONDES"},"content":{"rendered":"\n<p><strong><em>Jeudi \u00e0 Cracovie, Isma\u00efla Sarr a inscrit le but le plus rapide de l\u2019histoire de la Ligue Europa Conf\u00e9rence. L\u2019ailier s\u00e9n\u00e9galais de Crystal Palace a ouvert le score d\u00e8s la 22e seconde face au Shakhtar Donetsk. Victoire 3-1 pour les Eagles.<\/em><\/strong><\/p>\n\n\n\n<p>Coup de tonnerre en Pologne. \u00ab L\u2019international s\u00e9n\u00e9galais Isma\u00efla Sarr, \u00e9voluant \u00e0 Crystal Palace, a inscrit jeudi \u00e0 Cracovie le but le plus rapide de l\u2019histoire de la Ligue Europa Conf\u00e9rence, d\u00e8s la 22e seconde de la demi-finale aller face au Shakhtar Donetsk \u00bb.<\/p>\n\n\n\n<p>\u00ab Servi par son co\u00e9quipier fran\u00e7ais Jean-Philippe Mateta, Sarr a ouvert le score apr\u00e8s seulement 22 secondes, \u00e9tablissant ainsi un nouveau record dans la comp\u00e9tition \u00bb.<\/p>\n\n\n\n<p><strong><em>Crystal Palace prend une option<\/em><\/strong><\/p>\n\n\n\n<p>\u00ab Crystal Palace s\u2019est finalement impos\u00e9 sur le score de 3 buts \u00e0 1 \u00bb. Apr\u00e8s l\u2019ouverture \u00e9clair de Sarr, \u00ab le Japonais Daichi Kamada et le Norv\u00e9gien J\u00f8rgen Strand Larsen ont aggrav\u00e9 le score pour le club anglais, tandis que l\u2019Ukrainien Oleh Ocheretko a r\u00e9duit la marque pour l\u2019\u00e9quipe entra\u00een\u00e9e par Ardan Turan \u00bb.<\/p>\n\n\n\n<p>\u00ab Cette premi\u00e8re manche s\u2019est jou\u00e9e sur terrain neutre en Pologne. Le match retour est pr\u00e9vu \u00e0 Londres jeudi prochain \u00e0 19h GMT \u00bb.<\/p>\n\n\n\n<p><strong><em>Sarr, homme des grands rendez-vous<\/em><\/strong><\/p>\n\n\n\n<p>L\u2019ancien Messin marche sur l\u2019eau. \u00ab Il s\u2019agit du huiti\u00e8me but du S\u00e9n\u00e9galais en onze matchs dans la comp\u00e9tition, dont cinq marqu\u00e9s lors des quatre derniers matchs, et de son 18e toutes comp\u00e9titions confondues \u00bb.<\/p>\n\n\n\n<p>Avec ce total, \u00ab Sarr rejoint Mikael Ishak (Lech Pozna\u0144) et Marius Mouandilmadji (Samsunspor) en t\u00eate du classement des buteurs de la Ligue Conf\u00e9rence \u00bb.<\/p>\n\n\n\n<p>\u00ab L\u2019ailier s\u00e9n\u00e9galais s\u2019\u00e9tait d\u00e9j\u00e0 illustr\u00e9 en quart de finale face \u00e0 la Fiorentina, en trouvant le chemin des filets \u00bb. Il avait aussi \u00ab \u00e9t\u00e9 l\u2019artisan de la qualification de Crystal Palace en quarts de finale, en inscrivant un doubl\u00e9 face \u00e0 l\u2019AEK Larnaca (2-1), lors du match retour des huiti\u00e8mes de finale \u00bb.<\/p>\n\n\n\n<p><em><strong>Mars en or pour le Lion<\/strong><\/em><\/p>\n\n\n\n<p>En pleine forme, \u00ab Sarr a \u00e9t\u00e9 d\u00e9sign\u00e9 meilleur joueur du mois de mars de Crystal Palace \u00e0 l\u2019issue d\u2019un vote des supporters \u00bb.<\/p>\n\n\n\n<p>Mieux : \u00ab L\u2019un de ses buts, inscrit le 5 mars face \u00e0 Tottenham Hotspur, club de son compatriote Pape Matar Sarr, lors de la 29e journ\u00e9e du championnat d\u2019Angleterre, a \u00e9galement \u00e9t\u00e9 \u00e9lu meilleur but du mois \u00bb. Il a ainsi \u00ab remport\u00e9, pour la premi\u00e8re fois, les deux troph\u00e9es simultan\u00e9ment \u00bb.<\/p>\n\n\n\n<p>\u00c0 28 ans, Isma\u00efla Sarr porte Crystal Palace vers une possible premi\u00e8re finale europ\u00e9enne. R\u00e9ponse jeudi prochain \u00e0 Selhurst Park.<\/p>\n\n\n\n<p><\/p>\n","protected":false},"excerpt":{"rendered":"<p>Jeudi \u00e0 Cracovie, Isma\u00efla Sarr a inscrit le but le plus rapide de l\u2019histoire de la Ligue Europa Conf\u00e9rence. L\u2019ailier s\u00e9n\u00e9galais de Crystal Palace a ouvert le score d\u00e8s la 22e seconde face au Shakhtar Donetsk. Victoire 3-1 pour les Eagles. Coup de tonnerre en Pologne. \u00ab L\u2019international s\u00e9n\u00e9galais Isma\u00efla Sarr, \u00e9voluant \u00e0 Crystal Palace, &hellip;<\/p>\n","protected":false},"author":1,"featured_media":11008,"comment_status":"open","ping_status":"open","sticky":false,"template":"","format":"standard","meta":{"footnotes":""},"categories":[218,219,243],"tags":[],"class_list":["post-11007","post","type-post","status-publish","format-standard","has-post-thumbnail","hentry","category-a-laune","category-actualites","category-sports"],"_links":{"self":[{"href":"https:\/\/saintlouisnews.sn\/index.php?rest_route=\/wp\/v2\/posts\/11007","targetHints":{"allow":["GET"]}}],"collection":[{"href":"https:\/\/saintlouisnews.sn\/index.php?rest_route=\/wp\/v2\/posts"}],"about":[{"href":"https:\/\/saintlouisnews.sn\/index.php?rest_route=\/wp\/v2\/types\/post"}],"author":[{"embeddable":true,"href":"https:\/\/saintlouisnews.sn\/index.php?rest_route=\/wp\/v2\/users\/1"}],"replies":[{"embeddable":true,"href":"https:\/\/saintlouisnews.sn\/index.php?rest_route=%2Fwp%2Fv2%2Fcomments&post=11007"}],"version-history":[{"count":1,"href":"https:\/\/saintlouisnews.sn\/index.php?rest_route=\/wp\/v2\/posts\/11007\/revisions"}],"predecessor-version":[{"id":11009,"href":"https:\/\/saintlouisnews.sn\/index.php?rest_route=\/wp\/v2\/posts\/11007\/revisions\/11009"}],"wp:featuredmedia":[{"embeddable":true,"href":"https:\/\/saintlouisnews.sn\/index.php?rest_route=\/wp\/v2\/media\/11008"}],"wp:attachment":[{"href":"https:\/\/saintlouisnews.sn\/index.php?rest_route=%2Fwp%2Fv2%2Fmedia&parent=11007"}],"wp:term":[{"taxonomy":"category","embeddable":true,"href":"https:\/\/saintlouisnews.sn\/index.php?rest_route=%2Fwp%2Fv2%2Fcategories&post=11007"},{"taxonomy":"post_tag","embeddable":true,"href":"https:\/\/saintlouisnews.sn\/index.php?rest_route=%2Fwp%2Fv2%2Ftags&post=11007"}],"curies":[{"name":"wp","href":"https:\/\/api.w.org\/{rel}","templated":true}]}}