{"id":11010,"date":"2026-05-01T03:00:21","date_gmt":"2026-05-01T03:00:21","guid":{"rendered":"https:\/\/saintlouisnews.sn\/?p=11010"},"modified":"2026-05-01T03:00:22","modified_gmt":"2026-05-01T03:00:22","slug":"ziguinchor-laeroport-renove-rouvre-ses-pistes-les-ministres-imposent-le-zero-retard","status":"publish","type":"post","link":"https:\/\/saintlouisnews.sn\/?p=11010","title":{"rendered":"ZIGUINCHOR : L\u2019A\u00c9ROPORT R\u00c9NOV\u00c9 ROUVRE SES PISTES, LES MINISTRES IMPOSENT LE \u00ab Z\u00c9RO RETARD \u00bb"},"content":{"rendered":"\n<p><strong><em>Apr\u00e8s plusieurs mois de travaux, l\u2019a\u00e9roport de Ziguinchor a \u00e9t\u00e9 officiellement rouvert \u00e0 la navigation a\u00e9rienne ce jeudi, \u00e0 l\u2019issue de sa r\u00e9ception technique. Les ministres D\u00e9thi\u00e9 Fall et Yankhoba Di\u00e9m\u00e9 \u00e9rigent le respect des d\u00e9lais en \u00ab doctrine \u00bb pour tous les chantiers d\u2019infrastructures.<\/em><\/strong><\/p>\n\n\n\n<p>Le ciel casaman\u00e7ais reprend des couleurs. \u00ab Le ministre des Infrastructures, D\u00e9thi\u00e9 Fall, et son homologue des Transports terrestres et a\u00e9riens, Yankhoba Di\u00e9m\u00e9, ont proc\u00e9d\u00e9, jeudi, \u00e0 la r\u00e9ception technique de l\u2019a\u00e9roport de Ziguinchor (sud), marquant ainsi la r\u00e9ouverture de l\u2019infrastructure r\u00e9nov\u00e9e \u00e0 la navigation a\u00e9rienne \u00bb.<\/p>\n\n\n\n<p><strong><em>Le respect des d\u00e9lais comme ligne rouge<\/em><\/strong><\/p>\n\n\n\n<p>\u00ab D\u00e9thi\u00e9 Fall a remerci\u00e9 et f\u00e9licit\u00e9 le ministre des Transports terrestres et a\u00e9riens pour le travail abattu, soulignant la collaboration \u00e9troite entre les \u00e9quipes des deux minist\u00e8res ayant permis d\u2019aboutir \u00e0 cette r\u00e9ception dans les d\u00e9lais fix\u00e9s \u00bb.<\/p>\n\n\n\n<p>Pour le ministre des Infrastructures, \u00ab cette \u00e9ch\u00e9ance r\u00e9pond \u00e0 un engagement pris devant les plus hautes autorit\u00e9s du pays \u00bb. Il a insist\u00e9 : toutes les parties prenantes doivent \u00ab s\u2019aligner \u00bb pour tenir les calendriers.<\/p>\n\n\n\n<p>\u00ab La nouvelle philosophie de travail adopt\u00e9e par les autorit\u00e9s repose notamment sur un souci et de respect des d\u00e9lais, malgr\u00e9 des discussions parfois houleuses \u00bb, a-t-il martel\u00e9. Et de pr\u00e9venir : \u00ab Cette rigueur va d\u00e9sormais s\u2019appliquer \u00e0 tous les projets d\u2019infrastructures. Aucun d\u00e9passement de d\u00e9lai ne sera tol\u00e9r\u00e9 \u00e0 l\u2019avenir \u00bb.<\/p>\n\n\n\n<p><strong><em>Un a\u00e9roport aux normes, mais pas encore inaugur\u00e9<\/em><\/strong><\/p>\n\n\n\n<p>Yankhoba Di\u00e9m\u00e9 a tenu \u00e0 pr\u00e9ciser : \u00ab cette c\u00e9r\u00e9monie porte sur la r\u00e9ception technique de l\u2019a\u00e9roport de Ziguinchor et non son inauguration \u00bb.<\/p>\n\n\n\n<p>Le ministre des Transports a toutefois assur\u00e9 que la plateforme \u00ab r\u00e9pond d\u00e9sormais aux normes internationales en mati\u00e8re de s\u00e9curit\u00e9, de s\u00fbret\u00e9 et de qualit\u00e9 des services, sans qu\u2019aucune proc\u00e9dure n\u2019ait \u00e9t\u00e9 n\u00e9glig\u00e9e \u00bb. Il en fait \u00ab un outil essentiel de d\u00e9senclavement pour la r\u00e9gion \u00bb.<\/p>\n\n\n\n<p><strong><em>Ziguinchor, laboratoire des grands chantiers<\/em><\/strong><\/p>\n\n\n\n<p>M. Fall a salu\u00e9 \u00ab le travail des directeurs des infrastructures a\u00e9roportuaires et de l\u2019A\u00e9roport international Blaise Diagne de Diass (AIBD), ainsi que de toutes les \u00e9quipes techniques, qui ont su, sous pression, livrer une infrastructure conforme aux attentes \u00bb.<\/p>\n\n\n\n<p>\u00c0 l\u2019adresse du secteur priv\u00e9, il a lanc\u00e9 \u00ab un appel aux entreprises partenaires de l\u2019\u00c9tat, les invitant \u00e0 adopter cette m\u00eame exigence, en d\u00e9montrant leur capacit\u00e9 \u00e0 ex\u00e9cuter des projets d\u2019envergure dans les d\u00e9lais impartis sur l\u2019ensemble du territoire national \u00bb.<\/p>\n\n\n\n<p>La dynamique ne s\u2019arr\u00eate pas l\u00e0. \u00ab \u00c9voquant les projets structurants dans la r\u00e9gion, il a indiqu\u00e9 que cette infrastructure s\u2019inscrit dans une dynamique plus large de r\u00e9alisations, annon\u00e7ant notamment la pose de la premi\u00e8re pierre du second pont de Ziguinchor, le 31 juillet prochain \u00bb.<\/p>\n\n\n\n<p>Le gouverneur de Ziguinchor, Mor Talla Tine, le DG de l\u2019AIBD, Cheikh Bamba Di\u00e8ye, et le DG de l\u2019ANACIM, Ndiaga Bass, ont pris part \u00e0 la c\u00e9r\u00e9monie.<\/p>\n\n\n\n<p>L\u2019a\u00e9roport de Ziguinchor peut \u00e0 nouveau accueillir des vols commerciaux. L\u2019inauguration officielle interviendra \u00e0 une date ult\u00e9rieure.<\/p>\n\n\n\n<p><\/p>\n","protected":false},"excerpt":{"rendered":"<p>Apr\u00e8s plusieurs mois de travaux, l\u2019a\u00e9roport de Ziguinchor a \u00e9t\u00e9 officiellement rouvert \u00e0 la navigation a\u00e9rienne ce jeudi, \u00e0 l\u2019issue de sa r\u00e9ception technique. Les ministres D\u00e9thi\u00e9 Fall et Yankhoba Di\u00e9m\u00e9 \u00e9rigent le respect des d\u00e9lais en \u00ab doctrine \u00bb pour tous les chantiers d\u2019infrastructures. Le ciel casaman\u00e7ais reprend des couleurs. \u00ab Le ministre des &hellip;<\/p>\n","protected":false},"author":1,"featured_media":11011,"comment_status":"open","ping_status":"open","sticky":false,"template":"","format":"standard","meta":{"footnotes":""},"categories":[218,219,244],"tags":[],"class_list":["post-11010","post","type-post","status-publish","format-standard","has-post-thumbnail","hentry","category-a-laune","category-actualites","category-economie"],"_links":{"self":[{"href":"https:\/\/saintlouisnews.sn\/index.php?rest_route=\/wp\/v2\/posts\/11010","targetHints":{"allow":["GET"]}}],"collection":[{"href":"https:\/\/saintlouisnews.sn\/index.php?rest_route=\/wp\/v2\/posts"}],"about":[{"href":"https:\/\/saintlouisnews.sn\/index.php?rest_route=\/wp\/v2\/types\/post"}],"author":[{"embeddable":true,"href":"https:\/\/saintlouisnews.sn\/index.php?rest_route=\/wp\/v2\/users\/1"}],"replies":[{"embeddable":true,"href":"https:\/\/saintlouisnews.sn\/index.php?rest_route=%2Fwp%2Fv2%2Fcomments&post=11010"}],"version-history":[{"count":1,"href":"https:\/\/saintlouisnews.sn\/index.php?rest_route=\/wp\/v2\/posts\/11010\/revisions"}],"predecessor-version":[{"id":11012,"href":"https:\/\/saintlouisnews.sn\/index.php?rest_route=\/wp\/v2\/posts\/11010\/revisions\/11012"}],"wp:featuredmedia":[{"embeddable":true,"href":"https:\/\/saintlouisnews.sn\/index.php?rest_route=\/wp\/v2\/media\/11011"}],"wp:attachment":[{"href":"https:\/\/saintlouisnews.sn\/index.php?rest_route=%2Fwp%2Fv2%2Fmedia&parent=11010"}],"wp:term":[{"taxonomy":"category","embeddable":true,"href":"https:\/\/saintlouisnews.sn\/index.php?rest_route=%2Fwp%2Fv2%2Fcategories&post=11010"},{"taxonomy":"post_tag","embeddable":true,"href":"https:\/\/saintlouisnews.sn\/index.php?rest_route=%2Fwp%2Fv2%2Ftags&post=11010"}],"curies":[{"name":"wp","href":"https:\/\/api.w.org\/{rel}","templated":true}]}}