{"id":11013,"date":"2026-05-01T03:08:21","date_gmt":"2026-05-01T03:08:21","guid":{"rendered":"https:\/\/saintlouisnews.sn\/?p=11013"},"modified":"2026-05-01T03:08:22","modified_gmt":"2026-05-01T03:08:22","slug":"securite-frontaliere-pose-de-la-premiere-pierre-dun-commissariat-a-mpack-par-le-ministre-dethie-fall","status":"publish","type":"post","link":"https:\/\/saintlouisnews.sn\/?p=11013","title":{"rendered":"S\u00c9CURIT\u00c9 FRONTALI\u00c8RE : POSE DE LA PREMI\u00c8RE PIERRE D\u2019UN COMMISSARIAT \u00c0 MPACK PAR LE MINISTRE D\u00c9THI\u00c9 FALL"},"content":{"rendered":"\n<p><strong><em>Un commissariat de police moderne va sortir de terre \u00e0 Mpack, \u00e0 la fronti\u00e8re avec la Guin\u00e9e-Bissau. Le ministre D\u00e9thi\u00e9 Fall a proc\u00e9d\u00e9 \u00e0 la pose de la premi\u00e8re pierre ce jeudi. Un projet de 500 millions FCFA financ\u00e9 dans le cadre du PUMA.<\/em><\/strong><\/p>\n\n\n\n<p>\u2019\u00c9tat renforce son maillage s\u00e9curitaire en Casamance. \u00ab Le ministre D\u00e9thi\u00e9 Fall et le Puma Programme proc\u00e8dent \u00e0 la pose de la premi\u00e8re pierre d\u2019un commissariat de police \u00bb \u00e0 Mpack, localit\u00e9 frontali\u00e8re de la Guin\u00e9e-Bissau, dans la r\u00e9gion de Ziguinchor.<\/p>\n\n\n\n<p><strong><em>Un projet de 500 millions sur 10 mois<\/em><\/strong><\/p>\n\n\n\n<p>\u00ab Un poste de police moderne est en construction \u00e0 Mpack, dans la r\u00e9gion de Ziguinchor, dans le cadre du programme PUMA \u00bb. Le projet est \u00ab dot\u00e9 d\u2019un budget de 500 millions de FCFA et pr\u00e9vu sur une dur\u00e9e de 10 mois \u00bb.<\/p>\n\n\n\n<p>\u00ab Le projet comprend des b\u00e2timents administratifs, des logements ainsi que des infrastructures annexes \u00bb, pour offrir des conditions de travail et de vie dignes aux fonctionnaires de police affect\u00e9s dans cette zone strat\u00e9gique.<\/p>\n\n\n\n<p><strong><em>S\u00e9curiser la fronti\u00e8re et booster l\u2019\u00e9conomie<\/em><\/strong><\/p>\n\n\n\n<p>L\u2019infrastructure \u00ab vise \u00e0 renforcer la s\u00e9curit\u00e9, la pr\u00e9sence de l\u2019\u00c9tat et les \u00e9changes \u00e9conomiques dans cette zone frontali\u00e8re avec la Guin\u00e9e-Bissau \u00bb.<\/p>\n\n\n\n<p>Poste avanc\u00e9 sur l\u2019axe Ziguinchor\u2013S\u00e3o Domingos, le futur commissariat doit permettre de mieux lutter contre la criminalit\u00e9 transfrontali\u00e8re, fluidifier les contr\u00f4les et rassurer les op\u00e9rateurs \u00e9conomiques.<\/p>\n\n\n\n<p>Avec cette premi\u00e8re pierre, le Programme d\u2019Urgence de Modernisation des Axes et territoires frontaliers (PUMA) poursuit sa mission : rapprocher l\u2019\u00c9tat des populations et consolider la souverainet\u00e9 dans les zones p\u00e9riph\u00e9riques.<\/p>\n\n\n\n<p>La livraison du commissariat de Mpack est attendue d\u2019ici f\u00e9vrier 2027.<\/p>\n","protected":false},"excerpt":{"rendered":"<p>Un commissariat de police moderne va sortir de terre \u00e0 Mpack, \u00e0 la fronti\u00e8re avec la Guin\u00e9e-Bissau. Le ministre D\u00e9thi\u00e9 Fall a proc\u00e9d\u00e9 \u00e0 la pose de la premi\u00e8re pierre ce jeudi. Un projet de 500 millions FCFA financ\u00e9 dans le cadre du PUMA. \u2019\u00c9tat renforce son maillage s\u00e9curitaire en Casamance. \u00ab Le ministre D\u00e9thi\u00e9 &hellip;<\/p>\n","protected":false},"author":1,"featured_media":11014,"comment_status":"open","ping_status":"open","sticky":false,"template":"","format":"standard","meta":{"footnotes":""},"categories":[218,219,230],"tags":[],"class_list":["post-11013","post","type-post","status-publish","format-standard","has-post-thumbnail","hentry","category-a-laune","category-actualites","category-sociale"],"_links":{"self":[{"href":"https:\/\/saintlouisnews.sn\/index.php?rest_route=\/wp\/v2\/posts\/11013","targetHints":{"allow":["GET"]}}],"collection":[{"href":"https:\/\/saintlouisnews.sn\/index.php?rest_route=\/wp\/v2\/posts"}],"about":[{"href":"https:\/\/saintlouisnews.sn\/index.php?rest_route=\/wp\/v2\/types\/post"}],"author":[{"embeddable":true,"href":"https:\/\/saintlouisnews.sn\/index.php?rest_route=\/wp\/v2\/users\/1"}],"replies":[{"embeddable":true,"href":"https:\/\/saintlouisnews.sn\/index.php?rest_route=%2Fwp%2Fv2%2Fcomments&post=11013"}],"version-history":[{"count":1,"href":"https:\/\/saintlouisnews.sn\/index.php?rest_route=\/wp\/v2\/posts\/11013\/revisions"}],"predecessor-version":[{"id":11015,"href":"https:\/\/saintlouisnews.sn\/index.php?rest_route=\/wp\/v2\/posts\/11013\/revisions\/11015"}],"wp:featuredmedia":[{"embeddable":true,"href":"https:\/\/saintlouisnews.sn\/index.php?rest_route=\/wp\/v2\/media\/11014"}],"wp:attachment":[{"href":"https:\/\/saintlouisnews.sn\/index.php?rest_route=%2Fwp%2Fv2%2Fmedia&parent=11013"}],"wp:term":[{"taxonomy":"category","embeddable":true,"href":"https:\/\/saintlouisnews.sn\/index.php?rest_route=%2Fwp%2Fv2%2Fcategories&post=11013"},{"taxonomy":"post_tag","embeddable":true,"href":"https:\/\/saintlouisnews.sn\/index.php?rest_route=%2Fwp%2Fv2%2Ftags&post=11013"}],"curies":[{"name":"wp","href":"https:\/\/api.w.org\/{rel}","templated":true}]}}