{"id":11016,"date":"2026-05-01T23:52:56","date_gmt":"2026-05-01T23:52:56","guid":{"rendered":"https:\/\/saintlouisnews.sn\/?p=11016"},"modified":"2026-05-01T23:52:57","modified_gmt":"2026-05-01T23:52:57","slug":"1er-mai-au-crous-de-saint-louis-un-vibrant-hommage-aux-batisseurs-et-aux-retraites","status":"publish","type":"post","link":"https:\/\/saintlouisnews.sn\/?p=11016","title":{"rendered":"1er Mai au CROUS de Saint-Louis : Un vibrant hommage aux b\u00e2tisseurs et aux retrait\u00e9s"},"content":{"rendered":"\n<p><strong><em>Sous la pr\u00e9sidence du Dr Babacar Diop, le Centre r\u00e9gional des \u0152uvres Universitaires de Saint-Louis (CROUS) a transform\u00e9 la F\u00eate du Travail en un moment de communion interg\u00e9n\u00e9rationnelle. Entre remise de cahiers de dol\u00e9ances et c\u00e9l\u00e9bration du m\u00e9rite, l\u2019institution a honor\u00e9 149 nouveaux retrait\u00e9s et ses anciens directeurs.<\/em><\/strong><\/p>\n\n\n\n<p>L\u2019ambiance \u00e9tait \u00e0 la fois solennelle et conviviale ce mercredi 1er mai au CROUS de Saint-Louis. Loin des simples revendications, l\u2019intersyndicale (SYNTUS, SYNTRAS, CNTS et SYNAPES) et la direction ont choisi de placer cette \u00e9dition sous le sceau de la reconnaissance et de la \u00ab m\u00e9moire institutionnelle \u00bb.<\/p>\n\n\n\n<p><strong><em>La reconnaissance du m\u00e9rite<\/em><\/strong><\/p>\n\n\n\n<figure class=\"wp-block-image size-large\"><img loading=\"lazy\" decoding=\"async\" width=\"1024\" height=\"683\" src=\"https:\/\/saintlouisnews.sn\/wp-content\/uploads\/2026\/05\/image-1024x683.png\" alt=\"\" class=\"wp-image-11017\" style=\"aspect-ratio:1.499270159969019\" srcset=\"https:\/\/saintlouisnews.sn\/wp-content\/uploads\/2026\/05\/image-1024x683.png 1024w, https:\/\/saintlouisnews.sn\/wp-content\/uploads\/2026\/05\/image-300x200.png 300w, https:\/\/saintlouisnews.sn\/wp-content\/uploads\/2026\/05\/image-768x512.png 768w, https:\/\/saintlouisnews.sn\/wp-content\/uploads\/2026\/05\/image.png 1440w\" sizes=\"auto, (max-width: 1024px) 100vw, 1024px\" \/><\/figure>\n\n\n\n<p>Le point d\u2019orgue de la journ\u00e9e a \u00e9t\u00e9 sans conteste l\u2019hommage rendu aux anciens directeurs. <strong>Le passage de t\u00e9moin<\/strong>. Le moment le plus saisissant de cette journ\u00e9e fut sans doute la pr\u00e9sence de ces \u00ab b\u00e2tisseurs \u00bb, ces anciens directeurs dont les noms sont grav\u00e9s dans l\u2019histoire de l\u2019UGB. De Saliou Rama Ka \u00e0 Ahmadou Bamba Ka, en passant par Doudou Ndiaye Ka\u00efr\u00e9, Karim Ciss\u00e9, Oumar Sarr, Birame Ndeck Ndiaye, Ibrahima Diao, Pape Ibrahima Faye, la pr\u00e9sence de certains a rappel\u00e9 que le CROUS est une \u0153uvre de continuit\u00e9. En les honorant par des cadeaux symboliques, la direction actuelle a envoy\u00e9 un message fort : \u00ab&nbsp;on ne construit l\u2019avenir qu\u2019en respectant les fondations pos\u00e9es par ses pairs&nbsp;\u00bb. Les pr\u00e9sents MM. Saliou Rama Ka, Birame Ndeck Ndiaye, Pape Ibrahima Faye, Dr Ahmadou Bamba Ka et le repr\u00e9sentant de M. Ibrahima Diao ont tous \u00e9t\u00e9 distingu\u00e9s. Par ce geste, l\u2019actuel Directeur, le Dr Babacar Diop, a souhait\u00e9 magnifier la continuit\u00e9 du service public. \u00ab Honorer nos pr\u00e9d\u00e9cesseurs, c\u2019est p\u00e9renniser les valeurs qui font la force de notre institution \u00bb, a-t-il t\u00e9moign\u00e9.<\/p>\n\n\n\n<p><strong><em>149 visages de l&rsquo;ombre sous la lumi\u00e8re<\/em><\/strong><strong><em><\/em><\/strong><\/p>\n\n\n\n<figure class=\"wp-block-image size-large\"><img loading=\"lazy\" decoding=\"async\" width=\"1024\" height=\"683\" src=\"https:\/\/saintlouisnews.sn\/wp-content\/uploads\/2026\/05\/image-2-1024x683.png\" alt=\"\" class=\"wp-image-11020\" srcset=\"https:\/\/saintlouisnews.sn\/wp-content\/uploads\/2026\/05\/image-2-1024x683.png 1024w, https:\/\/saintlouisnews.sn\/wp-content\/uploads\/2026\/05\/image-2-300x200.png 300w, https:\/\/saintlouisnews.sn\/wp-content\/uploads\/2026\/05\/image-2-768x512.png 768w, https:\/\/saintlouisnews.sn\/wp-content\/uploads\/2026\/05\/image-2-1536x1024.png 1536w, https:\/\/saintlouisnews.sn\/wp-content\/uploads\/2026\/05\/image-2.png 1680w\" sizes=\"auto, (max-width: 1024px) 100vw, 1024px\" \/><\/figure>\n\n\n\n<p>Cette reconnaissance s\u2019est \u00e9tendue aux \u00ab piliers \u00bb de l\u2019ombre. Ils sont 149 agents, issus de secteurs vitaux comme la restauration, l\u2019h\u00e9bergement, le transport ou la sant\u00e9. Ils ont veill\u00e9 sur le sommeil des \u00e9tudiants, pr\u00e9par\u00e9 des milliers de repas, conduit des bus ou soign\u00e9 des maux de toutes sortes. Ces nouveaux retrait\u00e9s, v\u00e9ritables piliers du quotidien, sont sortis de l\u2019ombre le temps d\u2019une c\u00e9r\u00e9monie. Leur distinction n\u2019\u00e9tait pas qu\u2019une formalit\u00e9 administrative, mais le cri de reconnaissance d\u2019une institution qui sait ce qu\u2019elle leur doit. Ils \u00e9taient d\u00e9vou\u00e9s au service des \u00e9tudiants de l\u2019Universit\u00e9 Gaston Berger (UGB).<\/p>\n\n\n\n<p><strong><em>Le dialogue social au c\u0153ur des \u00e9changes<\/em><\/strong><\/p>\n\n\n\n<figure class=\"wp-block-image size-large\"><img loading=\"lazy\" decoding=\"async\" width=\"1024\" height=\"683\" src=\"https:\/\/saintlouisnews.sn\/wp-content\/uploads\/2026\/05\/image-1-1024x683.png\" alt=\"\" class=\"wp-image-11019\" srcset=\"https:\/\/saintlouisnews.sn\/wp-content\/uploads\/2026\/05\/image-1-1024x683.png 1024w, https:\/\/saintlouisnews.sn\/wp-content\/uploads\/2026\/05\/image-1-300x200.png 300w, https:\/\/saintlouisnews.sn\/wp-content\/uploads\/2026\/05\/image-1-768x512.png 768w, https:\/\/saintlouisnews.sn\/wp-content\/uploads\/2026\/05\/image-1-1536x1024.png 1536w, https:\/\/saintlouisnews.sn\/wp-content\/uploads\/2026\/05\/image-1.png 1680w\" sizes=\"auto, (max-width: 1024px) 100vw, 1024px\" \/><\/figure>\n\n\n\n<p>L\u2019intersyndicale, porte-voix des aspirations sociales, a respect\u00e9 la tradition en d\u00e9posant son cahier de dol\u00e9ances. Mais ici, le dialogue n\u2019est pas une confrontation. C\u2019est une discussion de famille. Si les pr\u00e9occupations portent sur les carri\u00e8res et les conditions de travail, le climat est rest\u00e9 empreint de s\u00e9r\u00e9nit\u00e9. Le Dr Babacar Diop, tout en accueillant ces revendications avec bienveillance, a rappel\u00e9 la boussole de son action : le cadre l\u00e9gal et la responsabilit\u00e9 collective. Car pour servir plus de 20 000 \u00e9tudiants, dit-il, \u00ab&nbsp;la rigueur doit \u00eatre la compagne de la fraternit\u00e9&nbsp;\u00bb. Il a salu\u00e9 l\u2019unit\u00e9 syndicale tout en rappelant les r\u00e9alit\u00e9s de sa mission. Tout en r\u00e9it\u00e9rant son soutien ind\u00e9fectible au personnel avant de se poser en garant de l\u2019\u00e9quilibre et du bon fonctionnement de l\u2019institution.<\/p>\n\n\n\n<p><strong><em>Cap vers un \u00ab CROUS meilleur \u00bb<\/em><\/strong><\/p>\n\n\n\n<p>La c\u00e9r\u00e9monie s\u2019est achev\u00e9e par des pri\u00e8res et des festivit\u00e9s, laissant l\u2019image d\u2019une famille universitaire soud\u00e9e. Dans un contexte o\u00f9 les d\u00e9fis sociaux sont immenses, le CROUS de Saint-Louis semble avoir trouv\u00e9 la recette de la performance : miser sur l\u2019unit\u00e9, la fraternit\u00e9 et le respect des anciens pour mieux servir la communaut\u00e9 estudiantine.<\/p>\n\n\n\n<p><\/p>\n","protected":false},"excerpt":{"rendered":"<p>Sous la pr\u00e9sidence du Dr Babacar Diop, le Centre r\u00e9gional des \u0152uvres Universitaires de Saint-Louis (CROUS) a transform\u00e9 la F\u00eate du Travail en un moment de communion interg\u00e9n\u00e9rationnelle. Entre remise de cahiers de dol\u00e9ances et c\u00e9l\u00e9bration du m\u00e9rite, l\u2019institution a honor\u00e9 149 nouveaux retrait\u00e9s et ses anciens directeurs. L\u2019ambiance \u00e9tait \u00e0 la fois solennelle et &hellip;<\/p>\n","protected":false},"author":1,"featured_media":11018,"comment_status":"open","ping_status":"open","sticky":false,"template":"","format":"standard","meta":{"footnotes":""},"categories":[218,219,231],"tags":[],"class_list":["post-11016","post","type-post","status-publish","format-standard","has-post-thumbnail","hentry","category-a-laune","category-actualites","category-societe"],"_links":{"self":[{"href":"https:\/\/saintlouisnews.sn\/index.php?rest_route=\/wp\/v2\/posts\/11016","targetHints":{"allow":["GET"]}}],"collection":[{"href":"https:\/\/saintlouisnews.sn\/index.php?rest_route=\/wp\/v2\/posts"}],"about":[{"href":"https:\/\/saintlouisnews.sn\/index.php?rest_route=\/wp\/v2\/types\/post"}],"author":[{"embeddable":true,"href":"https:\/\/saintlouisnews.sn\/index.php?rest_route=\/wp\/v2\/users\/1"}],"replies":[{"embeddable":true,"href":"https:\/\/saintlouisnews.sn\/index.php?rest_route=%2Fwp%2Fv2%2Fcomments&post=11016"}],"version-history":[{"count":1,"href":"https:\/\/saintlouisnews.sn\/index.php?rest_route=\/wp\/v2\/posts\/11016\/revisions"}],"predecessor-version":[{"id":11021,"href":"https:\/\/saintlouisnews.sn\/index.php?rest_route=\/wp\/v2\/posts\/11016\/revisions\/11021"}],"wp:featuredmedia":[{"embeddable":true,"href":"https:\/\/saintlouisnews.sn\/index.php?rest_route=\/wp\/v2\/media\/11018"}],"wp:attachment":[{"href":"https:\/\/saintlouisnews.sn\/index.php?rest_route=%2Fwp%2Fv2%2Fmedia&parent=11016"}],"wp:term":[{"taxonomy":"category","embeddable":true,"href":"https:\/\/saintlouisnews.sn\/index.php?rest_route=%2Fwp%2Fv2%2Fcategories&post=11016"},{"taxonomy":"post_tag","embeddable":true,"href":"https:\/\/saintlouisnews.sn\/index.php?rest_route=%2Fwp%2Fv2%2Ftags&post=11016"}],"curies":[{"name":"wp","href":"https:\/\/api.w.org\/{rel}","templated":true}]}}