{"id":13700,"date":"2026-08-31T23:38:11","date_gmt":"2026-08-31T23:38:11","guid":{"rendered":"https:\/\/saintlouisnews.sn\/?p=13700"},"modified":"2026-08-31T23:38:12","modified_gmt":"2026-08-31T23:38:12","slug":"50eme-edition-magal-des-2-rakkas-a-saint-louis-un-jubile-dor-reorganise-face-aux-defis-climatiques-et-logistiques","status":"publish","type":"post","link":"https:\/\/saintlouisnews.sn\/?p=13700","title":{"rendered":"50eme \u00e9dition Magal des 2 Rakkas \u00e0 Saint-Louis : un jubil\u00e9 d&rsquo;or r\u00e9organis\u00e9 face aux d\u00e9fis climatiques et logistiques"},"content":{"rendered":"\n<p class=\"wp-block-paragraph\"><strong>\u00c0 situation exceptionnelle, dispositif exceptionnel. Pour sa cinquanti\u00e8me \u00e9dition, le Magal des 2 Rakkas de Saint-Louis s&rsquo;adapte aux contraintes d&rsquo;un calendrier religieux particuli\u00e8rement serr\u00e9. Makhtar Faye, pr\u00e9sident de la commission de communication du Kurel, a lev\u00e9 le voile sur une programmation resserr\u00e9e sur trois jours, du 3 au 5 septembre 2026, plac\u00e9e sous le parrainage unique de Serigne Touba et marqu\u00e9e par une s\u00e9curit\u00e9 renforc\u00e9e.<\/strong><\/p>\n\n\n\n<p class=\"wp-block-paragraph\"><strong><em>Un parrainage historique dict\u00e9 par le calendrier<\/em><\/strong><\/p>\n\n\n\n<p class=\"wp-block-paragraph\">Habituellement incarn\u00e9 par une figure contemporaine, le parrainage de cette 50e \u00e9dition revient cette ann\u00e9e au fondateur du mouridisme. <em>\u00ab D&rsquo;habitude, le parrain, on le choisissait, mais cette ann\u00e9e, vu que le Magal \u00e9tait tr\u00e8s proche du gamou et \u00e9galement proche du grand magal de Touba, donc on a jug\u00e9 n\u00e9cessaire que le parrain de cette ann\u00e9e, c&rsquo;est Serigne Touba \u00bb<\/em>, a expliqu\u00e9 Makhtar Faye. Un choix hautement symbolique pour comm\u00e9morer le geste historique du 5 septembre 1895 : <em>\u00ab C&rsquo;est lui qu&rsquo;on va d\u00e9dier le parrainage de l\u2019\u00e9dition 2026. \u00bb<\/em><\/p>\n\n\n\n<figure class=\"wp-block-image size-full\"><img loading=\"lazy\" decoding=\"async\" width=\"475\" height=\"268\" src=\"https:\/\/saintlouisnews.sn\/wp-content\/uploads\/2026\/08\/1001261379.jpg\" alt=\"\" class=\"wp-image-13703\" srcset=\"https:\/\/saintlouisnews.sn\/wp-content\/uploads\/2026\/08\/1001261379.jpg 475w, https:\/\/saintlouisnews.sn\/wp-content\/uploads\/2026\/08\/1001261379-300x169.jpg 300w, https:\/\/saintlouisnews.sn\/wp-content\/uploads\/2026\/08\/1001261379-390x220.jpg 390w\" sizes=\"auto, (max-width: 475px) 100vw, 475px\" \/><\/figure>\n\n\n\n<p class=\"wp-block-paragraph\">Cette concentration d&rsquo;\u00e9v\u00e9nements religieux a \u00e9galement pouss\u00e9 le comit\u00e9 d&rsquo;organisation \u00e0 condenser les festivit\u00e9s. <em>\u00ab Le programme aussi a \u00e9t\u00e9 suspendu jusqu&rsquo;\u00e0 l&rsquo;ann\u00e9e prochaine, mais cette ann\u00e9e, on n&rsquo;a choisi que trois jours \u00bb<\/em>, a pr\u00e9cis\u00e9 le responsable de la communication.<\/p>\n\n\n\n<p class=\"wp-block-paragraph\"><strong><em>Trois jours de ferveur, de la jeunesse \u00e0 la grande pri\u00e8re<\/em><\/strong><\/p>\n\n\n\n<p class=\"wp-block-paragraph\">Le coup d&rsquo;envoi sera donn\u00e9 le <strong>jeudi 3 septembre<\/strong>. D\u00e8s la matin\u00e9e, <em>\u00ab on va r\u00e9citer le Saint-Coran dans toutes les mosqu\u00e9es de la ville de Saint-Louis et des villages environnants \u00bb<\/em>. La soir\u00e9e proposera une double th\u00e9matique : <em>\u00ab C&rsquo;est un jour d\u00e9di\u00e9 \u00e0 la femme et en m\u00eame temps aussi d\u00e9di\u00e9 \u00e0 la place qu&rsquo;occupe le travail dans l&rsquo;islam. Comme je l\u2019ai rappel\u00e9 tant\u00f4t, donc c&rsquo;est deux programmes dans une m\u00eame soir\u00e9e. \u00bb<\/em> Pour animer ces d\u00e9bats, le Kurel a fait appel \u00e0 un intellectuel de renom : <em>\u00ab Le conf\u00e9rencier, c&rsquo;est celui qu&rsquo;on ne pr\u00e9sente plus dans ce S\u00e9n\u00e9gal, il s&rsquo;agit de Serigne Gana Messer\u00e8. \u00bb<\/em><\/p>\n\n\n\n<p class=\"wp-block-paragraph\">Le <strong>vendredi 4 septembre<\/strong> rendra hommage \u00e0 Mame Rawane Ngom de Mpal, qualifi\u00e9 de <em>\u00ab digne fils de Saint-Louis qui a consacr\u00e9 toute sa vie au Coran et \u00e0 l&rsquo;islam \u00bb<\/em> et de <em>\u00ab grand dignitaire religieux et moukhadame de Elh Malick Sy de Tivaouane \u00bb<\/em>. \u00c0 partir de 15 heures, la place Baya (ex-Faidherbe) accueillera le monde des daaras : <em>\u00ab On va inviter les Serigne de Daara, les Ndongo Daara, les parents de Daara, \u00e0 la place Baya (&#8230;) pour faire des gratifications aux talib\u00e9s les plus m\u00e9ritants. Le Kurel a pr\u00e9vu vraiment toutes sortes de cadeaux pour cette soir\u00e9e du saint coran. \u00bb<\/em><\/p>\n\n\n\n<p class=\"wp-block-paragraph\">Le point d&rsquo;orgue aura lieu le <strong>samedi 5 septembre<\/strong> lors de la grande pri\u00e8re comm\u00e9morative. <em>\u00ab Le samedi 5 septembre, on va prier avec l&rsquo;imam Serigne Mame Mor Mback\u00e9 ib\u2019 Serigne Mourtalla pour comm\u00e9morer l&rsquo;acte que Serigne Touba avait fait ici \u00bb<\/em>, a annonc\u00e9 Makhtar Faye. Une comm\u00e9moration pour <em>\u00ab montrer l&rsquo;unicit\u00e9 de Dieu, pour montrer que le drapeau de l&rsquo;islam ne va jamais s\u2019affaler, que le drapeau de l&rsquo;islam va toujours se hisser en haut et \u00e9galement la couleur noire aussi va dominer<\/em>.<\/p>\n\n\n\n<p class=\"wp-block-paragraph\"><strong><em>Face \u00e0 la canicule et l&rsquo;hivernage : l&rsquo;appel \u00e0 la vigilance du Kurel<\/em><\/strong><\/p>\n\n\n\n<p class=\"wp-block-paragraph\">Le Magal se d\u00e9roulant sous des conditions m\u00e9t\u00e9orologiques extr\u00eames, la s\u00e9curit\u00e9 des p\u00e8lerins reste la priorit\u00e9 absolue. <em>\u00ab Le message que nous allons lancer, c&rsquo;est qu&rsquo;il faut faire attention avec la chaleur parce que c&rsquo;est une terrible canicule qui s\u00e9vit actuellement \u00e0 Saint- Louis \u00bb<\/em>, a alert\u00e9 M. Faye. <em>\u00ab Donc, nous demandons \u00e0 toutes les personnes, \u00e0 tous les p\u00e8lerins de beaucoup boire et d\u2019\u00e9viter de rester tr\u00e8s longtemps sous le chaud soleil. \u00bb<\/em><\/p>\n\n\n\n<figure class=\"wp-block-image size-full\"><img loading=\"lazy\" decoding=\"async\" width=\"900\" height=\"540\" src=\"https:\/\/saintlouisnews.sn\/wp-content\/uploads\/2026\/08\/25125950-26567859.jpg\" alt=\"\" class=\"wp-image-13701\" srcset=\"https:\/\/saintlouisnews.sn\/wp-content\/uploads\/2026\/08\/25125950-26567859.jpg 900w, https:\/\/saintlouisnews.sn\/wp-content\/uploads\/2026\/08\/25125950-26567859-300x180.jpg 300w, https:\/\/saintlouisnews.sn\/wp-content\/uploads\/2026\/08\/25125950-26567859-767x460.jpg 767w\" sizes=\"auto, (max-width: 900px) 100vw, 900px\" \/><\/figure>\n\n\n\n<p class=\"wp-block-paragraph\">Pour pr\u00e9venir tout drame, l&rsquo;organisation cible trois risques majeurs de s\u00e9curit\u00e9 publique \u00e0 travers des consignes claires. Le Kurel exhorte d&rsquo;abord les habitants \u00e0 ne pas surcharger les balcons qui risquent de s&rsquo;effondrer sous l&rsquo;effet de l&rsquo;hivernage. De plus, face \u00e0 la canicule, l&rsquo;organisation interdit formellement toute baignade dans les bras du fleuve pour parer au danger de noyade. Les responsables insistent enfin sur le respect rigoureux du plan de circulation par les conducteurs afin de garantir la fluidit\u00e9 du trafic routier et d&rsquo;\u00e9pauler les forces de l&rsquo;ordre.<\/p>\n\n\n\n<p class=\"wp-block-paragraph\"><strong><em>Une logistique d&rsquo;urgence in\u00e9dite par voie fluviale<\/em><\/strong><\/p>\n\n\n\n<p class=\"wp-block-paragraph\">Sur le plan logistique, le Kurel travaille en \u00e9troite collaboration avec le gouverneur de r\u00e9gion, M. Al Hassan Sall, et le maire, Mamadou Mansour Faye. Un am\u00e9nagement strict est pr\u00e9vu \u00e0 la place Abdoulaye Wade : <em>\u00ab La place Abdoulaye Wade aussi sera une place r\u00e9serv\u00e9e uniquement aux sapeurs-pompiers pendant le Magal. Nous demandons aux automobilistes de ne pas stationner \u00e0 ce niveau. \u00bb<\/em><\/p>\n\n\n\n<p class=\"wp-block-paragraph\">Le dispositif d&rsquo;\u00e9vacuation m\u00e9dicale le 5 septembre sera d&rsquo;ailleurs totalement in\u00e9dit, le pont de l&rsquo;\u00cele \u00e9tant ferm\u00e9 aux v\u00e9hicules de secours. <em>\u00ab M\u00eame les malades transport\u00e9s par les ambulances ne vont pas traverser le pont le jour du 5 Septembre \u00bb<\/em>, a pr\u00e9venu Makhtar Faye. <em>\u00ab Donc, arriv\u00e9s \u00e0 la place Abdoulaye Wade, ce sont les sapeurs-pompiers qui vont prendre le relais pour les acheminer \u00e0 l\u2019h\u00f4pital par le fleuve. \u00bb<\/em><\/p>\n\n\n\n<p class=\"wp-block-paragraph\">Enfin, l\u2019acc\u00e8s \u00e0 la place Baya a fait l&rsquo;objet d&rsquo;un accord temporaire avec la municipalit\u00e9, assorti d&rsquo;une consigne de civisme rigoureuse : <em>\u00ab L&rsquo;audience que le maire nous a accord\u00e9e, c&rsquo;\u00e9tait pour nous donner les cl\u00e9s de la place Baya en chantier. Donc, l\u00e0 aussi, nous demandons \u00e0 tous les p\u00e8lerins de ne pas toucher quoi que ce soit \u00e0 cette place parce que les travaux ne sont pas encore termin\u00e9s. \u00bb<\/em><\/p>\n\n\n\n<p class=\"wp-block-paragraph\">Cette 50e \u00e9dition du Magal des 2 Rakkas s&rsquo;annonce aussi historique sur le plan spirituel que rigoureuse sur le plan de l&rsquo;organisation. Entre l&rsquo;hommage exceptionnel rendu \u00e0 Serigne Touba et les mesures drastiques impos\u00e9es par la m\u00e9t\u00e9o et les chantiers urbains, le Kurel et les autorit\u00e9s locales misent sur la responsabilit\u00e9 et le civisme de chaque p\u00e8lerin pour faire de ce jubil\u00e9 d&rsquo;or une totale r\u00e9ussite.<\/p>\n","protected":false},"excerpt":{"rendered":"<p>\u00c0 situation exceptionnelle, dispositif exceptionnel. Pour sa cinquanti\u00e8me \u00e9dition, le Magal des 2 Rakkas de Saint-Louis s&rsquo;adapte aux contraintes d&rsquo;un calendrier religieux particuli\u00e8rement serr\u00e9. Makhtar Faye, pr\u00e9sident de la commission de communication du Kurel, a lev\u00e9 le voile sur une programmation resserr\u00e9e sur trois jours, du 3 au 5 septembre 2026, plac\u00e9e sous le parrainage &hellip;<\/p>\n","protected":false},"author":1,"featured_media":13704,"comment_status":"open","ping_status":"open","sticky":false,"template":"","format":"standard","meta":{"footnotes":""},"categories":[218,219,245],"tags":[],"class_list":["post-13700","post","type-post","status-publish","format-standard","has-post-thumbnail","hentry","category-a-laune","category-actualites","category-culture"],"_links":{"self":[{"href":"https:\/\/saintlouisnews.sn\/index.php?rest_route=\/wp\/v2\/posts\/13700","targetHints":{"allow":["GET"]}}],"collection":[{"href":"https:\/\/saintlouisnews.sn\/index.php?rest_route=\/wp\/v2\/posts"}],"about":[{"href":"https:\/\/saintlouisnews.sn\/index.php?rest_route=\/wp\/v2\/types\/post"}],"author":[{"embeddable":true,"href":"https:\/\/saintlouisnews.sn\/index.php?rest_route=\/wp\/v2\/users\/1"}],"replies":[{"embeddable":true,"href":"https:\/\/saintlouisnews.sn\/index.php?rest_route=%2Fwp%2Fv2%2Fcomments&post=13700"}],"version-history":[{"count":1,"href":"https:\/\/saintlouisnews.sn\/index.php?rest_route=\/wp\/v2\/posts\/13700\/revisions"}],"predecessor-version":[{"id":13705,"href":"https:\/\/saintlouisnews.sn\/index.php?rest_route=\/wp\/v2\/posts\/13700\/revisions\/13705"}],"wp:featuredmedia":[{"embeddable":true,"href":"https:\/\/saintlouisnews.sn\/index.php?rest_route=\/wp\/v2\/media\/13704"}],"wp:attachment":[{"href":"https:\/\/saintlouisnews.sn\/index.php?rest_route=%2Fwp%2Fv2%2Fmedia&parent=13700"}],"wp:term":[{"taxonomy":"category","embeddable":true,"href":"https:\/\/saintlouisnews.sn\/index.php?rest_route=%2Fwp%2Fv2%2Fcategories&post=13700"},{"taxonomy":"post_tag","embeddable":true,"href":"https:\/\/saintlouisnews.sn\/index.php?rest_route=%2Fwp%2Fv2%2Ftags&post=13700"}],"curies":[{"name":"wp","href":"https:\/\/api.w.org\/{rel}","templated":true}]}}