{"id":13707,"date":"2026-09-01T01:10:40","date_gmt":"2026-09-01T01:10:40","guid":{"rendered":"https:\/\/saintlouisnews.sn\/?p=13707"},"modified":"2026-09-01T01:16:17","modified_gmt":"2026-09-01T01:16:17","slug":"gamou-2026-a-medina-baye-lautonomisation-des-talibes-au-coeur-des-priorites-de-letat","status":"publish","type":"post","link":"https:\/\/saintlouisnews.sn\/?p=13707","title":{"rendered":"Gamou 2026 \u00e0 M\u00e9dina Baye : L\u2019autonomisation des talib\u00e9s au c\u0153ur des priorit\u00e9s de l&rsquo;\u00c9tat"},"content":{"rendered":"\n<p class=\"wp-block-paragraph\">La sainte cit\u00e9 de M\u00e9dina Baye vibre au rythme du Gamou 2026. C&rsquo;est dans ce cadre solennel que le ministre de l\u2019Emploi, de la Formation professionnelle et technique (MEFPT), M. Idrissa Samb, a effectu\u00e9 ce lundi une visite de courtoisie aupr\u00e8s du Khalife g\u00e9n\u00e9ral de M\u00e9dina Baye, Serigne Cheikh Mouhamadou Mahi Ibrahima Niass. Au-del\u00e0 des civilit\u00e9s d\u2019usage, cette rencontre \u00e0 forte charge symbolique a act\u00e9 le lancement d&rsquo;une offensive gouvernementale majeure pour l&rsquo;inclusion socio-\u00e9conomique des jeunes des \u00e9coles coraniques \u00e0 travers le projet novateur \u00ab Daara-Atelier \u00bb.<\/p>\n\n\n\n<p class=\"wp-block-paragraph\">Accompagn\u00e9 d\u2019une forte d\u00e9l\u00e9gation comprenant les hauts cadres de son minist\u00e8re ainsi que les autorit\u00e9s administratives de la r\u00e9gion de Kaolack, le ministre Idrissa Samb a \u00e9t\u00e9 re\u00e7u avec tous les honneurs par le guide religieux. Cette visite aura surtout servi de tribune pour exposer la vision de l\u2019\u00c9tat visant \u00e0 transformer le visage de l&rsquo;apprentissage traditionnel en y greffant des comp\u00e9tences techniques modernes.<\/p>\n\n\n\n<p class=\"wp-block-paragraph\"><strong><em>Le projet \u00ab Daara-Atelier \u00bb : Une r\u00e9ponse concr\u00e8te \u00e0 l&rsquo;insertion des talib\u00e9s<\/em><\/strong><\/p>\n\n\n\n<p class=\"wp-block-paragraph\">Au centre des discussions, la mise en \u0153uvre effective du projet \u00ab Daara-Atelier \u00bb \u00e0 M\u00e9dina Baye repr\u00e9sente un tournant historique. Cette initiative pr\u00e9sidentielle ambitionne de briser les barri\u00e8res de l&rsquo;exclusion en offrant aux pensionnaires des daaras un acc\u00e8s direct \u00e0 des formations qualifiantes. L&rsquo;objectif est clair : doter les talib\u00e9s de comp\u00e9tences techniques solides afin de leur ouvrir de r\u00e9elles perspectives d\u2019insertion sur le march\u00e9 du travail ou de les guider vers l&rsquo;auto-entrepreneuriat.<\/p>\n\n\n\n<figure class=\"wp-block-image size-large\"><img loading=\"lazy\" decoding=\"async\" width=\"1024\" height=\"683\" src=\"https:\/\/saintlouisnews.sn\/wp-content\/uploads\/2026\/09\/FB_IMG_1788220439819-1024x683.jpg\" alt=\"\" class=\"wp-image-13710\" srcset=\"https:\/\/saintlouisnews.sn\/wp-content\/uploads\/2026\/09\/FB_IMG_1788220439819-1024x683.jpg 1024w, https:\/\/saintlouisnews.sn\/wp-content\/uploads\/2026\/09\/FB_IMG_1788220439819-300x200.jpg 300w, https:\/\/saintlouisnews.sn\/wp-content\/uploads\/2026\/09\/FB_IMG_1788220439819-768x512.jpg 768w, https:\/\/saintlouisnews.sn\/wp-content\/uploads\/2026\/09\/FB_IMG_1788220439819.jpg 1080w\" sizes=\"auto, (max-width: 1024px) 100vw, 1024px\" \/><\/figure>\n\n\n\n<p class=\"wp-block-paragraph\">Pour la cit\u00e9 religieuse de Kaolack, le MEFPT a cibl\u00e9 des fili\u00e8res strat\u00e9giques, en parfaite ad\u00e9quation avec le tissu \u00e9conomique local et les besoins du march\u00e9 de la r\u00e9gion administrative. Pour la cit\u00e9 religieuse de Kaolack, le minist\u00e8re a s\u00e9lectionn\u00e9 des fili\u00e8res strat\u00e9giques qui r\u00e9pondent directement aux besoins \u00e9conomiques de la r\u00e9gion. Tout d\u2019abord, les pensionnaires seront initi\u00e9s aux techniques du froid et de la climatisation, un secteur en pleine expansion qui offre de nombreux d\u00e9bouch\u00e9s dans l&rsquo;artisanat et les industries locales. En parall\u00e8le, ils recevront une formation rigoureuse en structure m\u00e9tallique, englobant la chaudronnerie et la soudure, afin d\u2019acqu\u00e9rir des comp\u00e9tences manuelles tr\u00e8s recherch\u00e9es sur les chantiers de construction. Le programme met \u00e9galement l\u2019accent sur la transformation des produits agricoles, une fili\u00e8re cl\u00e9 pour valoriser le potentiel agro-industriel du bassin arachidier et cr\u00e9er de la valeur ajout\u00e9e sur place. Enfin, l&rsquo;apprentissage de l\u2019aviculture permettra aux jeunes talib\u00e9s de ma\u00eetriser les techniques d&rsquo;un \u00e9levage \u00e0 cycle court, leur garantissant ainsi une insertion rapide et la g\u00e9n\u00e9ration de revenus imm\u00e9diats.<\/p>\n\n\n\n<p class=\"wp-block-paragraph\">En positionnant la formation professionnelle comme un levier d\u2019autonomisation, le minist\u00e8re entend redonner toute sa dignit\u00e9 \u00e0 la jeunesse des daaras. Il ne s&rsquo;agit plus seulement d&rsquo;apprendre un m\u00e9tier, mais de construire un avenir socio-\u00e9conomique stable et inclusif.<\/p>\n\n\n\n<p class=\"wp-block-paragraph\"><strong><em>L\u2019onction et les b\u00e9n\u00e9dictions du Khalife G\u00e9n\u00e9ral<\/em><\/strong><\/p>\n\n\n\n<p class=\"wp-block-paragraph\">L&rsquo;annonce de ce programme a \u00e9t\u00e9 accueillie avec un immense enthousiasme par les autorit\u00e9s religieuses de la cit\u00e9. Prenant la parole, le Khalife g\u00e9n\u00e9ral de M\u00e9dina Baye, Serigne Cheikh Mouhamadou Mahi Ibrahima Niass, a exprim\u00e9 sa profonde satisfaction et son soulagement face \u00e0 une telle initiative.<\/p>\n\n\n\n<p class=\"wp-block-paragraph\">Reconnu pour son engagement constant en faveur de l&rsquo;\u00e9ducation, du panafricanisme et du d\u00e9veloppement social, le guide spirituel a formellement apport\u00e9 son soutien total et sa b\u00e9n\u00e9diction au projet \u00ab Daara-Atelier \u00bb. Le Khalife a salu\u00e9 une d\u00e9marche pragmatique qui pr\u00e9serve la vocation spirituelle des daaras tout en armant les enfants contre la pr\u00e9carit\u00e9 \u00e9conomique gr\u00e2ce au savoir-faire technique.<\/p>\n\n\n\n<p class=\"wp-block-paragraph\">\u00c0 la veille du grand rassemblement du Gamou 2026, cette convergence de vues entre l&rsquo;\u00c9tat et la Haute autorit\u00e9 de M\u00e9dina Baye envoie un signal fort \u00e0 toute la communaut\u00e9 nationale : la modernisation des daaras et l&rsquo;avenir de la jeunesse s\u00e9n\u00e9galaise passent irr\u00e9vocablement par l&rsquo;alliance entre la foi, la science et les comp\u00e9tences professionnelles.<\/p>\n","protected":false},"excerpt":{"rendered":"<p>La sainte cit\u00e9 de M\u00e9dina Baye vibre au rythme du Gamou 2026. C&rsquo;est dans ce cadre solennel que le ministre de l\u2019Emploi, de la Formation professionnelle et technique (MEFPT), M. Idrissa Samb, a effectu\u00e9 ce lundi une visite de courtoisie aupr\u00e8s du Khalife g\u00e9n\u00e9ral de M\u00e9dina Baye, Serigne Cheikh Mouhamadou Mahi Ibrahima Niass. Au-del\u00e0 des &hellip;<\/p>\n","protected":false},"author":1,"featured_media":13708,"comment_status":"open","ping_status":"open","sticky":false,"template":"","format":"standard","meta":{"footnotes":""},"categories":[218,219,245],"tags":[],"class_list":["post-13707","post","type-post","status-publish","format-standard","has-post-thumbnail","hentry","category-a-laune","category-actualites","category-culture"],"_links":{"self":[{"href":"https:\/\/saintlouisnews.sn\/index.php?rest_route=\/wp\/v2\/posts\/13707","targetHints":{"allow":["GET"]}}],"collection":[{"href":"https:\/\/saintlouisnews.sn\/index.php?rest_route=\/wp\/v2\/posts"}],"about":[{"href":"https:\/\/saintlouisnews.sn\/index.php?rest_route=\/wp\/v2\/types\/post"}],"author":[{"embeddable":true,"href":"https:\/\/saintlouisnews.sn\/index.php?rest_route=\/wp\/v2\/users\/1"}],"replies":[{"embeddable":true,"href":"https:\/\/saintlouisnews.sn\/index.php?rest_route=%2Fwp%2Fv2%2Fcomments&post=13707"}],"version-history":[{"count":2,"href":"https:\/\/saintlouisnews.sn\/index.php?rest_route=\/wp\/v2\/posts\/13707\/revisions"}],"predecessor-version":[{"id":13712,"href":"https:\/\/saintlouisnews.sn\/index.php?rest_route=\/wp\/v2\/posts\/13707\/revisions\/13712"}],"wp:featuredmedia":[{"embeddable":true,"href":"https:\/\/saintlouisnews.sn\/index.php?rest_route=\/wp\/v2\/media\/13708"}],"wp:attachment":[{"href":"https:\/\/saintlouisnews.sn\/index.php?rest_route=%2Fwp%2Fv2%2Fmedia&parent=13707"}],"wp:term":[{"taxonomy":"category","embeddable":true,"href":"https:\/\/saintlouisnews.sn\/index.php?rest_route=%2Fwp%2Fv2%2Fcategories&post=13707"},{"taxonomy":"post_tag","embeddable":true,"href":"https:\/\/saintlouisnews.sn\/index.php?rest_route=%2Fwp%2Fv2%2Ftags&post=13707"}],"curies":[{"name":"wp","href":"https:\/\/api.w.org\/{rel}","templated":true}]}}