{"id":13713,"date":"2026-09-01T17:29:24","date_gmt":"2026-09-01T17:29:24","guid":{"rendered":"https:\/\/saintlouisnews.sn\/?p=13713"},"modified":"2026-09-01T17:30:31","modified_gmt":"2026-09-01T17:30:31","slug":"lentss-lance-une-formation-de-deux-ans-pour-integrer-97-aides-sociaux-dans-le-corps-des-assistants-sociaux","status":"publish","type":"post","link":"https:\/\/saintlouisnews.sn\/?p=13713","title":{"rendered":"L\u2019ENTSS lance une formation de deux ans pour int\u00e9grer 97 aides sociaux dans le corps des assistants sociaux"},"content":{"rendered":"\n<p class=\"wp-block-paragraph\"><strong>L\u2019\u00c9cole nationale des travailleurs sociaux sp\u00e9cialis\u00e9s (ENTSS) a officiellement lanc\u00e9, ce mardi \u00e0 Dakar, un programme de formation compl\u00e9mentaire de deux ans. Cette initiative permettra \u00e0 97 aides sociaux d&rsquo;acc\u00e9der au corps des assistants sociaux et de passer de la hi\u00e9rarchie B4 \u00e0 B1, corrigeant ainsi une disparit\u00e9 de longue date.<\/strong><\/p>\n\n\n\n<p class=\"wp-block-paragraph\">C\u2019est le d\u00e9nouement d\u2019une longue attente pour les professionnels du travail social au S\u00e9n\u00e9gal. La c\u00e9r\u00e9monie officielle de lancement de ce programme compl\u00e9mentaire de formation s\u2019est tenue \u00e0 Dakar, marquant le d\u00e9but d&rsquo;un parcours de deux ans pour pr\u00e8s d&rsquo;une centaine de b\u00e9n\u00e9ficiaires.<\/p>\n\n\n\n<p class=\"wp-block-paragraph\"><strong><em>La fin d&rsquo;une \u00ab injustice \u00bb pour les sentinelles de la solidarit\u00e9<\/em><\/strong><\/p>\n\n\n\n<p class=\"wp-block-paragraph\">Pour le minist\u00e8re de la Sant\u00e9 et de l\u2019Hygi\u00e8ne publique, ce programme repr\u00e9sente \u00ab la cons\u00e9cration d\u2019un long processus \u00bb destin\u00e9 \u00e0 \u00ab r\u00e9tablir une injustice dans le cadre des fonctionnaires du travail social \u00bb. Lors de l&rsquo;\u00e9v\u00e9nement, son repr\u00e9sentant, Abdoulaye Ndiaye, a rappel\u00e9 que cette initiative est le fruit d\u2019une \u00ab revendication syndicale l\u00e9gitime \u00bb. Elle traduit, selon lui, la volont\u00e9 des autorit\u00e9s de r\u00e9pondre \u00e0 une attente forte des agents en leur offrant des perspectives de carri\u00e8re \u00e0 la hauteur de leur engagement.<\/p>\n\n\n\n<p class=\"wp-block-paragraph\">M. Ndiaye a \u00e9galement tenu \u00e0 saluer le r\u00f4le crucial de ces professionnels, qualifi\u00e9s de \u00ab sentinelles de la solidarit\u00e9 \u00bb. Il a insist\u00e9 sur leur statut d\u2019acteurs de proximit\u00e9, indispensables pour apporter \u00e9coute, accompagnement et soutien aux populations les plus vuln\u00e9rables.<\/p>\n\n\n\n<p class=\"wp-block-paragraph\"><strong><em>Un engagement historique de l&rsquo;\u00c9tat du S\u00e9n\u00e9gal<\/em><\/strong><\/p>\n\n\n\n<p class=\"wp-block-paragraph\">Ce projet s&rsquo;inscrit en droite ligne des engagements pris par le gouvernement s\u00e9n\u00e9galais lors des n\u00e9gociations sociales de la derni\u00e8re d\u00e9cennie. Nd\u00e8ye Mari\u00e8me Ly Diagne, repr\u00e9sentante de l\u2019Amref (Fondation africaine pour la m\u00e9decine et la recherche), a rappel\u00e9 que l\u2019am\u00e9lioration des conditions d\u2019avancement des agents de la sant\u00e9 et de l\u2019action sociale figurait d\u00e9j\u00e0 dans les protocoles d\u2019accord sign\u00e9s en 2014 et 2022 entre l\u2019\u00c9tat et les partenaires sociaux.<\/p>\n\n\n\n<p class=\"wp-block-paragraph\">\u00ab Apr\u00e8s le rel\u00e8vement des niveaux des infirmiers et des sages-femmes, il \u00e9tait imp\u00e9ratif que les aides sociaux puissent acc\u00e9der \u00e0 la hi\u00e9rarchie B1 \u00bb, a-t-elle soutenu, qualifiant les travailleurs sociaux de \u00ab piliers invisibles mais indispensables \u00bb du syst\u00e8me de protection sociale. Elle a pr\u00e9cis\u00e9 que ce programme, ancr\u00e9 dans le syst\u00e8me LMD, concilie l\u2019excellence acad\u00e9mique et les r\u00e9alit\u00e9s du terrain, tout en restant parfaitement ajust\u00e9 aux exigences de la fonction publique.<\/p>\n\n\n\n<p class=\"wp-block-paragraph\"><strong><em>Une formation acc\u00e9l\u00e9r\u00e9e entre th\u00e9orie et stages<\/em><\/strong><\/p>\n\n\n\n<p class=\"wp-block-paragraph\">Sur le plan pratique, le programme d\u00e9butera d\u00e8s ce mercredi par une phase de cours en pr\u00e9sentiel d\u2019un mois au sein des locaux de l\u2019ENTSS. \u00c0 l\u2019issue de cette premi\u00e8re \u00e9tape, les 97 b\u00e9n\u00e9ficiaires rejoindront leurs structures respectives pour effectuer des stages de mise en situation professionnelle <em>in situ<\/em>. Ils devront y produire des dossiers de stage qu&rsquo;ils soutiendront devant l&rsquo;\u00e9cole avant de se pr\u00e9senter \u00e0 l&rsquo;examen de certification.<\/p>\n\n\n\n<p class=\"wp-block-paragraph\">Bien que la formation s&rsquo;\u00e9tale th\u00e9oriquement sur deux ans, la direction de l&rsquo;\u00e9cole a mis en place un dispositif pour acc\u00e9l\u00e9rer le processus. L&rsquo;objectif est de respecter les contraintes de temps impos\u00e9es par la Fonction publique sans pour autant sacrifier la rigueur p\u00e9dagogique. \u00ab L\u2019ENTSS a pr\u00e9vu un dispositif permettant de l\u2019acc\u00e9l\u00e9rer afin de respecter le cr\u00e9neau horaire exig\u00e9 par la Fonction publique, tout en garantissant le contenu et la qualit\u00e9 du programme \u00bb, a assur\u00e9 Abdoulaye Mamadou Mbow, le directeur de l&rsquo;\u00e9tablissement.<\/p>\n\n\n\n<p class=\"wp-block-paragraph\">Une fois l\u2019examen de certification r\u00e9ussi, les dossiers seront transmis par le minist\u00e8re de la Sant\u00e9 au minist\u00e8re de la Fonction publique pour acter le reversement officiel et d\u00e9finitif des 97 agents dans le corps des assistants sociaux.<\/p>\n","protected":false},"excerpt":{"rendered":"<p>L\u2019\u00c9cole nationale des travailleurs sociaux sp\u00e9cialis\u00e9s (ENTSS) a officiellement lanc\u00e9, ce mardi \u00e0 Dakar, un programme de formation compl\u00e9mentaire de deux ans. Cette initiative permettra \u00e0 97 aides sociaux d&rsquo;acc\u00e9der au corps des assistants sociaux et de passer de la hi\u00e9rarchie B4 \u00e0 B1, corrigeant ainsi une disparit\u00e9 de longue date. C\u2019est le d\u00e9nouement d\u2019une &hellip;<\/p>\n","protected":false},"author":1,"featured_media":13714,"comment_status":"open","ping_status":"open","sticky":false,"template":"","format":"standard","meta":{"footnotes":""},"categories":[218,219,231],"tags":[],"class_list":["post-13713","post","type-post","status-publish","format-standard","has-post-thumbnail","hentry","category-a-laune","category-actualites","category-societe"],"_links":{"self":[{"href":"https:\/\/saintlouisnews.sn\/index.php?rest_route=\/wp\/v2\/posts\/13713","targetHints":{"allow":["GET"]}}],"collection":[{"href":"https:\/\/saintlouisnews.sn\/index.php?rest_route=\/wp\/v2\/posts"}],"about":[{"href":"https:\/\/saintlouisnews.sn\/index.php?rest_route=\/wp\/v2\/types\/post"}],"author":[{"embeddable":true,"href":"https:\/\/saintlouisnews.sn\/index.php?rest_route=\/wp\/v2\/users\/1"}],"replies":[{"embeddable":true,"href":"https:\/\/saintlouisnews.sn\/index.php?rest_route=%2Fwp%2Fv2%2Fcomments&post=13713"}],"version-history":[{"count":2,"href":"https:\/\/saintlouisnews.sn\/index.php?rest_route=\/wp\/v2\/posts\/13713\/revisions"}],"predecessor-version":[{"id":13716,"href":"https:\/\/saintlouisnews.sn\/index.php?rest_route=\/wp\/v2\/posts\/13713\/revisions\/13716"}],"wp:featuredmedia":[{"embeddable":true,"href":"https:\/\/saintlouisnews.sn\/index.php?rest_route=\/wp\/v2\/media\/13714"}],"wp:attachment":[{"href":"https:\/\/saintlouisnews.sn\/index.php?rest_route=%2Fwp%2Fv2%2Fmedia&parent=13713"}],"wp:term":[{"taxonomy":"category","embeddable":true,"href":"https:\/\/saintlouisnews.sn\/index.php?rest_route=%2Fwp%2Fv2%2Fcategories&post=13713"},{"taxonomy":"post_tag","embeddable":true,"href":"https:\/\/saintlouisnews.sn\/index.php?rest_route=%2Fwp%2Fv2%2Ftags&post=13713"}],"curies":[{"name":"wp","href":"https:\/\/api.w.org\/{rel}","templated":true}]}}