{"id":13717,"date":"2026-09-01T17:47:34","date_gmt":"2026-09-01T17:47:34","guid":{"rendered":"https:\/\/saintlouisnews.sn\/?p=13717"},"modified":"2026-09-01T18:03:05","modified_gmt":"2026-09-01T18:03:05","slug":"le-football-sous-regional-en-fete-a-saint-louis-la-coupe-du-nord-avance-ses-dates-et-souvre-a-linternational","status":"publish","type":"post","link":"https:\/\/saintlouisnews.sn\/?p=13717","title":{"rendered":"Le football sous-r\u00e9gional en f\u00eate \u00e0 Saint-Louis : la Coupe du Nord avance ses dates et s&rsquo;ouvre \u00e0 l&rsquo;international"},"content":{"rendered":"\n<p class=\"wp-block-paragraph\">L&rsquo;effervescence monte d\u2019un cran dans la vieille ville. Initialement pr\u00e9vue du 20 au 30 septembre 2026, la premi\u00e8re \u00e9dition de la Coupe du Nord se tiendra finalement du 18 au 27 septembre 2026. Ce r\u00e9am\u00e9nagement du calendrier fait suite \u00e0 une demande expresse des clubs engag\u00e9s, soucieux de finaliser leur pr\u00e9paration et de souffler une semaine compl\u00e8te avant le coup d\u2019envoi officiel du championnat de Ligue 1.<\/p>\n\n\n\n<p class=\"wp-block-paragraph\"><strong><em>Un plateau royal et international<\/em><\/strong><\/p>\n\n\n\n<p class=\"wp-block-paragraph\">Le tournoi prend une dimension transfrontali\u00e8re majeure. Suite au d\u00e9sistement de l&rsquo;AJEL de Rufisque, c&rsquo;est la formation mauritanienne de King de Nouakchott qui int\u00e8gre la comp\u00e9tition. Elle se mesurera \u00e0 la cr\u00e8me du football s\u00e9n\u00e9galais \u00e0 travers un plateau exceptionnel de huit \u00e9quipes :<\/p>\n\n\n\n<ul class=\"wp-block-list\">\n<li><strong>Essamaye FC<\/strong><\/li>\n\n\n\n<li><strong>Casa Sports<\/strong><\/li>\n\n\n\n<li><strong>ASC Jaraaf<\/strong><\/li>\n\n\n\n<li><strong>Teungueth FC (TFC)<\/strong><\/li>\n\n\n\n<li><strong>US Gor\u00e9e<\/strong><\/li>\n\n\n\n<li><strong>ASC La Lingu\u00e8re<\/strong><\/li>\n\n\n\n<li><strong>US Ouakam<\/strong><\/li>\n\n\n\n<li><strong>King de Nouakchott<\/strong> (Mauritanie)<\/li>\n<\/ul>\n\n\n\n<p class=\"wp-block-paragraph\">Les d\u00e9l\u00e9gations sont attendues \u00e0 Saint-Louis d\u00e8s le 16 septembre. Le coup d&rsquo;envoi protocolaire sera donn\u00e9 le 17 septembre \u00e0 la Place Baya (ex-Place Faidherbe) lors d&rsquo;une c\u00e9r\u00e9monie officielle prestigieuse. L&rsquo;\u00e9v\u00e9nement sera rehauss\u00e9 par la pr\u00e9sence du Gouverneur de la r\u00e9gion, du ministre des Sports, du Maire de la ville, des hautes instances f\u00e9d\u00e9rales, ainsi que de plusieurs invit\u00e9s surprises.<\/p>\n\n\n\n<p class=\"wp-block-paragraph\"><strong><em>Trois sites retentissants et un show culturel<\/em><\/strong><\/p>\n\n\n\n<p class=\"wp-block-paragraph\">Les rencontres se disputeront sur trois pelouses de la r\u00e9gion : le stade Mawade Wade, le terrain de Bango et les installations de l&rsquo;UGB (Universit\u00e9 Gaston Berger). Au-del\u00e0 du rectangle vert, le tournoi promet d&rsquo;\u00eatre un festival de couleurs. Les gradins vibreront au rythme des chants des mythiques associations de supporters comme le 12\u00e8me Ga\u00efnd\u00e9, Allez Casa et L\u00e9bougui. Une animation culturelle non-stop est programm\u00e9e pendant les 10 jours de comp\u00e9tition pour assurer une ambiance festive totale.<\/p>\n\n\n\n<p class=\"wp-block-paragraph\">Pour Bamba B\u00e2, ce tournoi permettra \u00e0 Saint-Louis d&rsquo;occuper le devant de la sc\u00e8ne pendant 10 jours. <em>\u00abCe tournoi est con\u00e7u comme un d\u00e9clic pour le football local et l&rsquo;int\u00e9gration sous-r\u00e9gionale. Avancer les dates \u00e9tait indispensable pour prot\u00e9ger la sant\u00e9 des joueurs avant le marathon de la Ligue 1. L&rsquo;arriv\u00e9e de King de Nouakchott apporte un cachet international exceptionnel \u00e0 cette premi\u00e8re \u00e9dition. Nous voulons faire de Saint-Louis la capitale du football de la sous-r\u00e9gion pendant dix jours\u00bb<\/em>, a laiss\u00e9 entendre Bamba B\u00e2, initiateur du projet (La Lingu\u00e8re)  estimant que la concurrence entre les \u00e9quipes sera rude.<\/p>\n\n\n\n<p class=\"wp-block-paragraph\">Quant \u00e0 Paco S\u00e9n\u00e9gal rek, repr\u00e9sentant des comit\u00e9s de supporters locaux, il signale que Saint-Louis ne sera pas en reste. <em>\u00ab C&rsquo;est une immense fiert\u00e9 de recevoir le 12\u00e8me Ga\u00efnd\u00e9, Allez Casa et L\u00e9bougui chez nous. Nous pr\u00e9parons une mobilisation historique dans les gradins. L&rsquo;animation culturelle va accompagner chaque match, et nous allons rivaliser d&rsquo;ing\u00e9niosit\u00e9 pour que la f\u00eate soit totale \u00e0 Mawade Wade, \u00e0 Bango et \u00e0 l&rsquo;UGB. Que le meilleur gagne sur le terrain, mais dans les tribunes, Saint-Louis sera imbattable ! \u00bb<\/em>, a-t-il averti.<\/p>\n\n\n\n<p class=\"wp-block-paragraph\">En r\u00e9ussissant le pari d&rsquo;allier exigence sportive de haut niveau et ferveur populaire transfrontali\u00e8re, le tournoi ne se limite pas \u00e0 une simple comp\u00e9tition de pr\u00e9-saison. Port\u00e9 par le projet novateur de Bamba B\u00e2 et sublim\u00e9 par l&rsquo;arriv\u00e9e de King de Nouakchott, cet \u00e9v\u00e9nement s&rsquo;impose comme un puissant vecteur d\u2019int\u00e9gration sous-r\u00e9gionale et de dynamisme culturel.<\/p>\n\n\n\n<p class=\"wp-block-paragraph\">Du 18 au 27 septembre 2026, les yeux de toute l&rsquo;Afrique de l&rsquo;Ouest seront riv\u00e9s sur la vieille ville. Les supporters, par leur ing\u00e9niosit\u00e9 et leur passion, s&rsquo;appr\u00eatent \u00e0 transformer le stade Mawade Wade, Bango et l&rsquo;UGB en de v\u00e9ritables th\u00e9\u00e2tres de f\u00eate, prouvant une fois de plus que le football demeure le plus beau trait d&rsquo;union entre les peuples.<\/p>\n","protected":false},"excerpt":{"rendered":"<p>L&rsquo;effervescence monte d\u2019un cran dans la vieille ville. Initialement pr\u00e9vue du 20 au 30 septembre 2026, la premi\u00e8re \u00e9dition de la Coupe du Nord se tiendra finalement du 18 au 27 septembre 2026. Ce r\u00e9am\u00e9nagement du calendrier fait suite \u00e0 une demande expresse des clubs engag\u00e9s, soucieux de finaliser leur pr\u00e9paration et de souffler une &hellip;<\/p>\n","protected":false},"author":1,"featured_media":13366,"comment_status":"open","ping_status":"open","sticky":false,"template":"","format":"standard","meta":{"footnotes":""},"categories":[218,219,243],"tags":[],"class_list":["post-13717","post","type-post","status-publish","format-standard","has-post-thumbnail","hentry","category-a-laune","category-actualites","category-sports"],"_links":{"self":[{"href":"https:\/\/saintlouisnews.sn\/index.php?rest_route=\/wp\/v2\/posts\/13717","targetHints":{"allow":["GET"]}}],"collection":[{"href":"https:\/\/saintlouisnews.sn\/index.php?rest_route=\/wp\/v2\/posts"}],"about":[{"href":"https:\/\/saintlouisnews.sn\/index.php?rest_route=\/wp\/v2\/types\/post"}],"author":[{"embeddable":true,"href":"https:\/\/saintlouisnews.sn\/index.php?rest_route=\/wp\/v2\/users\/1"}],"replies":[{"embeddable":true,"href":"https:\/\/saintlouisnews.sn\/index.php?rest_route=%2Fwp%2Fv2%2Fcomments&post=13717"}],"version-history":[{"count":4,"href":"https:\/\/saintlouisnews.sn\/index.php?rest_route=\/wp\/v2\/posts\/13717\/revisions"}],"predecessor-version":[{"id":13723,"href":"https:\/\/saintlouisnews.sn\/index.php?rest_route=\/wp\/v2\/posts\/13717\/revisions\/13723"}],"wp:featuredmedia":[{"embeddable":true,"href":"https:\/\/saintlouisnews.sn\/index.php?rest_route=\/wp\/v2\/media\/13366"}],"wp:attachment":[{"href":"https:\/\/saintlouisnews.sn\/index.php?rest_route=%2Fwp%2Fv2%2Fmedia&parent=13717"}],"wp:term":[{"taxonomy":"category","embeddable":true,"href":"https:\/\/saintlouisnews.sn\/index.php?rest_route=%2Fwp%2Fv2%2Fcategories&post=13717"},{"taxonomy":"post_tag","embeddable":true,"href":"https:\/\/saintlouisnews.sn\/index.php?rest_route=%2Fwp%2Fv2%2Ftags&post=13717"}],"curies":[{"name":"wp","href":"https:\/\/api.w.org\/{rel}","templated":true}]}}