{"id":13724,"date":"2026-09-02T08:56:07","date_gmt":"2026-09-02T08:56:07","guid":{"rendered":"https:\/\/saintlouisnews.sn\/?p=13724"},"modified":"2026-09-02T08:56:09","modified_gmt":"2026-09-02T08:56:09","slug":"regates-du-16-septembre-le-maire-de-saint-louis-fait-bloc-avec-la-jeunesse-de-la-langue-de-barbaries","status":"publish","type":"post","link":"https:\/\/saintlouisnews.sn\/?p=13724","title":{"rendered":"R\u00e9gates du 16 Septembre : le maire de Saint-Louis fait bloc avec la jeunesse de la Langue de Barbaries"},"content":{"rendered":"\n<p class=\"wp-block-paragraph\"><strong><em>\u00c0 l\u2019approche de la traditionnelle journ\u00e9e de r\u00e9gates pr\u00e9vue le 16 septembre prochain, l&rsquo;h\u00f4tel de ville de Saint-Louis a servi de cadre, ce lundi 31 ao\u00fbt, \u00e0 une rencontre strat\u00e9gique entre le maire de la commune, Amadou Mansour Faye, et une forte d\u00e9l\u00e9gation de jeunes leaders de la Langue de Barbarie.<\/em><\/strong><\/p>\n\n\n\n<p class=\"wp-block-paragraph\">Cette audience solennelle marque le coup d\u2019envoi officiel des pr\u00e9paratifs de cet \u00e9v\u00e9nement phare, qui s\u2019annonce d\u00e9j\u00e0 comme le rendez-vous culturel et sportif majeur de la rentr\u00e9e dans la vieille cit\u00e9 coloniale.<\/p>\n\n\n\n<p class=\"wp-block-paragraph\"><strong><em>Une jeunesse mobilis\u00e9e pour son patrimoine<\/em><\/strong><\/p>\n\n\n\n<p class=\"wp-block-paragraph\">Venus porter le projet au premier magistrat de la ville, choisi comme parrain d&rsquo;honneur de cette \u00e9dition, les repr\u00e9sentants des quartiers de Guet Ndar, Santhiaba et Goxu Mbacc ont expos\u00e9 leur vision. L&rsquo;objectif de cette journ\u00e9e va bien au-del\u00e0 de la simple comp\u00e9tition sportive : il s&rsquo;agit d&rsquo;une v\u00e9ritable entreprise de revalorisation des traditions nautiques saint-louisiennes.<\/p>\n\n\n\n<p class=\"wp-block-paragraph\">Pour ces jeunes de la Langue de Barbarie, les r\u00e9gates de pirogues repr\u00e9sentent l&rsquo;essence m\u00eame de l&rsquo;identit\u00e9 de Ndar. C&rsquo;est un h\u00e9ritage s\u00e9culaire, transmis de g\u00e9n\u00e9ration en g\u00e9n\u00e9ration par les communaut\u00e9s de p\u00eacheurs, qu&rsquo;ils entendent moderniser et promouvoir \u00e0 l&rsquo;\u00e9chelle nationale et internationale.<\/p>\n\n\n\n<p class=\"wp-block-paragraph\"><strong><em>L\u2019engagement ferme de la municipalit\u00e9<\/em><\/strong><\/p>\n\n\n\n<p class=\"wp-block-paragraph\">Au cours des \u00e9changes, le maire Amadou Mansour Faye s&rsquo;est f\u00e9licit\u00e9 du dynamisme, de la maturit\u00e9 et du sens des responsabilit\u00e9s de cette jeunesse locale. Saluant leur engagement citoyen pour la pr\u00e9servation du patrimoine immat\u00e9riel de la commune, l&rsquo;\u00e9dile a r\u00e9affirm\u00e9 le soutien total et ind\u00e9fectible de la municipalit\u00e9.<\/p>\n\n\n\n<p class=\"wp-block-paragraph\">\u00ab Valoriser notre histoire et nos traditions \u00e0 travers le sport est une initiative noble que la municipalit\u00e9 ne manquera pas d&rsquo;accompagner \u00bb, a laiss\u00e9 entendre le maire, promettant des moyens logistiques et s\u00e9curitaires pour garantir le succ\u00e8s populaire de l&rsquo;\u00e9v\u00e9nement.<\/p>\n\n\n\n<p class=\"wp-block-paragraph\"><strong><em>Cap sur le 16 septembre<\/em><\/strong><\/p>\n\n\n\n<p class=\"wp-block-paragraph\">Le compte \u00e0 rebours est d\u00e9sormais lanc\u00e9. Le 16 septembre prochain, le fleuve S\u00e9n\u00e9gal se transformera en un immense th\u00e9\u00e2tre de couleurs, de chants folkloriques et de joutes nautiques spectaculaires. Les organisateurs promettent une organisation rigoureuse pour offrir aux Saint-Louisiens et aux touristes un spectacle m\u00e9morable, plac\u00e9 sous le signe de l&rsquo;unit\u00e9, de la culture et de la ferveur sportive.<\/p>\n","protected":false},"excerpt":{"rendered":"<p>\u00c0 l\u2019approche de la traditionnelle journ\u00e9e de r\u00e9gates pr\u00e9vue le 16 septembre prochain, l&rsquo;h\u00f4tel de ville de Saint-Louis a servi de cadre, ce lundi 31 ao\u00fbt, \u00e0 une rencontre strat\u00e9gique entre le maire de la commune, Amadou Mansour Faye, et une forte d\u00e9l\u00e9gation de jeunes leaders de la Langue de Barbarie. Cette audience solennelle marque &hellip;<\/p>\n","protected":false},"author":1,"featured_media":13725,"comment_status":"open","ping_status":"open","sticky":false,"template":"","format":"standard","meta":{"footnotes":""},"categories":[218,219,243],"tags":[],"class_list":["post-13724","post","type-post","status-publish","format-standard","has-post-thumbnail","hentry","category-a-laune","category-actualites","category-sports"],"_links":{"self":[{"href":"https:\/\/saintlouisnews.sn\/index.php?rest_route=\/wp\/v2\/posts\/13724","targetHints":{"allow":["GET"]}}],"collection":[{"href":"https:\/\/saintlouisnews.sn\/index.php?rest_route=\/wp\/v2\/posts"}],"about":[{"href":"https:\/\/saintlouisnews.sn\/index.php?rest_route=\/wp\/v2\/types\/post"}],"author":[{"embeddable":true,"href":"https:\/\/saintlouisnews.sn\/index.php?rest_route=\/wp\/v2\/users\/1"}],"replies":[{"embeddable":true,"href":"https:\/\/saintlouisnews.sn\/index.php?rest_route=%2Fwp%2Fv2%2Fcomments&post=13724"}],"version-history":[{"count":1,"href":"https:\/\/saintlouisnews.sn\/index.php?rest_route=\/wp\/v2\/posts\/13724\/revisions"}],"predecessor-version":[{"id":13726,"href":"https:\/\/saintlouisnews.sn\/index.php?rest_route=\/wp\/v2\/posts\/13724\/revisions\/13726"}],"wp:featuredmedia":[{"embeddable":true,"href":"https:\/\/saintlouisnews.sn\/index.php?rest_route=\/wp\/v2\/media\/13725"}],"wp:attachment":[{"href":"https:\/\/saintlouisnews.sn\/index.php?rest_route=%2Fwp%2Fv2%2Fmedia&parent=13724"}],"wp:term":[{"taxonomy":"category","embeddable":true,"href":"https:\/\/saintlouisnews.sn\/index.php?rest_route=%2Fwp%2Fv2%2Fcategories&post=13724"},{"taxonomy":"post_tag","embeddable":true,"href":"https:\/\/saintlouisnews.sn\/index.php?rest_route=%2Fwp%2Fv2%2Ftags&post=13724"}],"curies":[{"name":"wp","href":"https:\/\/api.w.org\/{rel}","templated":true}]}}