{"id":13728,"date":"2026-09-02T17:56:06","date_gmt":"2026-09-02T17:56:06","guid":{"rendered":"https:\/\/saintlouisnews.sn\/?p=13728"},"modified":"2026-09-02T17:56:07","modified_gmt":"2026-09-02T17:56:07","slug":"saint-louis-lard-et-le-patip-jf-se-mobilisent-pour-linsertion-professionnelle-des-jeunes-et-des-femmes","status":"publish","type":"post","link":"https:\/\/saintlouisnews.sn\/?p=13728","title":{"rendered":"Saint-Louis: L\u2019ARD et le PATIP-JF se mobilisent pour l\u2019insertion professionnelle des jeunes et des femmes"},"content":{"rendered":"\n<p class=\"wp-block-paragraph\"><strong>Saint-Louis, le 2 septembre 2026<\/strong> \u2013 <strong><em>Face au d\u00e9fi majeur de l&rsquo;insertion des jeunes dipl\u00f4m\u00e9s, la r\u00e9gion de Saint-Louis franchit une nouvelle \u00e9tape. Le Dispositif territorial de premier emploi, port\u00e9 par l&rsquo;Agence r\u00e9gionale de d\u00e9veloppement (ARD), a r\u00e9uni ce mercredi les acteurs cl\u00e9s locaux pour un atelier crucial de sensibilisation et d&rsquo;\u00e9change autour du Projet d&rsquo;appui \u00e0 la territorialisation des politiques d&rsquo;insertion professionnelle des jeunes et des femmes (PATIP-JF).<\/em><\/strong><\/p>\n\n\n\n<p class=\"wp-block-paragraph\"><strong><em>Briser le verrou du premier emploi<\/em><\/strong><\/p>\n\n\n\n<p class=\"wp-block-paragraph\">Au S\u00e9n\u00e9gal, le constat reste partag\u00e9 : apr\u00e8s l&rsquo;obtention de leurs dipl\u00f4mes, de nombreux jeunes se heurtent \u00e0 la difficult\u00e9 de d\u00e9crocher une premi\u00e8re exp\u00e9rience professionnelle, souvent faute d&rsquo;opportunit\u00e9s adapt\u00e9es \u00e0 leur profil. C&rsquo;est pr\u00e9cis\u00e9ment pour faire sauter ce verrou que le PATIP-JF a \u00e9t\u00e9 con\u00e7u.<\/p>\n\n\n\n<p class=\"wp-block-paragraph\">Cet atelier r\u00e9gional visait \u00e0 renforcer la compr\u00e9hension et l&rsquo;appropriation du dispositif par les collectivit\u00e9s territoriales et les entreprises partenaires, \u00e0 consolider leur adh\u00e9sion et \u00e0 d\u00e9finir pr\u00e9cis\u00e9ment le r\u00f4le de chacun dans l&rsquo;ex\u00e9cution et le suivi de proximit\u00e9. Au-del\u00e0 de la sensibilisation, la rencontre a offert un espace d&rsquo;\u00e9valuation pour analyser les acquis, identifier les contraintes sur le terrain et envisager des pistes de p\u00e9rennisation.<\/p>\n\n\n\n<p class=\"wp-block-paragraph\"><strong><em>Une innovation de taille : int\u00e9grer les collectivit\u00e9s locales<\/em><\/strong><\/p>\n\n\n\n<p class=\"wp-block-paragraph\">Financ\u00e9 avec l&rsquo;appui de la coop\u00e9ration italienne et mis en \u0153uvre par le minist\u00e8re de l&rsquo;Emploi, de la Formation professionnelle et technique, le PATIP-JF s&rsquo;inscrit dans la continuit\u00e9 de programmes ant\u00e9rieurs comme le PASPED ou le PAIJEF. Cependant, il introduit une rupture majeure.<\/p>\n\n\n\n<blockquote class=\"wp-block-quote is-layout-flow wp-block-quote-is-layout-flow\">\n<p class=\"wp-block-paragraph\">\u00ab La grande innovation du PATIP, c&rsquo;est l&rsquo;int\u00e9gration des collectivit\u00e9s territoriales qui, au m\u00eame titre que les entreprises, b\u00e9n\u00e9ficient d\u00e9sormais de stagiaires \u00bb, a soulign\u00e9 <strong>Dr Ndoumb\u00e9 Diop<\/strong>, coordonnatrice nationale du PATIP-JF.<\/p>\n<\/blockquote>\n\n\n\n<p class=\"wp-block-paragraph\">Pr\u00e9sente \u00e0 Saint-Louis dans le cadre d&rsquo;une tourn\u00e9e qui couvrira les d\u00e9partements de Dagana, Podor et Saint-Louis, l&rsquo;\u00e9quipe nationale pr\u00e9voit de visiter les structures d&rsquo;accueil pour \u00e9changer directement avec les stagiaires et leurs ma\u00eetres de stage.<\/p>\n\n\n\n<p class=\"wp-block-paragraph\">Pour Ousmane Sow, Directeur g\u00e9n\u00e9ral de l&rsquo;ARD de Saint-Louis, cette d\u00e9marche permet de confronter les donn\u00e9es administratives \u00e0 la r\u00e9alit\u00e9 du terrain.<\/p>\n\n\n\n<blockquote class=\"wp-block-quote is-layout-flow wp-block-quote-is-layout-flow\">\n<p class=\"wp-block-paragraph\">\u00ab Nous nous sommes retrouv\u00e9s pour permettre \u00e0 l&rsquo;\u00e9quipe nationale de visiter le terrain et de v\u00e9rifier que les \u00e9l\u00e9ments de reporting que nous leur envoyons chaque mois correspondent \u00e0 la r\u00e9alit\u00e9. \u00bb<\/p>\n<\/blockquote>\n\n\n\n<p class=\"wp-block-paragraph\"><strong><em>Des impacts concrets sur le terrain<\/em><\/strong><\/p>\n\n\n\n<p class=\"wp-block-paragraph\">L&rsquo;extension du dispositif au secteur public local r\u00e9pond \u00e0 un besoin pressant en ressources humaines qualifi\u00e9es au sein des municipalit\u00e9s. Les premiers retours d&rsquo;exp\u00e9rience s&rsquo;av\u00e8rent d&rsquo;ailleurs tr\u00e8s positifs.<\/p>\n\n\n\n<p class=\"wp-block-paragraph\">\u00c0 la mairie de Gandon, l&rsquo;impact est direct. Amadou Tidjane Soniane, adjoint au maire, t\u00e9moigne de l&rsquo;apport de deux stagiaires affect\u00e9s \u00e0 sa commune : un archiviste et un ing\u00e9nieur conseil. Le premier a permis de restructurer int\u00e9gralement le syst\u00e8me d&rsquo;archivage de la collectivit\u00e9, tandis que le second assure le suivi rigoureux de l&rsquo;ex\u00e9cution des march\u00e9s communaux, en synergie avec l&rsquo;appui technique de l&rsquo;ARD.<\/p>\n\n\n\n<p class=\"wp-block-paragraph\">En mobilisant \u00e0 la fois le secteur priv\u00e9 et les administrations locales, le Dispositif territorial de premier emploi confirme sa volont\u00e9 de territorialiser efficacement les politiques d&#8217;emploi, transformant la recherche d&rsquo;exp\u00e9rience des jeunes en un levier de d\u00e9veloppement pour les collectivit\u00e9s de la r\u00e9gion.<\/p>\n","protected":false},"excerpt":{"rendered":"<p>Saint-Louis, le 2 septembre 2026 \u2013 Face au d\u00e9fi majeur de l&rsquo;insertion des jeunes dipl\u00f4m\u00e9s, la r\u00e9gion de Saint-Louis franchit une nouvelle \u00e9tape. Le Dispositif territorial de premier emploi, port\u00e9 par l&rsquo;Agence r\u00e9gionale de d\u00e9veloppement (ARD), a r\u00e9uni ce mercredi les acteurs cl\u00e9s locaux pour un atelier crucial de sensibilisation et d&rsquo;\u00e9change autour du Projet &hellip;<\/p>\n","protected":false},"author":1,"featured_media":13729,"comment_status":"open","ping_status":"open","sticky":false,"template":"","format":"standard","meta":{"footnotes":""},"categories":[218,219,231],"tags":[],"class_list":["post-13728","post","type-post","status-publish","format-standard","has-post-thumbnail","hentry","category-a-laune","category-actualites","category-societe"],"_links":{"self":[{"href":"https:\/\/saintlouisnews.sn\/index.php?rest_route=\/wp\/v2\/posts\/13728","targetHints":{"allow":["GET"]}}],"collection":[{"href":"https:\/\/saintlouisnews.sn\/index.php?rest_route=\/wp\/v2\/posts"}],"about":[{"href":"https:\/\/saintlouisnews.sn\/index.php?rest_route=\/wp\/v2\/types\/post"}],"author":[{"embeddable":true,"href":"https:\/\/saintlouisnews.sn\/index.php?rest_route=\/wp\/v2\/users\/1"}],"replies":[{"embeddable":true,"href":"https:\/\/saintlouisnews.sn\/index.php?rest_route=%2Fwp%2Fv2%2Fcomments&post=13728"}],"version-history":[{"count":1,"href":"https:\/\/saintlouisnews.sn\/index.php?rest_route=\/wp\/v2\/posts\/13728\/revisions"}],"predecessor-version":[{"id":13730,"href":"https:\/\/saintlouisnews.sn\/index.php?rest_route=\/wp\/v2\/posts\/13728\/revisions\/13730"}],"wp:featuredmedia":[{"embeddable":true,"href":"https:\/\/saintlouisnews.sn\/index.php?rest_route=\/wp\/v2\/media\/13729"}],"wp:attachment":[{"href":"https:\/\/saintlouisnews.sn\/index.php?rest_route=%2Fwp%2Fv2%2Fmedia&parent=13728"}],"wp:term":[{"taxonomy":"category","embeddable":true,"href":"https:\/\/saintlouisnews.sn\/index.php?rest_route=%2Fwp%2Fv2%2Fcategories&post=13728"},{"taxonomy":"post_tag","embeddable":true,"href":"https:\/\/saintlouisnews.sn\/index.php?rest_route=%2Fwp%2Fv2%2Ftags&post=13728"}],"curies":[{"name":"wp","href":"https:\/\/api.w.org\/{rel}","templated":true}]}}