{"id":13731,"date":"2026-09-02T23:20:05","date_gmt":"2026-09-02T23:20:05","guid":{"rendered":"https:\/\/saintlouisnews.sn\/?p=13731"},"modified":"2026-09-02T23:20:07","modified_gmt":"2026-09-02T23:20:07","slug":"saint-louis-dr-ahmadou-bamba-ka-remobilise-ses-troupes-a-bango-et-gandon-en-vue-des-prochaines-echeances","status":"publish","type":"post","link":"https:\/\/saintlouisnews.sn\/?p=13731","title":{"rendered":"Saint-Louis : Dr Ahmadou Bamba K\u00e2 remobilise ses troupes \u00e0 Bango et Gandon en vue des prochaines \u00e9ch\u00e9ances"},"content":{"rendered":"\n<p class=\"wp-block-paragraph\">Le landerneau politique saint-louisien s&rsquo;anime \u00e0 nouveau. Apr\u00e8s plusieurs mois de relative discr\u00e9tion, Bamba K\u00e2 a op\u00e9r\u00e9 un retour strat\u00e9gique sur le terrain le week-end dernier. Les samedi 29 et dimanche 30 ao\u00fbt 2026, ce leader politique local est all\u00e9 \u00e0 la rencontre de sa base affective et politique, marquant le coup d&rsquo;envoi d&rsquo;une vaste campagne de remobilisation.<\/p>\n\n\n\n<p class=\"wp-block-paragraph\"><strong>Une d\u00e9monstration de force \u00e0 Bango et Gandon<\/strong><\/p>\n\n\n\n<p class=\"wp-block-paragraph\">Le marathon politique a d\u00e9but\u00e9 le samedi 29 ao\u00fbt \u00e0 Bango, quartier natal de Bamba K\u00e2. Devant une foule de militants et de responsables locaux venue en masse, le leader a jou\u00e9 la carte de la proximit\u00e9. Le lendemain, dimanche 30 ao\u00fbt, c&rsquo;est la commune de Gandon qui a pris le relais avec la m\u00eame ferveur populaire, confirmant l&rsquo;ancrage territorial de l&rsquo;homme politique.<\/p>\n\n\n\n<figure class=\"wp-block-image size-large\"><img loading=\"lazy\" decoding=\"async\" width=\"1024\" height=\"770\" src=\"https:\/\/saintlouisnews.sn\/wp-content\/uploads\/2026\/09\/FB_IMG_1788371902539-1024x770.jpg\" alt=\"\" class=\"wp-image-13732\" srcset=\"https:\/\/saintlouisnews.sn\/wp-content\/uploads\/2026\/09\/FB_IMG_1788371902539-1024x770.jpg 1024w, https:\/\/saintlouisnews.sn\/wp-content\/uploads\/2026\/09\/FB_IMG_1788371902539-300x225.jpg 300w, https:\/\/saintlouisnews.sn\/wp-content\/uploads\/2026\/09\/FB_IMG_1788371902539-768x577.jpg 768w, https:\/\/saintlouisnews.sn\/wp-content\/uploads\/2026\/09\/FB_IMG_1788371902539.jpg 1280w\" sizes=\"auto, (max-width: 1024px) 100vw, 1024px\" \/><\/figure>\n\n\n\n<p class=\"wp-block-paragraph\">Ces rencontres, caract\u00e9ris\u00e9es par une forte affluence, s&rsquo;inscrivent dans une dynamique de reconnexion directe avec les r\u00e9alit\u00e9s du terrain. Les partisans de la premi\u00e8re heure comme les nouveaux sympathisants ont r\u00e9pondu massivement \u00e0 l&rsquo;appel de leur leader.<\/p>\n\n\n\n<p class=\"wp-block-paragraph\"><strong>D\u00e9crypter la nouvelle configuration politique&nbsp;<\/strong><\/p>\n\n\n\n<p class=\"wp-block-paragraph\">Au c\u0153ur des \u00e9changes : l&rsquo;\u00e9volution r\u00e9cente du paysage politique s\u00e9n\u00e9galais. Face aux mutations et aux recompositions en cours au niveau national, Bamba K\u00e2 a tenu \u00e0 partager sa lecture des faits avec ses troupes. Les discussions ont permis d&rsquo;analyser la nouvelle donne politique et de situer les enjeux locaux par rapport aux dynamiques globales du pays.<\/p>\n\n\n\n<figure class=\"wp-block-image size-large\"><img loading=\"lazy\" decoding=\"async\" width=\"1024\" height=\"768\" src=\"https:\/\/saintlouisnews.sn\/wp-content\/uploads\/2026\/09\/FB_IMG_1788371908110-1024x768.jpg\" alt=\"\" class=\"wp-image-13734\" srcset=\"https:\/\/saintlouisnews.sn\/wp-content\/uploads\/2026\/09\/FB_IMG_1788371908110-1024x768.jpg 1024w, https:\/\/saintlouisnews.sn\/wp-content\/uploads\/2026\/09\/FB_IMG_1788371908110-300x225.jpg 300w, https:\/\/saintlouisnews.sn\/wp-content\/uploads\/2026\/09\/FB_IMG_1788371908110-768x576.jpg 768w, https:\/\/saintlouisnews.sn\/wp-content\/uploads\/2026\/09\/FB_IMG_1788371908110.jpg 1280w\" sizes=\"auto, (max-width: 1024px) 100vw, 1024px\" \/><\/figure>\n\n\n\n<p class=\"wp-block-paragraph\">Cette d\u00e9marche d&rsquo;explication et de partage a \u00e9t\u00e9 salu\u00e9e par les responsables de base, qui r\u00e9clamaient des orientations claires pour la suite du calendrier politique.<\/p>\n\n\n\n<p class=\"wp-block-paragraph\"><strong>Cap sur les prochaines \u00e9ch\u00e9ances \u00e9lectorales&nbsp;<\/strong><\/p>\n\n\n\n<p class=\"wp-block-paragraph\">Alors que des \u00e9ch\u00e9ances \u00e9lectorales cruciales se profilent \u00e0 l&rsquo;horizon, cette descente sur le terrain sonne comme un r\u00e9veil des troupes. Consid\u00e9r\u00e9 par les observateurs comme une \u00ab\u00a0valeur s\u00fbre\u00a0\u00bb de la sc\u00e8ne politique de Saint-Louis, Bamba K\u00e2 dispose d&rsquo;un \u00e9lectorat fid\u00e8le et particuli\u00e8rement solide, capable de peser sur les futurs scrutins.<\/p>\n\n\n\n<figure class=\"wp-block-image size-large\"><img loading=\"lazy\" decoding=\"async\" width=\"1024\" height=\"768\" src=\"https:\/\/saintlouisnews.sn\/wp-content\/uploads\/2026\/09\/FB_IMG_1788371910553-1024x768.jpg\" alt=\"\" class=\"wp-image-13733\" srcset=\"https:\/\/saintlouisnews.sn\/wp-content\/uploads\/2026\/09\/FB_IMG_1788371910553-1024x768.jpg 1024w, https:\/\/saintlouisnews.sn\/wp-content\/uploads\/2026\/09\/FB_IMG_1788371910553-300x225.jpg 300w, https:\/\/saintlouisnews.sn\/wp-content\/uploads\/2026\/09\/FB_IMG_1788371910553-768x576.jpg 768w, https:\/\/saintlouisnews.sn\/wp-content\/uploads\/2026\/09\/FB_IMG_1788371910553.jpg 1280w\" sizes=\"auto, (max-width: 1024px) 100vw, 1024px\" \/><\/figure>\n\n\n\n<p class=\"wp-block-paragraph\">Toutefois, pas question de pr\u00e9cipiter les choses. Pour l\u2019heure, le natif de Bango adopte une posture d&rsquo;\u00e9coute active. S&rsquo;il refuse pour l&rsquo;instant de se d\u00e9terminer officiellement sur sa trajectoire future, il pose les jalons d&rsquo;un engagement renforc\u00e9.<\/p>\n\n\n\n<p class=\"wp-block-paragraph\"><strong>Tourn\u00e9e g\u00e9n\u00e9ral en perspective&nbsp;<\/strong><\/p>\n\n\n\n<p class=\"wp-block-paragraph\">L&rsquo;\u00e9tape de Bango et Gandon n&rsquo;est que le prologue d&rsquo;un d\u00e9ploiement plus vaste. L&rsquo;entourage de Bamba K\u00e2 annonce d\u00e9j\u00e0 que le responsable politique va sillonner prochainement l\u2019ensemble des autres quartiers de la commune de Saint-Louis. Une offensive politique qui promet de red\u00e9finir les rapports de force dans la capitale du Nord.<\/p>\n","protected":false},"excerpt":{"rendered":"<p>Le landerneau politique saint-louisien s&rsquo;anime \u00e0 nouveau. Apr\u00e8s plusieurs mois de relative discr\u00e9tion, Bamba K\u00e2 a op\u00e9r\u00e9 un retour strat\u00e9gique sur le terrain le week-end dernier. Les samedi 29 et dimanche 30 ao\u00fbt 2026, ce leader politique local est all\u00e9 \u00e0 la rencontre de sa base affective et politique, marquant le coup d&rsquo;envoi d&rsquo;une vaste &hellip;<\/p>\n","protected":false},"author":1,"featured_media":13735,"comment_status":"open","ping_status":"open","sticky":false,"template":"","format":"standard","meta":{"footnotes":""},"categories":[218,219,228],"tags":[],"class_list":["post-13731","post","type-post","status-publish","format-standard","has-post-thumbnail","hentry","category-a-laune","category-actualites","category-politique"],"_links":{"self":[{"href":"https:\/\/saintlouisnews.sn\/index.php?rest_route=\/wp\/v2\/posts\/13731","targetHints":{"allow":["GET"]}}],"collection":[{"href":"https:\/\/saintlouisnews.sn\/index.php?rest_route=\/wp\/v2\/posts"}],"about":[{"href":"https:\/\/saintlouisnews.sn\/index.php?rest_route=\/wp\/v2\/types\/post"}],"author":[{"embeddable":true,"href":"https:\/\/saintlouisnews.sn\/index.php?rest_route=\/wp\/v2\/users\/1"}],"replies":[{"embeddable":true,"href":"https:\/\/saintlouisnews.sn\/index.php?rest_route=%2Fwp%2Fv2%2Fcomments&post=13731"}],"version-history":[{"count":1,"href":"https:\/\/saintlouisnews.sn\/index.php?rest_route=\/wp\/v2\/posts\/13731\/revisions"}],"predecessor-version":[{"id":13736,"href":"https:\/\/saintlouisnews.sn\/index.php?rest_route=\/wp\/v2\/posts\/13731\/revisions\/13736"}],"wp:featuredmedia":[{"embeddable":true,"href":"https:\/\/saintlouisnews.sn\/index.php?rest_route=\/wp\/v2\/media\/13735"}],"wp:attachment":[{"href":"https:\/\/saintlouisnews.sn\/index.php?rest_route=%2Fwp%2Fv2%2Fmedia&parent=13731"}],"wp:term":[{"taxonomy":"category","embeddable":true,"href":"https:\/\/saintlouisnews.sn\/index.php?rest_route=%2Fwp%2Fv2%2Fcategories&post=13731"},{"taxonomy":"post_tag","embeddable":true,"href":"https:\/\/saintlouisnews.sn\/index.php?rest_route=%2Fwp%2Fv2%2Ftags&post=13731"}],"curies":[{"name":"wp","href":"https:\/\/api.w.org\/{rel}","templated":true}]}}