{"id":13742,"date":"2026-09-03T17:17:34","date_gmt":"2026-09-03T17:17:34","guid":{"rendered":"https:\/\/saintlouisnews.sn\/?p=13742"},"modified":"2026-09-03T18:29:55","modified_gmt":"2026-09-03T18:29:55","slug":"saint-louis-mansour-faye-siffle-le-rappel-des-troupes-de-lapr-et-relance-le-debat-sur-lavenir-de-la-creme","status":"publish","type":"post","link":"https:\/\/saintlouisnews.sn\/?p=13742","title":{"rendered":"Saint-Louis : Mansour Faye siffle le rappel des troupes de l&rsquo;APR et relance le d\u00e9bat sur l&rsquo;avenir de la CREME"},"content":{"rendered":"\n<p class=\"wp-block-paragraph\"><strong><em>La Coordination d\u00e9partementale de l\u2019Alliance pour la R\u00e9publique (APR) de Saint-Louis organise une grande rencontre de concertation ce dimanche 06 septembre 2026. Convoqu\u00e9e par le coordonnateur d\u00e9partemental Mansour Faye, cette r\u00e9union cruciale vise \u00e0 red\u00e9finir la strat\u00e9gie du parti face \u00e0 la nouvelle configuration politique nationale et \u00e0 sceller le sort de la Cellule de Communication et de R\u00e9flexion de la Majorit\u00e9 pr\u00e9sidentielle \u00e9largie (CREME).<\/em><\/strong><\/p>\n\n\n\n<p class=\"wp-block-paragraph\">Apr\u00e8s une p\u00e9riode de l\u00e9thargie prolong\u00e9e, la section saint-louisienne de l\u2019ancien parti au pouvoir tente de reprendre la main. L&rsquo;ordre du jour officiel, particuli\u00e8rement dense, t\u00e9moigne de l&rsquo;urgence pour les r\u00e9publicains de se r\u00e9organiser dans un paysage politique en pleine mutation.<\/p>\n\n\n\n<p class=\"wp-block-paragraph\"><strong><em>L&rsquo;avenir de la CREME au c\u0153ur des d\u00e9bats<\/em><\/strong><\/p>\n\n\n\n<p class=\"wp-block-paragraph\">Au centre des discussions figurera le devenir de la CREME, cette structure qui regroupait les cadres et communicateurs de la d\u00e9funte mouvance pr\u00e9sidentielle. Apr\u00e8s une longue mise en veille de ses activit\u00e9s, l&rsquo;heure est au bilan. Les responsables de l\u2019APR devront analyser l&rsquo;\u00e9tat des lieux de cette cellule et statuer sur sa pertinence actuelle.<\/p>\n\n\n\n<p class=\"wp-block-paragraph\">Le repositionnement des diff\u00e9rentes composantes de l&rsquo;ancienne majorit\u00e9 sera \u00e9galement scrut\u00e9. Alors que certaines forces alli\u00e9es ont pris des trajectoires diverses depuis les derniers bouleversements politiques, l&rsquo;APR de Saint-Louis cherche \u00e0 \u00e9valuer ses forces et \u00e0 clarifier ses relations avec ses anciens partenaires.<\/p>\n\n\n\n<p class=\"wp-block-paragraph\"><strong><em>Red\u00e9finir la strat\u00e9gie locale et nationale<\/em><\/strong><\/p>\n\n\n\n<p class=\"wp-block-paragraph\">Au-del\u00e0 de la cellule de communication, c&rsquo;est l&rsquo;avenir imm\u00e9diat de l&rsquo;APR dans le d\u00e9partement qui se joue. Mansour Faye et ses camarades aborderont de front la nouvelle donne politique nationale et locale. L&rsquo;objectif affich\u00e9 est de d\u00e9gager de nouvelles perspectives et des orientations claires pour permettre aux responsables ap\u00e9ristes de se positionner strat\u00e9giquement face au pouvoir en place.<\/p>\n\n\n\n<p class=\"wp-block-paragraph\">La rencontre est qualifi\u00e9e de \u00ab hautement strat\u00e9gique \u00bb par les proches du coordonnateur. Compte tenu des enjeux de remobilisation, la pr\u00e9sence de l&rsquo;ensemble des responsables et membres ayant \u0153uvr\u00e9 au sein de la CREME est vivement attendue. <\/p>\n\n\n\n<p class=\"wp-block-paragraph\">Selon certains observateurs, beaucoup de membres de la CREME, ont gel\u00e9 leurs activit\u00e9s alors que d&rsquo;autres ont rejoint le nouvel appareil de la mouvance pr\u00e9sidentielle KIIRAY.<\/p>\n\n\n\n<p class=\"wp-block-paragraph\">Cette rentr\u00e9e politique de l&rsquo;APR saint-louisienne sera scrut\u00e9e de pr\u00e8s par les observateurs, curieux de voir si le parti de Macky Sall dispose encore des leviers n\u00e9cessaires pour faire trembler ses adversaires dans la capitale du Nord.<\/p>\n\n\n\n<p class=\"wp-block-paragraph\">Reste \u00e0 attendre si le d\u00e9fi de la participation sera-t-il relev\u00e9. Wait and see!<\/p>\n\n\n\n<hr class=\"wp-block-separator has-alpha-channel-opacity\"\/>\n","protected":false},"excerpt":{"rendered":"<p>La Coordination d\u00e9partementale de l\u2019Alliance pour la R\u00e9publique (APR) de Saint-Louis organise une grande rencontre de concertation ce dimanche 06 septembre 2026. Convoqu\u00e9e par le coordonnateur d\u00e9partemental Mansour Faye, cette r\u00e9union cruciale vise \u00e0 red\u00e9finir la strat\u00e9gie du parti face \u00e0 la nouvelle configuration politique nationale et \u00e0 sceller le sort de la Cellule de &hellip;<\/p>\n","protected":false},"author":1,"featured_media":13743,"comment_status":"open","ping_status":"open","sticky":false,"template":"","format":"standard","meta":{"footnotes":""},"categories":[218,219,228],"tags":[],"class_list":["post-13742","post","type-post","status-publish","format-standard","has-post-thumbnail","hentry","category-a-laune","category-actualites","category-politique"],"_links":{"self":[{"href":"https:\/\/saintlouisnews.sn\/index.php?rest_route=\/wp\/v2\/posts\/13742","targetHints":{"allow":["GET"]}}],"collection":[{"href":"https:\/\/saintlouisnews.sn\/index.php?rest_route=\/wp\/v2\/posts"}],"about":[{"href":"https:\/\/saintlouisnews.sn\/index.php?rest_route=\/wp\/v2\/types\/post"}],"author":[{"embeddable":true,"href":"https:\/\/saintlouisnews.sn\/index.php?rest_route=\/wp\/v2\/users\/1"}],"replies":[{"embeddable":true,"href":"https:\/\/saintlouisnews.sn\/index.php?rest_route=%2Fwp%2Fv2%2Fcomments&post=13742"}],"version-history":[{"count":3,"href":"https:\/\/saintlouisnews.sn\/index.php?rest_route=\/wp\/v2\/posts\/13742\/revisions"}],"predecessor-version":[{"id":13746,"href":"https:\/\/saintlouisnews.sn\/index.php?rest_route=\/wp\/v2\/posts\/13742\/revisions\/13746"}],"wp:featuredmedia":[{"embeddable":true,"href":"https:\/\/saintlouisnews.sn\/index.php?rest_route=\/wp\/v2\/media\/13743"}],"wp:attachment":[{"href":"https:\/\/saintlouisnews.sn\/index.php?rest_route=%2Fwp%2Fv2%2Fmedia&parent=13742"}],"wp:term":[{"taxonomy":"category","embeddable":true,"href":"https:\/\/saintlouisnews.sn\/index.php?rest_route=%2Fwp%2Fv2%2Fcategories&post=13742"},{"taxonomy":"post_tag","embeddable":true,"href":"https:\/\/saintlouisnews.sn\/index.php?rest_route=%2Fwp%2Fv2%2Ftags&post=13742"}],"curies":[{"name":"wp","href":"https:\/\/api.w.org\/{rel}","templated":true}]}}