{"id":13747,"date":"2026-09-03T22:15:32","date_gmt":"2026-09-03T22:15:32","guid":{"rendered":"https:\/\/saintlouisnews.sn\/?p=13747"},"modified":"2026-09-03T23:58:28","modified_gmt":"2026-09-03T23:58:28","slug":"le-ministre-idrissa-samb-en-immersion-au-3fpt-une-visite-strategique-au-coeur-de-la-formation-professionnelle","status":"publish","type":"post","link":"https:\/\/saintlouisnews.sn\/?p=13747","title":{"rendered":"Le Ministre Idrissa SAMB en immersion au 3FPT : une visite strat\u00e9gique au c\u0153ur de la formation professionnelle"},"content":{"rendered":"\n<p class=\"wp-block-paragraph\">Le Ministre de l&rsquo;Emploi, de la Formation professionnelle et technique, M. Idrissa SAMB, a franchi ce jeudi les portes du Fonds de Financement de la Formation Professionnelle et Technique (3FPT). Cette immersion s&rsquo;inscrit dans le cadre d&rsquo;une vaste tourn\u00e9e nationale visant \u00e0 prendre le pouls des services, projets et programmes plac\u00e9s sous la tutelle de son d\u00e9partement minist\u00e9riel.<\/p>\n\n\n\n<figure class=\"wp-block-image size-large\"><img loading=\"lazy\" decoding=\"async\" width=\"1024\" height=\"683\" src=\"https:\/\/saintlouisnews.sn\/wp-content\/uploads\/2026\/09\/1001277444-1024x683.jpg\" alt=\"\" class=\"wp-image-13754\" srcset=\"https:\/\/saintlouisnews.sn\/wp-content\/uploads\/2026\/09\/1001277444-1024x683.jpg 1024w, https:\/\/saintlouisnews.sn\/wp-content\/uploads\/2026\/09\/1001277444-300x200.jpg 300w, https:\/\/saintlouisnews.sn\/wp-content\/uploads\/2026\/09\/1001277444-768x512.jpg 768w, https:\/\/saintlouisnews.sn\/wp-content\/uploads\/2026\/09\/1001277444-1536x1025.jpg 1536w, https:\/\/saintlouisnews.sn\/wp-content\/uploads\/2026\/09\/1001277444.jpg 2048w\" sizes=\"auto, (max-width: 1024px) 100vw, 1024px\" \/><\/figure>\n\n\n\n<p class=\"wp-block-paragraph\">Accueilli \u00e0 son arriv\u00e9e par le Directeur g\u00e9n\u00e9ral du 3FPT, M. Soul\u00e8ye KANE, le Pr\u00e9sident du Conseil d&rsquo;Administration (PCA), ainsi que les membres du Comit\u00e9 de Direction (Codir), le ministre a imm\u00e9diatement donn\u00e9 le ton d&rsquo;une visite plac\u00e9e sous le signe du dialogue, de la performance et de la proximit\u00e9.<\/p>\n\n\n\n<p class=\"wp-block-paragraph\"><strong><em>Une immersion humaine et op\u00e9rationnelle<\/em><\/strong><\/p>\n\n\n\n<p class=\"wp-block-paragraph\">Bien plus qu&rsquo;un simple rituel r\u00e9publicain, cette rencontre a pris les traits d&rsquo;un v\u00e9ritable moment de communion. M. Idrissa SAMB a tenu \u00e0 aller directement \u00e0 la rencontre des femmes et des hommes qui font tourner la machine du 3FPT au quotidien. En parcourant les bureaux et les espaces de travail, le Ministre a longuement \u00e9chang\u00e9 avec le personnel, s\u2019enqu\u00e9rant de leurs conditions de travail et de leur environnement professionnel.<\/p>\n\n\n\n<figure class=\"wp-block-image size-large\"><img loading=\"lazy\" decoding=\"async\" width=\"1024\" height=\"683\" src=\"https:\/\/saintlouisnews.sn\/wp-content\/uploads\/2026\/09\/FB_IMG_1788472642693-1024x683.jpg\" alt=\"\" class=\"wp-image-13752\" srcset=\"https:\/\/saintlouisnews.sn\/wp-content\/uploads\/2026\/09\/FB_IMG_1788472642693-1024x683.jpg 1024w, https:\/\/saintlouisnews.sn\/wp-content\/uploads\/2026\/09\/FB_IMG_1788472642693-300x200.jpg 300w, https:\/\/saintlouisnews.sn\/wp-content\/uploads\/2026\/09\/FB_IMG_1788472642693-768x512.jpg 768w, https:\/\/saintlouisnews.sn\/wp-content\/uploads\/2026\/09\/FB_IMG_1788472642693-1536x1025.jpg 1536w, https:\/\/saintlouisnews.sn\/wp-content\/uploads\/2026\/09\/FB_IMG_1788472642693.jpg 2048w\" sizes=\"auto, (max-width: 1024px) 100vw, 1024px\" \/><\/figure>\n\n\n\n<p class=\"wp-block-paragraph\">Ces interactions directes ont permis au chef du d\u00e9partement minist\u00e9riel de saisir la r\u00e9alit\u00e9 du terrain et de d\u00e9crypter l&rsquo;organisation interne du Fonds. Du fonctionnement des directions sectorielles \u00e0 la dynamique des diff\u00e9rents guichets de financement, le Ministre a pass\u00e9 en revue les m\u00e9canismes par lesquels le 3FPT soutient l&rsquo;\u00e9cosyst\u00e8me de la formation technique au S\u00e9n\u00e9gal.<\/p>\n\n\n\n<p class=\"wp-block-paragraph\"><strong><em>Cap sur les projets : bilan et perspectives<\/em><\/strong><\/p>\n\n\n\n<p class=\"wp-block-paragraph\">La s\u00e9ance de travail technique a constitu\u00e9 le point d&rsquo;orgue de cette journ\u00e9e. Les \u00e9quipes du 3FPT ont pr\u00e9sent\u00e9 un \u00e9tat des lieux exhaustif des projets et programmes en cours de d\u00e9ploiement. Les discussions ont mis en lumi\u00e8re les modalit\u00e9s de mise en \u0153uvre, les indicateurs de performance, ainsi que les principales activit\u00e9s men\u00e9es par les entit\u00e9s du Fonds pour r\u00e9pondre aux besoins pressants du march\u00e9 de l&#8217;emploi.<\/p>\n\n\n\n<figure class=\"wp-block-image size-large\"><img loading=\"lazy\" decoding=\"async\" width=\"1024\" height=\"683\" src=\"https:\/\/saintlouisnews.sn\/wp-content\/uploads\/2026\/09\/FB_IMG_1788472694333-1024x683.jpg\" alt=\"\" class=\"wp-image-13749\" srcset=\"https:\/\/saintlouisnews.sn\/wp-content\/uploads\/2026\/09\/FB_IMG_1788472694333-1024x683.jpg 1024w, https:\/\/saintlouisnews.sn\/wp-content\/uploads\/2026\/09\/FB_IMG_1788472694333-300x200.jpg 300w, https:\/\/saintlouisnews.sn\/wp-content\/uploads\/2026\/09\/FB_IMG_1788472694333-768x512.jpg 768w, https:\/\/saintlouisnews.sn\/wp-content\/uploads\/2026\/09\/FB_IMG_1788472694333-1536x1025.jpg 1536w, https:\/\/saintlouisnews.sn\/wp-content\/uploads\/2026\/09\/FB_IMG_1788472694333.jpg 2048w\" sizes=\"auto, (max-width: 1024px) 100vw, 1024px\" \/><\/figure>\n\n\n\n<p class=\"wp-block-paragraph\">Gr\u00e2ce \u00e0 ces expos\u00e9s d\u00e9taill\u00e9s, M. Idrissa SAMB a pu obtenir une grille de lecture concr\u00e8te de l\u2019impact de l&rsquo;institution. Fort de ces \u00e9l\u00e9ments, il a chaleureusement salu\u00e9 le r\u00f4le moteur et indispensable du 3FPT dans la construction d&rsquo;un capital humain de qualit\u00e9, levier strat\u00e9gique du d\u00e9veloppement socio-\u00e9conomique du pays.<\/p>\n\n\n\n<p class=\"wp-block-paragraph\">La journ\u00e9e s\u2019est conclue dans une atmosph\u00e8re empreinte de convivialit\u00e9. Un cocktail partag\u00e9 entre la d\u00e9l\u00e9gation minist\u00e9rielle, la direction et l&rsquo;ensemble du personnel est venu sceller cette visite, consolidant une vision commune pour l&rsquo;avenir de la formation professionnelle au S\u00e9n\u00e9gal.<\/p>\n","protected":false},"excerpt":{"rendered":"<p>Le Ministre de l&rsquo;Emploi, de la Formation professionnelle et technique, M. Idrissa SAMB, a franchi ce jeudi les portes du Fonds de Financement de la Formation Professionnelle et Technique (3FPT). Cette immersion s&rsquo;inscrit dans le cadre d&rsquo;une vaste tourn\u00e9e nationale visant \u00e0 prendre le pouls des services, projets et programmes plac\u00e9s sous la tutelle de &hellip;<\/p>\n","protected":false},"author":1,"featured_media":13750,"comment_status":"open","ping_status":"open","sticky":false,"template":"","format":"standard","meta":{"footnotes":""},"categories":[218,219,244],"tags":[],"class_list":["post-13747","post","type-post","status-publish","format-standard","has-post-thumbnail","hentry","category-a-laune","category-actualites","category-economie"],"_links":{"self":[{"href":"https:\/\/saintlouisnews.sn\/index.php?rest_route=\/wp\/v2\/posts\/13747","targetHints":{"allow":["GET"]}}],"collection":[{"href":"https:\/\/saintlouisnews.sn\/index.php?rest_route=\/wp\/v2\/posts"}],"about":[{"href":"https:\/\/saintlouisnews.sn\/index.php?rest_route=\/wp\/v2\/types\/post"}],"author":[{"embeddable":true,"href":"https:\/\/saintlouisnews.sn\/index.php?rest_route=\/wp\/v2\/users\/1"}],"replies":[{"embeddable":true,"href":"https:\/\/saintlouisnews.sn\/index.php?rest_route=%2Fwp%2Fv2%2Fcomments&post=13747"}],"version-history":[{"count":3,"href":"https:\/\/saintlouisnews.sn\/index.php?rest_route=\/wp\/v2\/posts\/13747\/revisions"}],"predecessor-version":[{"id":13755,"href":"https:\/\/saintlouisnews.sn\/index.php?rest_route=\/wp\/v2\/posts\/13747\/revisions\/13755"}],"wp:featuredmedia":[{"embeddable":true,"href":"https:\/\/saintlouisnews.sn\/index.php?rest_route=\/wp\/v2\/media\/13750"}],"wp:attachment":[{"href":"https:\/\/saintlouisnews.sn\/index.php?rest_route=%2Fwp%2Fv2%2Fmedia&parent=13747"}],"wp:term":[{"taxonomy":"category","embeddable":true,"href":"https:\/\/saintlouisnews.sn\/index.php?rest_route=%2Fwp%2Fv2%2Fcategories&post=13747"},{"taxonomy":"post_tag","embeddable":true,"href":"https:\/\/saintlouisnews.sn\/index.php?rest_route=%2Fwp%2Fv2%2Ftags&post=13747"}],"curies":[{"name":"wp","href":"https:\/\/api.w.org\/{rel}","templated":true}]}}