{"id":13756,"date":"2026-09-04T02:58:48","date_gmt":"2026-09-04T02:58:48","guid":{"rendered":"https:\/\/saintlouisnews.sn\/?p=13756"},"modified":"2026-09-04T03:01:12","modified_gmt":"2026-09-04T03:01:12","slug":"equite-territoriale-le-ministre-dethie-fall-impulse-une-nouvelle-dynamique","status":"publish","type":"post","link":"https:\/\/saintlouisnews.sn\/?p=13756","title":{"rendered":"\u00c9quit\u00e9 territoriale: Le ministre D\u00e9thi\u00e9 Fall impulse une nouvelle dynamique"},"content":{"rendered":"\n<p class=\"wp-block-paragraph\">Les programmes d&rsquo;\u00e9quit\u00e9 territoriale franchissent un nouveau cap strat\u00e9gique. Le Ministre des Infrastructures, M. D\u00e9thi\u00e9 Fall, a pr\u00e9sid\u00e9 la 18\u1d49 session du Comit\u00e9 de Pilotage (COPIL) des programmes d\u2019\u00e9quit\u00e9 territoriale. Cette r\u00e9union de haut niveau marque un tournant d\u00e9cisif dans l\u2019\u00e9valuation, le suivi et la r\u00e9orientation des politiques publiques visant \u00e0 corriger les disparit\u00e9s g\u00e9ographiques \u00e0 travers le pays.<\/p>\n\n\n\n<p class=\"wp-block-paragraph\"><strong><em>Un cadre d&rsquo;\u00e9valuation rigoureux pour l&rsquo;action publique<\/em><\/strong><\/p>\n\n\n\n<p class=\"wp-block-paragraph\">La 18\u1d49 session du COPIL s\u2019est impos\u00e9e comme une instance de reddition de comptes et de planification. Face aux membres du comit\u00e9, aux partenaires techniques et aux acteurs territoriaux, le ministre D\u00e9thi\u00e9 Fall a insist\u00e9 sur l\u2019obligation de r\u00e9sultats. Ce cadre a permis de passer au crible l\u2019\u00e9tat d&rsquo;avancement des chantiers en cours, d\u2019analyser les contraintes d\u2019ex\u00e9cution et de formuler des orientations claires pour acc\u00e9l\u00e9rer l\u2019impact des projets sur le quotidien des populations.<\/p>\n\n\n\n<p class=\"wp-block-paragraph\">Les discussions ont principalement port\u00e9 sur l\u2019optimisation des ressources et la synchronisation des interventions sectorielles, afin de garantir que chaque investissement r\u00e9ponde \u00e0 un besoin r\u00e9el et urgent exprim\u00e9 par les collectivit\u00e9s territoriales.<\/p>\n\n\n\n<p class=\"wp-block-paragraph\"><strong><em>Les infrastructures comme levier d&rsquo;inclusion et de connectivit\u00e9<\/em><\/strong><\/p>\n\n\n\n<p class=\"wp-block-paragraph\">Au c\u0153ur de la feuille de route d\u00e9clin\u00e9e par le ministre figure le d\u00e9senclavement des zones rurales et p\u00e9riurbaines. Pour les autorit\u00e9s, l\u2019\u00e9quit\u00e9 territoriale ne peut se concevoir sans une connectivit\u00e9 optimale. Le renforcement du r\u00e9seau routier, la construction de pistes de production et la modernisation des infrastructures de transport restent les priorit\u00e9s absolues pour lier les zones de production agricole aux grands centres de consommation.<\/p>\n\n\n\n<p class=\"wp-block-paragraph\">\u00ab L\u2019\u00e9quit\u00e9 territoriale est au c\u0153ur de l\u2019action publique pour un S\u00e9n\u00e9gal plus \u00e9quilibr\u00e9, plus connect\u00e9 et plus inclusif \u00bb, a rappel\u00e9 l\u2019autorit\u00e9 minist\u00e9rielle. L\u2019objectif affich\u00e9 est clair : transformer les infrastructures de transport en v\u00e9ritables moteurs de d\u00e9veloppement \u00e9conomique local, brisant ainsi l&rsquo;isolement des r\u00e9gions p\u00e9riph\u00e9riques.<\/p>\n\n\n\n<p class=\"wp-block-paragraph\"><strong><em>Vers un d\u00e9veloppement national harmonieux<\/em><\/strong><\/p>\n\n\n\n<p class=\"wp-block-paragraph\">En repositionnant l\u2019\u00e9quit\u00e9 territoriale comme la cl\u00e9 de vo\u00fbte des investissements de l&rsquo;\u00c9tat, le minist\u00e8re des Infrastructures ambitionne de poser les bases d\u2019un mod\u00e8le de croissance solidaire. Cette approche cherche \u00e0 offrir les m\u00eames chances de r\u00e9ussite et le m\u00eame acc\u00e8s aux services essentiels (mobilit\u00e9, commerce, \u00e9ducation, sant\u00e9 via des voies d&rsquo;acc\u00e8s fiables) \u00e0 tous les S\u00e9n\u00e9galais, quel que soit leur lieu de r\u00e9sidence.<\/p>\n\n\n\n<p class=\"wp-block-paragraph\">Les r\u00e9solutions issues de cette 18\u1d49 session du COPIL devraient se traduire, dans les prochaines semaines, par le d\u00e9ploiement de nouvelles phases op\u00e9rationnelles sur le terrain, consolidant la vision d\u2019un S\u00e9n\u00e9gal r\u00e9solument engag\u00e9 vers l\u2019\u00e9mergence territoriale.<\/p>\n","protected":false},"excerpt":{"rendered":"<p>Les programmes d&rsquo;\u00e9quit\u00e9 territoriale franchissent un nouveau cap strat\u00e9gique. Le Ministre des Infrastructures, M. D\u00e9thi\u00e9 Fall, a pr\u00e9sid\u00e9 la 18\u1d49 session du Comit\u00e9 de Pilotage (COPIL) des programmes d\u2019\u00e9quit\u00e9 territoriale. Cette r\u00e9union de haut niveau marque un tournant d\u00e9cisif dans l\u2019\u00e9valuation, le suivi et la r\u00e9orientation des politiques publiques visant \u00e0 corriger les disparit\u00e9s g\u00e9ographiques &hellip;<\/p>\n","protected":false},"author":1,"featured_media":13757,"comment_status":"open","ping_status":"open","sticky":false,"template":"","format":"standard","meta":{"footnotes":""},"categories":[218,219,228],"tags":[],"class_list":["post-13756","post","type-post","status-publish","format-standard","has-post-thumbnail","hentry","category-a-laune","category-actualites","category-politique"],"_links":{"self":[{"href":"https:\/\/saintlouisnews.sn\/index.php?rest_route=\/wp\/v2\/posts\/13756","targetHints":{"allow":["GET"]}}],"collection":[{"href":"https:\/\/saintlouisnews.sn\/index.php?rest_route=\/wp\/v2\/posts"}],"about":[{"href":"https:\/\/saintlouisnews.sn\/index.php?rest_route=\/wp\/v2\/types\/post"}],"author":[{"embeddable":true,"href":"https:\/\/saintlouisnews.sn\/index.php?rest_route=\/wp\/v2\/users\/1"}],"replies":[{"embeddable":true,"href":"https:\/\/saintlouisnews.sn\/index.php?rest_route=%2Fwp%2Fv2%2Fcomments&post=13756"}],"version-history":[{"count":2,"href":"https:\/\/saintlouisnews.sn\/index.php?rest_route=\/wp\/v2\/posts\/13756\/revisions"}],"predecessor-version":[{"id":13760,"href":"https:\/\/saintlouisnews.sn\/index.php?rest_route=\/wp\/v2\/posts\/13756\/revisions\/13760"}],"wp:featuredmedia":[{"embeddable":true,"href":"https:\/\/saintlouisnews.sn\/index.php?rest_route=\/wp\/v2\/media\/13757"}],"wp:attachment":[{"href":"https:\/\/saintlouisnews.sn\/index.php?rest_route=%2Fwp%2Fv2%2Fmedia&parent=13756"}],"wp:term":[{"taxonomy":"category","embeddable":true,"href":"https:\/\/saintlouisnews.sn\/index.php?rest_route=%2Fwp%2Fv2%2Fcategories&post=13756"},{"taxonomy":"post_tag","embeddable":true,"href":"https:\/\/saintlouisnews.sn\/index.php?rest_route=%2Fwp%2Fv2%2Ftags&post=13756"}],"curies":[{"name":"wp","href":"https:\/\/api.w.org\/{rel}","templated":true}]}}