{"id":13761,"date":"2026-09-04T18:07:15","date_gmt":"2026-09-04T18:07:15","guid":{"rendered":"https:\/\/saintlouisnews.sn\/?p=13761"},"modified":"2026-09-04T18:09:42","modified_gmt":"2026-09-04T18:09:42","slug":"kaolack-la-zone-militaire-n3-et-la-municipalite-scellent-un-pacte-historique-pour-la-formation-citoyenne-et-le-developpement-durable","status":"publish","type":"post","link":"https:\/\/saintlouisnews.sn\/?p=13761","title":{"rendered":"Kaolack : La Zone militaire n\u00b03 et la Municipalit\u00e9 scellent un pacte historique pour la formation citoyenne et le d\u00e9veloppement durable"},"content":{"rendered":"\n<p class=\"wp-block-paragraph\">Dans une d\u00e9marche in\u00e9dite visant \u00e0 allier la rigueur militaire au d\u00e9veloppement local, la Zone militaire n\u00b03 et la mairie de Kaolack ont officialis\u00e9, ce vendredi, un partenariat strat\u00e9gique d\u2019envergure. La signature de cette convention cadre formalise une coop\u00e9ration de longue date et ouvre la voie \u00e0 des actions d&rsquo;envergure dans les domaines du civisme, de l\u2019assainissement et de la protection civile au b\u00e9n\u00e9fice direct des populations de la capitale du Saloum.<\/p>\n\n\n\n<p class=\"wp-block-paragraph\">La c\u00e9r\u00e9monie solennelle a \u00e9t\u00e9 marqu\u00e9e par la pr\u00e9sence du maire de Kaolack, Serigne Mboup, du nouveau commandant de la Zone militaire n\u00b03, le colonel Abdoulaye Mbengue, ainsi que de son pr\u00e9d\u00e9cesseur, le colonel Massamba Thiam, qui a activement conduit les travaux pr\u00e9paratoires de cet accord depuis d\u00e9cembre 2025.<\/p>\n\n\n\n<p class=\"wp-block-paragraph\"><strong><em>Un cadre d&rsquo;action global pour la jeunesse et l&rsquo;environnement<\/em><\/strong><\/p>\n\n\n\n<p class=\"wp-block-paragraph\">Ce partenariat structur\u00e9 ne se limite pas \u00e0 des d\u00e9clarations d&rsquo;intention. Il d\u00e9finit des axes d&rsquo;intervention pr\u00e9cis destin\u00e9s \u00e0 transformer la gestion urbaine et humaine de la collectivit\u00e9 territoriale. Selon le colonel Massamba Thiam, \u00ab cette convention vise \u00e0 encadrer le cadre d\u2019action de notre partenariat, qui va s\u2019articuler autour de la formation citoyenne et civique, de l\u2019appui technique et de la protection civile \u00bb.<\/p>\n\n\n\n<p class=\"wp-block-paragraph\">L\u2019un des premiers chantiers phares de cet accord est le recrutement et l&rsquo;encadrement de 500 jeunes volontaires. Ces b\u00e9n\u00e9ficiaires seront form\u00e9s et d\u00e9ploy\u00e9s \u00e0 travers la ville pour r\u00e9pondre \u00e0 des d\u00e9fis majeurs. Ils interviendront d&rsquo;abord sur le terrain pour moderniser l\u2019assainissement urbain et optimiser la gestion des d\u00e9chets. En parall\u00e8le, les volontaires s&rsquo;investiront activement dans la pr\u00e9servation de l&rsquo;environnement, notamment \u00e0 travers des campagnes de reboisement. Enfin, ils m\u00e8neront des actions de proximit\u00e9 pour sensibiliser la population aux valeurs citoyennes et l&rsquo;initier aux gestes de protection civile.<\/p>\n\n\n\n<p class=\"wp-block-paragraph\"><strong><em>Rigueur militaire et imp\u00e9ratifs industriels : Le mod\u00e8le Kaolackois<\/em><\/strong><\/p>\n\n\n\n<p class=\"wp-block-paragraph\">Pour le maire Serigne Mboup, cette alliance avec la grande muette r\u00e9pond \u00e0 une ambition claire : insuffler une nouvelle culture de rigueur au sein de la gestion locale. \u00ab Cette convention traduit la volont\u00e9 de faire de la capitale du Saloum une collectivit\u00e9 qui travaille dans la discipline, la comp\u00e9tence et avec des r\u00e9sultats \u00bb, a-t-il affirm\u00e9.<\/p>\n\n\n\n<p class=\"wp-block-paragraph\">S&rsquo;adressant directement \u00e0 la jeunesse kaolackoise, l&rsquo;\u00e9dile les a exhort\u00e9s \u00e0 s&rsquo;approprier le mod\u00e8le de vie des forces arm\u00e9es, citant en exemple \u00ab la discipline, la ponctualit\u00e9, l\u2019organisation et l\u2019amour de la patrie \u00bb.<\/p>\n\n\n\n<p class=\"wp-block-paragraph\">Face aux critiques potentielles li\u00e9es \u00e0 l&rsquo;instrumentalisation de tels mouvements de jeunesse, Serigne Mboup s&rsquo;est voulu cat\u00e9gorique : ce programme \u00ab ne sera jamais un instrument politique, mais un outil de d\u00e9veloppement \u00bb. L&rsquo;\u00e9dile a d&rsquo;ailleurs pr\u00e9cis\u00e9 que cette initiative sera directement arrim\u00e9e au tissu \u00e9conomique local et aux projets industriels de la ville, garantissant ainsi des d\u00e9bouch\u00e9s concrets et une insertion durable pour les volontaires form\u00e9s.<\/p>\n\n\n\n<p class=\"wp-block-paragraph\"><strong><em>Un exemple de coop\u00e9ration civilo-militaire pour le S\u00e9n\u00e9gal<\/em><\/strong><\/p>\n\n\n\n<p class=\"wp-block-paragraph\">Le colonel Thiam a rappel\u00e9 les \u00ab relations historiques et exemplaires \u00bb qu&rsquo;entretiennent l&rsquo;arm\u00e9e et l&rsquo;institution municipale \u00e0 Kaolack. En qualifiant cet accord de pionnier, le commandement militaire sortant esp\u00e8re que cette synergie servira de mod\u00e8le inspirant pour d&rsquo;autres zones militaires et collectivit\u00e9s territoriales \u00e0 travers le S\u00e9n\u00e9gal.<\/p>\n\n\n\n<p class=\"wp-block-paragraph\">La transition au sein du commandement s&rsquo;est \u00e9galement faite sous le signe de la continuit\u00e9 et de la reconnaissance. Le maire a tenu \u00e0 rendre un hommage appuy\u00e9 au colonel Massamba Thiam pour \u00ab l\u2019excellent travail \u00bb accompli durant son mandat \u00e0 la t\u00eate de la zone, tout en r\u00e9it\u00e9rant sa totale confiance au nouveau commandant, le colonel Abdoulaye Mbengue, pour mat\u00e9rialiser les ambitions de ce protocole d&rsquo;accord.<\/p>\n\n\n\n<p class=\"wp-block-paragraph\">Gr\u00e2ce \u00e0 cette alliance, Kaolack esp\u00e8re non seulement redorer son cadre de vie, mais surtout b\u00e2tir une jeunesse consciente, qualifi\u00e9e et r\u00e9solument engag\u00e9e dans l&rsquo;essor socio-\u00e9conomique de sa r\u00e9gion.<\/p>\n","protected":false},"excerpt":{"rendered":"<p>Dans une d\u00e9marche in\u00e9dite visant \u00e0 allier la rigueur militaire au d\u00e9veloppement local, la Zone militaire n\u00b03 et la mairie de Kaolack ont officialis\u00e9, ce vendredi, un partenariat strat\u00e9gique d\u2019envergure. La signature de cette convention cadre formalise une coop\u00e9ration de longue date et ouvre la voie \u00e0 des actions d&rsquo;envergure dans les domaines du civisme, &hellip;<\/p>\n","protected":false},"author":1,"featured_media":13762,"comment_status":"open","ping_status":"open","sticky":false,"template":"","format":"standard","meta":{"footnotes":""},"categories":[218,219,231],"tags":[],"class_list":["post-13761","post","type-post","status-publish","format-standard","has-post-thumbnail","hentry","category-a-laune","category-actualites","category-societe"],"_links":{"self":[{"href":"https:\/\/saintlouisnews.sn\/index.php?rest_route=\/wp\/v2\/posts\/13761","targetHints":{"allow":["GET"]}}],"collection":[{"href":"https:\/\/saintlouisnews.sn\/index.php?rest_route=\/wp\/v2\/posts"}],"about":[{"href":"https:\/\/saintlouisnews.sn\/index.php?rest_route=\/wp\/v2\/types\/post"}],"author":[{"embeddable":true,"href":"https:\/\/saintlouisnews.sn\/index.php?rest_route=\/wp\/v2\/users\/1"}],"replies":[{"embeddable":true,"href":"https:\/\/saintlouisnews.sn\/index.php?rest_route=%2Fwp%2Fv2%2Fcomments&post=13761"}],"version-history":[{"count":2,"href":"https:\/\/saintlouisnews.sn\/index.php?rest_route=\/wp\/v2\/posts\/13761\/revisions"}],"predecessor-version":[{"id":13765,"href":"https:\/\/saintlouisnews.sn\/index.php?rest_route=\/wp\/v2\/posts\/13761\/revisions\/13765"}],"wp:featuredmedia":[{"embeddable":true,"href":"https:\/\/saintlouisnews.sn\/index.php?rest_route=\/wp\/v2\/media\/13762"}],"wp:attachment":[{"href":"https:\/\/saintlouisnews.sn\/index.php?rest_route=%2Fwp%2Fv2%2Fmedia&parent=13761"}],"wp:term":[{"taxonomy":"category","embeddable":true,"href":"https:\/\/saintlouisnews.sn\/index.php?rest_route=%2Fwp%2Fv2%2Fcategories&post=13761"},{"taxonomy":"post_tag","embeddable":true,"href":"https:\/\/saintlouisnews.sn\/index.php?rest_route=%2Fwp%2Fv2%2Ftags&post=13761"}],"curies":[{"name":"wp","href":"https:\/\/api.w.org\/{rel}","templated":true}]}}