{"id":13766,"date":"2026-09-04T18:22:04","date_gmt":"2026-09-04T18:22:04","guid":{"rendered":"https:\/\/saintlouisnews.sn\/?p=13766"},"modified":"2026-09-04T18:25:06","modified_gmt":"2026-09-04T18:25:06","slug":"diamaguene-des-paroles-aux-actes-pour-lautonomisation-des-femmes","status":"publish","type":"post","link":"https:\/\/saintlouisnews.sn\/?p=13766","title":{"rendered":"Diamagu\u00e8ne : Des paroles aux actes pour l&rsquo;autonomisation des femmes"},"content":{"rendered":"\n<p class=\"wp-block-paragraph\"><strong><em>Face aux longs discours sur l\u2019\u00e9galit\u00e9 des chances, le Conseil de Quartier de Diamagu\u00e8ne a choisi la voie de l\u2019action terrain. Les mardi 1er et mercredi 2 septembre 2026, une quinzaine de jeunes filles et de femmes membres de l&rsquo;association XARITE ont particip\u00e9 \u00e0 une session de formation intensive d\u00e9di\u00e9e \u00e0 la fabrication d&rsquo;eau de Javel. Inti\u00e8rement financ\u00e9e sur fonds propres par l&rsquo;instance locale, cette initiative marque un tournant pragmatique dans l&rsquo;insertion \u00e9conomique des femmes de la localit\u00e9.<\/em><\/strong><\/p>\n\n\n\n<p class=\"wp-block-paragraph\"><strong><em>Le \u00ab SETAL \u00bb : Un savoir-faire mis \u00e0 disposition<\/em><\/strong><\/p>\n\n\n\n<p class=\"wp-block-paragraph\">Pendant deux jours, les locaux de la formation ont vibr\u00e9 au rythme des apprentissages techniques. Dosage des composants, ma\u00eetrise des m\u00e9langes, techniques de conditionnement et strict respect des normes de s\u00e9curit\u00e9 : le programme n&rsquo;a laiss\u00e9 aucune place \u00e0 l&rsquo;improvisation.<\/p>\n\n\n\n<figure class=\"wp-block-image size-full\"><img loading=\"lazy\" decoding=\"async\" width=\"712\" height=\"778\" src=\"https:\/\/saintlouisnews.sn\/wp-content\/uploads\/2026\/09\/IMG_20260904_182336.jpg\" alt=\"\" class=\"wp-image-13770\" srcset=\"https:\/\/saintlouisnews.sn\/wp-content\/uploads\/2026\/09\/IMG_20260904_182336.jpg 712w, https:\/\/saintlouisnews.sn\/wp-content\/uploads\/2026\/09\/IMG_20260904_182336-275x300.jpg 275w\" sizes=\"auto, (max-width: 712px) 100vw, 712px\" \/><\/figure>\n\n\n\n<p class=\"wp-block-paragraph\">L&rsquo;accent a particuli\u00e8rement \u00e9t\u00e9 mis sur la production du SETAL Eau de Javel, une marque propre d\u00e9velopp\u00e9e par le Conseil de quartier et d\u00e9j\u00e0 largement reconnue par les m\u00e9nages de la zone. Dans un \u00e9lan de solidarit\u00e9 et d&rsquo;accompagnement direct, le Conseil a non seulement pris en charge l\u2019int\u00e9gralit\u00e9 des co\u00fbts p\u00e9dagogiques et des intrants, mais il a \u00e9galement c\u00e9d\u00e9 gracieusement l&rsquo;exploitation de la marque SETAL aux b\u00e9n\u00e9ficiaires. Une passerelle directe pour basculer de la th\u00e9orie \u00e0 la commercialisation.<\/p>\n\n\n\n<p class=\"wp-block-paragraph\"><strong><em>Une philosophie de d\u00e9veloppement local<\/em><\/strong><\/p>\n\n\n\n<p class=\"wp-block-paragraph\">Pour les organisateurs, l&rsquo;enjeu d\u00e9passe la simple ma\u00eetrise d&rsquo;une formule chimique. Il s&rsquo;agit de doter ces femmes d&rsquo;une comp\u00e9tence imm\u00e9diatement monnayable sur le march\u00e9 local. En s&rsquo;adossant \u00e0 une marque b\u00e9n\u00e9ficiant d\u00e9j\u00e0 d&rsquo;une bonne r\u00e9putation, les participantes \u00e9vitent la phase critique de p\u00e9n\u00e9tration de march\u00e9, souvent fatale aux micro-entreprises naissantes.<\/p>\n\n\n\n<figure class=\"wp-block-image size-large\"><img loading=\"lazy\" decoding=\"async\" width=\"1024\" height=\"666\" src=\"https:\/\/saintlouisnews.sn\/wp-content\/uploads\/2026\/09\/1001281406-1024x666.jpg\" alt=\"\" class=\"wp-image-13771\" srcset=\"https:\/\/saintlouisnews.sn\/wp-content\/uploads\/2026\/09\/1001281406-1024x666.jpg 1024w, https:\/\/saintlouisnews.sn\/wp-content\/uploads\/2026\/09\/1001281406-300x195.jpg 300w, https:\/\/saintlouisnews.sn\/wp-content\/uploads\/2026\/09\/1001281406-768x499.jpg 768w, https:\/\/saintlouisnews.sn\/wp-content\/uploads\/2026\/09\/1001281406.jpg 1280w\" sizes=\"auto, (max-width: 1024px) 100vw, 1024px\" \/><\/figure>\n\n\n\n<p class=\"wp-block-paragraph\">Cette d\u00e9marche confirme la ligne directrice que s&rsquo;est fix\u00e9e le Conseil de Quartier de Diamagu\u00e8ne depuis plusieurs ann\u00e9es : prioriser le concret pour b\u00e2tir une communaut\u00e9 plus inclusive, plus r\u00e9siliente et financi\u00e8rement autonome.<\/p>\n\n\n\n<p class=\"wp-block-paragraph\"><strong><em>Cap sur l&rsquo;agroalimentaire et l&rsquo;entrepreneuriat<\/em><\/strong><\/p>\n\n\n\n<p class=\"wp-block-paragraph\">Interrog\u00e9 \u00e0 l&rsquo;issue de la remise des attestations, le Pr\u00e9sident du Conseil de Quartier de Diamagu\u00e8ne, Monsieur Adama Coundoul, n&rsquo;a pas cach\u00e9 sa satisfaction quant \u00e0 la rigueur dont ont fait preuve les apprenantes. Loin de vouloir s&rsquo;arr\u00eater en si bon chemin, il a d&rsquo;ores et d\u00e9j\u00e0 annonc\u00e9 la feuille de route pour la suite de l&rsquo;accompagnement.<\/p>\n\n\n\n<p class=\"wp-block-paragraph\">Pour consolider ces acquis, les prochaines \u00e9tapes de l&rsquo;accompagnement pr\u00e9voient d&rsquo;abord l&rsquo;organisation d&rsquo;une session de renforcement en gestion entrepreneuriale afin de p\u00e9renniser la nouvelle activit\u00e9 des participantes. Par la suite, le programme s&rsquo;ouvrira au secteur agroalimentaire avec le d\u00e9ploiement de modules pratiques ax\u00e9s sur la transformation des c\u00e9r\u00e9ales locales. Enfin, des ateliers sp\u00e9cifiques seront d\u00e9di\u00e9s \u00e0 la transformation et \u00e0 la conservation des produits halieutiques ainsi que d&rsquo;autres ressources de la r\u00e9gion.<\/p>\n\n\n\n<p class=\"wp-block-paragraph\">En diversifiant ainsi les comp\u00e9tences des femmes de l&rsquo;association XARITE, le Conseil de quartier prouve qu&rsquo;avec une vision claire et une gestion de proximit\u00e9 rigoureuse, les collectivit\u00e9s \u00e0 la base peuvent s&rsquo;imposer comme les v\u00e9ritables moteurs du d\u00e9veloppement \u00e9conomique de leur territoire.<\/p>\n\n\n\n<hr class=\"wp-block-separator has-alpha-channel-opacity\"\/>\n","protected":false},"excerpt":{"rendered":"<p>Face aux longs discours sur l\u2019\u00e9galit\u00e9 des chances, le Conseil de Quartier de Diamagu\u00e8ne a choisi la voie de l\u2019action terrain. Les mardi 1er et mercredi 2 septembre 2026, une quinzaine de jeunes filles et de femmes membres de l&rsquo;association XARITE ont particip\u00e9 \u00e0 une session de formation intensive d\u00e9di\u00e9e \u00e0 la fabrication d&rsquo;eau de &hellip;<\/p>\n","protected":false},"author":1,"featured_media":13767,"comment_status":"open","ping_status":"open","sticky":false,"template":"","format":"standard","meta":{"footnotes":""},"categories":[218,219,231],"tags":[],"class_list":["post-13766","post","type-post","status-publish","format-standard","has-post-thumbnail","hentry","category-a-laune","category-actualites","category-societe"],"_links":{"self":[{"href":"https:\/\/saintlouisnews.sn\/index.php?rest_route=\/wp\/v2\/posts\/13766","targetHints":{"allow":["GET"]}}],"collection":[{"href":"https:\/\/saintlouisnews.sn\/index.php?rest_route=\/wp\/v2\/posts"}],"about":[{"href":"https:\/\/saintlouisnews.sn\/index.php?rest_route=\/wp\/v2\/types\/post"}],"author":[{"embeddable":true,"href":"https:\/\/saintlouisnews.sn\/index.php?rest_route=\/wp\/v2\/users\/1"}],"replies":[{"embeddable":true,"href":"https:\/\/saintlouisnews.sn\/index.php?rest_route=%2Fwp%2Fv2%2Fcomments&post=13766"}],"version-history":[{"count":2,"href":"https:\/\/saintlouisnews.sn\/index.php?rest_route=\/wp\/v2\/posts\/13766\/revisions"}],"predecessor-version":[{"id":13772,"href":"https:\/\/saintlouisnews.sn\/index.php?rest_route=\/wp\/v2\/posts\/13766\/revisions\/13772"}],"wp:featuredmedia":[{"embeddable":true,"href":"https:\/\/saintlouisnews.sn\/index.php?rest_route=\/wp\/v2\/media\/13767"}],"wp:attachment":[{"href":"https:\/\/saintlouisnews.sn\/index.php?rest_route=%2Fwp%2Fv2%2Fmedia&parent=13766"}],"wp:term":[{"taxonomy":"category","embeddable":true,"href":"https:\/\/saintlouisnews.sn\/index.php?rest_route=%2Fwp%2Fv2%2Fcategories&post=13766"},{"taxonomy":"post_tag","embeddable":true,"href":"https:\/\/saintlouisnews.sn\/index.php?rest_route=%2Fwp%2Fv2%2Ftags&post=13766"}],"curies":[{"name":"wp","href":"https:\/\/api.w.org\/{rel}","templated":true}]}}