{"id":13773,"date":"2026-09-04T23:44:55","date_gmt":"2026-09-04T23:44:55","guid":{"rendered":"https:\/\/saintlouisnews.sn\/?p=13773"},"modified":"2026-09-05T00:10:09","modified_gmt":"2026-09-05T00:10:09","slug":"ferveur-autour-des-operations-de-vente-de-cartes-vague-dadhesions-de-qualite-pastef-podor-sur-une-nouvelle-dynamique-dancrage-territorial","status":"publish","type":"post","link":"https:\/\/saintlouisnews.sn\/?p=13773","title":{"rendered":"Ferveur autour des op\u00e9rations de vente de cartes, vague d\u2019adh\u00e9sions de qualit\u00e9 PASTEF-Podor, sur une nouvelle dynamique d\u2019ancrage territorial"},"content":{"rendered":"\n<p class=\"wp-block-paragraph\"><strong><em>Apr\u00e8s une difficile p\u00e9riode d\u2019implantation due \u00e0 une kyrielle de facteurs socio culturels inhibants, Pastef-les Patriotes (Parti africain du S\u00e9n\u00e9gal pour le travail, l\u2019\u00e9thique et la fraternit\u00e9) serait-il entr\u00e9 dans une dynamique irr\u00e9versible d\u2019inversion de tendance dans le d\u00e9partement de Podor\u00a0? On est tent\u00e9 de le croire si l\u2019on en juge par les divers signaux positifs que renvoient les op\u00e9rations de vente de cartes de membre du parti dans cette contr\u00e9e du Fouta. <\/em><\/strong><\/p>\n\n\n\n<figure class=\"wp-block-image size-large\"><img loading=\"lazy\" decoding=\"async\" width=\"1024\" height=\"683\" src=\"https:\/\/saintlouisnews.sn\/wp-content\/uploads\/2026\/09\/FB_IMG_1788564689489-1024x683.jpg\" alt=\"\" class=\"wp-image-13774\" srcset=\"https:\/\/saintlouisnews.sn\/wp-content\/uploads\/2026\/09\/FB_IMG_1788564689489-1024x683.jpg 1024w, https:\/\/saintlouisnews.sn\/wp-content\/uploads\/2026\/09\/FB_IMG_1788564689489-300x200.jpg 300w, https:\/\/saintlouisnews.sn\/wp-content\/uploads\/2026\/09\/FB_IMG_1788564689489-768x512.jpg 768w, https:\/\/saintlouisnews.sn\/wp-content\/uploads\/2026\/09\/FB_IMG_1788564689489-1536x1025.jpg 1536w, https:\/\/saintlouisnews.sn\/wp-content\/uploads\/2026\/09\/FB_IMG_1788564689489.jpg 2048w\" sizes=\"auto, (max-width: 1024px) 100vw, 1024px\" \/><\/figure>\n\n\n\n<p class=\"wp-block-paragraph\">Sur la lanc\u00e9e r\u00e9ussie de Podor et Ndioum o\u00f9 les op\u00e9rations ont d\u00e9marr\u00e9 le 25 juillet dernier, la commission de vente des cartes, est \u00e0 pied d\u2019\u0153uvre pour investir les 20 autres communes du d\u00e9partement. De Niandane \u00e0 Ndiay\u00e8ne Pendao en passant par M\u00e9dina Ndiathb\u00e9, Fanaye, Dodel, Gu\u00e9d\u00e9 Village et Bolo Birane, entre autres collectivit\u00e9s locales visit\u00e9es, les commissaires et autres superviseurs ont \u00e9t\u00e9 partout accueillis dans une atmosph\u00e8re de ferveur militante. Jeunes, femmes, personnes du 3\u00e8me \u00e2ge prennent d\u2019assaut les commissions communales pour pouvoir disposer du \u00ab\u00a0s\u00e9same\u00a0\u00bb. <\/p>\n\n\n\n<figure class=\"wp-block-image size-large\"><img loading=\"lazy\" decoding=\"async\" width=\"1024\" height=\"683\" src=\"https:\/\/saintlouisnews.sn\/wp-content\/uploads\/2026\/09\/FB_IMG_1788564695157-1024x683.jpg\" alt=\"\" class=\"wp-image-13775\" srcset=\"https:\/\/saintlouisnews.sn\/wp-content\/uploads\/2026\/09\/FB_IMG_1788564695157-1024x683.jpg 1024w, https:\/\/saintlouisnews.sn\/wp-content\/uploads\/2026\/09\/FB_IMG_1788564695157-300x200.jpg 300w, https:\/\/saintlouisnews.sn\/wp-content\/uploads\/2026\/09\/FB_IMG_1788564695157-768x512.jpg 768w, https:\/\/saintlouisnews.sn\/wp-content\/uploads\/2026\/09\/FB_IMG_1788564695157-1536x1025.jpg 1536w, https:\/\/saintlouisnews.sn\/wp-content\/uploads\/2026\/09\/FB_IMG_1788564695157.jpg 2048w\" sizes=\"auto, (max-width: 1024px) 100vw, 1024px\" \/><\/figure>\n\n\n\n<p class=\"wp-block-paragraph\">R\u00e9sultats\u00a0? \u0102 ce jour, pr\u00e8s de 4000 cartes physiques sont vendues au niveau de 9 communes, avec des pics avoisinant par endroits le quota (pour 3 mois) allou\u00e9 \u00e0 la commune. Ce qui fait dire au coordonnateur d\u00e9partemental de cette formation politique que le \u00ab\u00a0rythme est vraiment bon et le objectifs assign\u00e9s seront largement atteints d\u2019ici \u00e0 octobre prochain\u00a0\u00bb. Selon Ismaila Wone, face \u00e0 la forte demande la commission nationale a \u00e9t\u00e9 m\u00eame sollicit\u00e9e pour renforcer le quota de cartes pour certaines communes ouvertes o\u00f9 une mobilisation exceptionnelle \u00e0 la base est remarqu\u00e9e. Moment cl\u00e9 du processus de f\u00e9d\u00e9ration et d\u2019\u00e9largissement de la base de Pastef-Les Patriotes, ces op\u00e9rations de vente des cartes traduisent selon lui, une solide confiance accord\u00e9e au projet de transformation syst\u00e9mique et \u00e0 son porte -\u00e9tendard, le Pr\u00e9sident Ousmane Sonko. \u00ab\u00a0 En d\u00e9pit de certaines d\u00e9fections, Pastef-Podor se consolide par une forte et silencieuse adh\u00e9sion populaire\u00a0\u00bb, fait remarquer notre interlocuteur.<\/p>\n\n\n\n<p class=\"wp-block-paragraph\"><strong><em>Un regain d\u2019attractivit\u00e9<\/em><\/strong><\/p>\n\n\n\n<p class=\"wp-block-paragraph\">Mais, le plus rassurant sans nul doute, \u00e0 travers cette nouvelle dynamique d\u2019ancrage territorial, c\u2019est la diversit\u00e9 et la qualit\u00e9 des adh\u00e9sions. En effet, au regard de la segmentation et du profilage des membres, il est constat\u00e9 qu\u2019en plus des militants de souche et autres sympathisants (r\u00e9pertori\u00e9s au niveau de toutes les couches de la population), une cat\u00e9gorie jusqu\u2019ici en marge de l\u2019activit\u00e9 politique, franchit le pas en marquant sa pleine adh\u00e9sion. Un ph\u00e9nom\u00e8ne in\u00e9dit\u00a0? <\/p>\n\n\n\n<figure class=\"wp-block-image size-large\"><img loading=\"lazy\" decoding=\"async\" width=\"1024\" height=\"683\" src=\"https:\/\/saintlouisnews.sn\/wp-content\/uploads\/2026\/09\/FB_IMG_1788564704952-1024x683.jpg\" alt=\"\" class=\"wp-image-13776\" srcset=\"https:\/\/saintlouisnews.sn\/wp-content\/uploads\/2026\/09\/FB_IMG_1788564704952-1024x683.jpg 1024w, https:\/\/saintlouisnews.sn\/wp-content\/uploads\/2026\/09\/FB_IMG_1788564704952-300x200.jpg 300w, https:\/\/saintlouisnews.sn\/wp-content\/uploads\/2026\/09\/FB_IMG_1788564704952-768x512.jpg 768w, https:\/\/saintlouisnews.sn\/wp-content\/uploads\/2026\/09\/FB_IMG_1788564704952-1536x1025.jpg 1536w, https:\/\/saintlouisnews.sn\/wp-content\/uploads\/2026\/09\/FB_IMG_1788564704952.jpg 2048w\" sizes=\"auto, (max-width: 1024px) 100vw, 1024px\" \/><\/figure>\n\n\n\n<p class=\"wp-block-paragraph\">En tout cas, cette vague d\u2019adh\u00e9sions de personnalit\u00e9s \u00e0 la probit\u00e9 morale et \u00e0 l\u2019expertise reconnues dans leur domaine respectif, t\u00e9moigne d\u2019un regain d\u2019attractivit\u00e9 du parti dans ce d\u00e9partement o\u00f9 Pastef est arriv\u00e9 en troisi\u00e8me position, avec 21\u00a0000 voix (derri\u00e8re Nouvelle Responsabilit\u00e9 et APR) lors des \u00e9lections l\u00e9gislatives de 2024. Mais, rien n\u2019a \u00e9t\u00e9 donn\u00e9 d\u2019avance \u00e0 cette formation politique qui a du batailler ferme pour \u00a0imprimer sa vision dans un environnement marqu\u00e9 pendant de longues ann\u00e9es par des facteurs r\u00e9tro \u2013freins. Cette perc\u00e9e a \u00e9t\u00e9 rendue possible gr\u00e2ce \u00e0 l\u2019investissement et l\u2019engagement personnel d\u2019un homme qui a su f\u00e9d\u00e9rer et lib\u00e9rer les \u00e9nergies vers le projet de Rupture. Homme de l\u2019ombre et redoutable adepte de la politique de proximit\u00e9, Ismaila a tenu debout durant de longues ann\u00e9es face aux assauts r\u00e9p\u00e9t\u00e9s des leaders de l\u2019ancienne coalition au pouvoir (Benno Bokk Yakaar), pr\u00e9sent\u00e9s souvent comme des guichets automatiques de banque. <\/p>\n\n\n\n<figure class=\"wp-block-image size-large\"><img loading=\"lazy\" decoding=\"async\" width=\"683\" height=\"1024\" src=\"https:\/\/saintlouisnews.sn\/wp-content\/uploads\/2026\/09\/FB_IMG_1788564712867-683x1024.jpg\" alt=\"\" class=\"wp-image-13783\" srcset=\"https:\/\/saintlouisnews.sn\/wp-content\/uploads\/2026\/09\/FB_IMG_1788564712867-683x1024.jpg 683w, https:\/\/saintlouisnews.sn\/wp-content\/uploads\/2026\/09\/FB_IMG_1788564712867-200x300.jpg 200w, https:\/\/saintlouisnews.sn\/wp-content\/uploads\/2026\/09\/FB_IMG_1788564712867-768x1151.jpg 768w, https:\/\/saintlouisnews.sn\/wp-content\/uploads\/2026\/09\/FB_IMG_1788564712867-1025x1536.jpg 1025w, https:\/\/saintlouisnews.sn\/wp-content\/uploads\/2026\/09\/FB_IMG_1788564712867.jpg 1366w\" sizes=\"auto, (max-width: 683px) 100vw, 683px\" \/><\/figure>\n\n\n\n<p class=\"wp-block-paragraph\"><strong><em>Les dividendes de l\u2019\u00e9veil des consciences <\/em><\/strong><\/p>\n\n\n\n<p class=\"wp-block-paragraph\">Sous la houlette de son coordonnateur et ci-devant professeur de philosophie de formation, Pastef \u2013Podor s\u2019est arm\u00e9 de courage et de patience pour vendre le projet de soci\u00e9t\u00e9 port\u00e9 par Ousmane Sonko. \u00c9lu d\u00e9put\u00e9 2024, il s\u2019est illustr\u00e9 par plusieurs initiatives de promotion \u00e9conomique et sociale des populations de Podor. \u00c0 cela, s\u2019ajoute un important travail d\u2019\u00e9veil et de renforcement de la conscience citoyenne. <\/p>\n\n\n\n<figure class=\"wp-block-image size-large\"><img loading=\"lazy\" decoding=\"async\" width=\"768\" height=\"1024\" src=\"https:\/\/saintlouisnews.sn\/wp-content\/uploads\/2026\/09\/FB_IMG_1788564656752-768x1024-1.jpg\" alt=\"\" class=\"wp-image-13777\" srcset=\"https:\/\/saintlouisnews.sn\/wp-content\/uploads\/2026\/09\/FB_IMG_1788564656752-768x1024-1.jpg 768w, https:\/\/saintlouisnews.sn\/wp-content\/uploads\/2026\/09\/FB_IMG_1788564656752-225x300.jpg 225w, https:\/\/saintlouisnews.sn\/wp-content\/uploads\/2026\/09\/FB_IMG_1788564656752.jpg 960w\" sizes=\"auto, (max-width: 768px) 100vw, 768px\" \/><\/figure>\n\n\n\n<p class=\"wp-block-paragraph\">\u00ab\u00a0 Le Pastef va faire mal, tr\u00e8s mal lors des prochaines \u00e9lections car, il est en constante progression quantitative et qualitative. Dans le d\u00e9partement de Podor, l\u2019engagement citoyen nourri aux valeurs pr\u00f4n\u00e9es par notre parti et son leader charismatique qui est devenu une r\u00e9alit\u00e9 palpable, porte ses fruits. C\u2019est dire que nous poursuivons silencieusement notre marche vers la transformation qualitative et durable des conditions de vie des populations dans un S\u00e9n\u00e9gal souverain, juste et prosp\u00e8re \u00a0\u00bb, a-t-il soulign\u00e9, tr\u00e8s confiant en l\u2019avenir. <\/p>\n\n\n\n<figure class=\"wp-block-image size-large\"><img loading=\"lazy\" decoding=\"async\" width=\"1024\" height=\"768\" src=\"https:\/\/saintlouisnews.sn\/wp-content\/uploads\/2026\/09\/FB_IMG_1788564634610-1024x768.jpg\" alt=\"\" class=\"wp-image-13778\" srcset=\"https:\/\/saintlouisnews.sn\/wp-content\/uploads\/2026\/09\/FB_IMG_1788564634610-1024x768.jpg 1024w, https:\/\/saintlouisnews.sn\/wp-content\/uploads\/2026\/09\/FB_IMG_1788564634610-300x225.jpg 300w, https:\/\/saintlouisnews.sn\/wp-content\/uploads\/2026\/09\/FB_IMG_1788564634610-768x576.jpg 768w, https:\/\/saintlouisnews.sn\/wp-content\/uploads\/2026\/09\/FB_IMG_1788564634610.jpg 1280w\" sizes=\"auto, (max-width: 1024px) 100vw, 1024px\" \/><\/figure>\n\n\n\n<p class=\"wp-block-paragraph\">Dans l\u2019attente de la visite du pr\u00e9sident du parti annonc\u00e9e dans la deuxi\u00e8me quinzaine du mois de septembre, les Patriotes de Podor multiplient les descentes pour ratisser large au niveau de base, a confi\u00e9 Ismaila Wone. Ce d\u00e9placement de Sonko s\u2019inscrit dans la dynamique nationale d\u2019accompagnement des op\u00e9rations de vente des cartes, et de communion avec les militants \u00e0 la base.<\/p>\n\n\n\n<figure class=\"wp-block-image size-large\"><img loading=\"lazy\" decoding=\"async\" width=\"1024\" height=\"768\" src=\"https:\/\/saintlouisnews.sn\/wp-content\/uploads\/2026\/09\/FB_IMG_1788564620750-1024x768.jpg\" alt=\"\" class=\"wp-image-13779\" srcset=\"https:\/\/saintlouisnews.sn\/wp-content\/uploads\/2026\/09\/FB_IMG_1788564620750-1024x768.jpg 1024w, https:\/\/saintlouisnews.sn\/wp-content\/uploads\/2026\/09\/FB_IMG_1788564620750-300x225.jpg 300w, https:\/\/saintlouisnews.sn\/wp-content\/uploads\/2026\/09\/FB_IMG_1788564620750-768x576.jpg 768w, https:\/\/saintlouisnews.sn\/wp-content\/uploads\/2026\/09\/FB_IMG_1788564620750.jpg 1280w\" sizes=\"auto, (max-width: 1024px) 100vw, 1024px\" \/><\/figure>\n\n\n\n<figure class=\"wp-block-image size-large\"><img loading=\"lazy\" decoding=\"async\" width=\"1024\" height=\"683\" src=\"https:\/\/saintlouisnews.sn\/wp-content\/uploads\/2026\/09\/FB_IMG_1788565220640-1024x683.jpg\" alt=\"\" class=\"wp-image-13780\" srcset=\"https:\/\/saintlouisnews.sn\/wp-content\/uploads\/2026\/09\/FB_IMG_1788565220640-1024x683.jpg 1024w, https:\/\/saintlouisnews.sn\/wp-content\/uploads\/2026\/09\/FB_IMG_1788565220640-300x200.jpg 300w, https:\/\/saintlouisnews.sn\/wp-content\/uploads\/2026\/09\/FB_IMG_1788565220640-768x512.jpg 768w, https:\/\/saintlouisnews.sn\/wp-content\/uploads\/2026\/09\/FB_IMG_1788565220640-1536x1025.jpg 1536w, https:\/\/saintlouisnews.sn\/wp-content\/uploads\/2026\/09\/FB_IMG_1788565220640.jpg 2048w\" sizes=\"auto, (max-width: 1024px) 100vw, 1024px\" \/><\/figure>\n\n\n\n<figure class=\"wp-block-image size-large\"><img loading=\"lazy\" decoding=\"async\" width=\"1024\" height=\"683\" src=\"https:\/\/saintlouisnews.sn\/wp-content\/uploads\/2026\/09\/FB_IMG_1788565231348-1024x683.jpg\" alt=\"\" class=\"wp-image-13781\" srcset=\"https:\/\/saintlouisnews.sn\/wp-content\/uploads\/2026\/09\/FB_IMG_1788565231348-1024x683.jpg 1024w, https:\/\/saintlouisnews.sn\/wp-content\/uploads\/2026\/09\/FB_IMG_1788565231348-300x200.jpg 300w, https:\/\/saintlouisnews.sn\/wp-content\/uploads\/2026\/09\/FB_IMG_1788565231348-768x512.jpg 768w, https:\/\/saintlouisnews.sn\/wp-content\/uploads\/2026\/09\/FB_IMG_1788565231348-1536x1025.jpg 1536w, https:\/\/saintlouisnews.sn\/wp-content\/uploads\/2026\/09\/FB_IMG_1788565231348.jpg 2048w\" sizes=\"auto, (max-width: 1024px) 100vw, 1024px\" \/><\/figure>\n\n\n\n<figure class=\"wp-block-image size-large\"><img loading=\"lazy\" decoding=\"async\" width=\"1024\" height=\"683\" src=\"https:\/\/saintlouisnews.sn\/wp-content\/uploads\/2026\/09\/FB_IMG_1788565258079-1024x683.jpg\" alt=\"\" class=\"wp-image-13782\" srcset=\"https:\/\/saintlouisnews.sn\/wp-content\/uploads\/2026\/09\/FB_IMG_1788565258079-1024x683.jpg 1024w, https:\/\/saintlouisnews.sn\/wp-content\/uploads\/2026\/09\/FB_IMG_1788565258079-300x200.jpg 300w, https:\/\/saintlouisnews.sn\/wp-content\/uploads\/2026\/09\/FB_IMG_1788565258079-768x512.jpg 768w, https:\/\/saintlouisnews.sn\/wp-content\/uploads\/2026\/09\/FB_IMG_1788565258079-1536x1025.jpg 1536w, https:\/\/saintlouisnews.sn\/wp-content\/uploads\/2026\/09\/FB_IMG_1788565258079.jpg 2048w\" sizes=\"auto, (max-width: 1024px) 100vw, 1024px\" \/><\/figure>\n\n\n\n<figure class=\"wp-block-image size-full\"><img loading=\"lazy\" decoding=\"async\" width=\"960\" height=\"720\" src=\"https:\/\/saintlouisnews.sn\/wp-content\/uploads\/2026\/09\/FB_IMG_1788565148082.jpg\" alt=\"\" class=\"wp-image-13784\" srcset=\"https:\/\/saintlouisnews.sn\/wp-content\/uploads\/2026\/09\/FB_IMG_1788565148082.jpg 960w, https:\/\/saintlouisnews.sn\/wp-content\/uploads\/2026\/09\/FB_IMG_1788565148082-300x225.jpg 300w, https:\/\/saintlouisnews.sn\/wp-content\/uploads\/2026\/09\/FB_IMG_1788565148082-768x576.jpg 768w\" sizes=\"auto, (max-width: 960px) 100vw, 960px\" \/><\/figure>\n","protected":false},"excerpt":{"rendered":"<p>Apr\u00e8s une difficile p\u00e9riode d\u2019implantation due \u00e0 une kyrielle de facteurs socio culturels inhibants, Pastef-les Patriotes (Parti africain du S\u00e9n\u00e9gal pour le travail, l\u2019\u00e9thique et la fraternit\u00e9) serait-il entr\u00e9 dans une dynamique irr\u00e9versible d\u2019inversion de tendance dans le d\u00e9partement de Podor\u00a0? On est tent\u00e9 de le croire si l\u2019on en juge par les divers signaux &hellip;<\/p>\n","protected":false},"author":1,"featured_media":13785,"comment_status":"open","ping_status":"open","sticky":false,"template":"","format":"standard","meta":{"footnotes":""},"categories":[218,219,228],"tags":[],"class_list":["post-13773","post","type-post","status-publish","format-standard","has-post-thumbnail","hentry","category-a-laune","category-actualites","category-politique"],"_links":{"self":[{"href":"https:\/\/saintlouisnews.sn\/index.php?rest_route=\/wp\/v2\/posts\/13773","targetHints":{"allow":["GET"]}}],"collection":[{"href":"https:\/\/saintlouisnews.sn\/index.php?rest_route=\/wp\/v2\/posts"}],"about":[{"href":"https:\/\/saintlouisnews.sn\/index.php?rest_route=\/wp\/v2\/types\/post"}],"author":[{"embeddable":true,"href":"https:\/\/saintlouisnews.sn\/index.php?rest_route=\/wp\/v2\/users\/1"}],"replies":[{"embeddable":true,"href":"https:\/\/saintlouisnews.sn\/index.php?rest_route=%2Fwp%2Fv2%2Fcomments&post=13773"}],"version-history":[{"count":1,"href":"https:\/\/saintlouisnews.sn\/index.php?rest_route=\/wp\/v2\/posts\/13773\/revisions"}],"predecessor-version":[{"id":13786,"href":"https:\/\/saintlouisnews.sn\/index.php?rest_route=\/wp\/v2\/posts\/13773\/revisions\/13786"}],"wp:featuredmedia":[{"embeddable":true,"href":"https:\/\/saintlouisnews.sn\/index.php?rest_route=\/wp\/v2\/media\/13785"}],"wp:attachment":[{"href":"https:\/\/saintlouisnews.sn\/index.php?rest_route=%2Fwp%2Fv2%2Fmedia&parent=13773"}],"wp:term":[{"taxonomy":"category","embeddable":true,"href":"https:\/\/saintlouisnews.sn\/index.php?rest_route=%2Fwp%2Fv2%2Fcategories&post=13773"},{"taxonomy":"post_tag","embeddable":true,"href":"https:\/\/saintlouisnews.sn\/index.php?rest_route=%2Fwp%2Fv2%2Ftags&post=13773"}],"curies":[{"name":"wp","href":"https:\/\/api.w.org\/{rel}","templated":true}]}}