{"id":13788,"date":"2026-09-05T00:14:07","date_gmt":"2026-09-05T00:14:07","guid":{"rendered":"https:\/\/saintlouisnews.sn\/?p=13788"},"modified":"2026-09-05T00:14:10","modified_gmt":"2026-09-05T00:14:10","slug":"ligue-1-khadim-ndiaye-en-passe-de-devenir-le-nouveau-coach-des-gardiens-dajel-de-rufisque","status":"publish","type":"post","link":"https:\/\/saintlouisnews.sn\/?p=13788","title":{"rendered":"Ligue 1 : Khadim Ndiaye en passe de devenir le nouveau coach des gardiens d&rsquo;AJEL de Rufisque"},"content":{"rendered":"\n<p class=\"wp-block-paragraph\"><strong>Le club phare de la Vieille Cit\u00e9 acc\u00e9l\u00e8re sa restructuration. En qu\u00eate d&rsquo;expertise pour franchir un palier la saison prochaine, AJEL de Rufisque est sur le point de frapper un grand coup en enr\u00f4lant l&rsquo;ancien gardien international s\u00e9n\u00e9galais, Khadim Ndiaye, au sein de son staff technique.<\/strong><\/p>\n\n\n\n<p class=\"wp-block-paragraph\"><strong>Un renfort de poids pour le staff de Jacob Ba<\/strong><\/p>\n\n\n\n<p class=\"wp-block-paragraph\">Selon les informations exclusives rapport\u00e9es par le m\u00e9dia <em>Galaxy SN<\/em>, les n\u00e9gociations entre les dirigeants d&rsquo;AJEL et l&rsquo;ancien dernier rempart des Lions de la T\u00e9ranga sont \u00e0 un stade tr\u00e8s avanc\u00e9. Si l&rsquo;accord se concr\u00e9tise, Khadim Ndiaye viendra \u00e9pauler le nouvel entra\u00eeneur principal, Jacob Ba, nomm\u00e9 en ao\u00fbt dernier en remplacement de Tabane Dieng.<\/p>\n\n\n\n<p class=\"wp-block-paragraph\">Pour le pr\u00e9sident du club, Mamadou Niang Mbaye, cette signature s&rsquo;inscrit dans une volont\u00e9 claire de professionnaliser l&rsquo;encadrement technique. Apr\u00e8s avoir d\u00e9croch\u00e9 le titre de vice-champion du S\u00e9n\u00e9gal, l&rsquo;\u00e9curie rufisquoise refuse de se reposer sur ses lauriers et affiche ouvertement ses ambitions de titre pour l&rsquo;exercice \u00e0 venir.<\/p>\n\n\n\n<p class=\"wp-block-paragraph\"><strong>Du plateau de t\u00e9l\u00e9vision au retour sur les terrains<\/strong><\/p>\n\n\n\n<p class=\"wp-block-paragraph\">Depuis la fin de son aventure contractuelle en Guin\u00e9e, Khadim Ndiaye s&rsquo;\u00e9tait \u00e9loign\u00e9 des pelouses pour endosser le costume de consultant sportif \u00e0 la t\u00e9l\u00e9vision, o\u00f9 ses analyses pointues \u00e9taient particuli\u00e8rement suivies. Cependant, l&rsquo;appel du terrain a \u00e9t\u00e9 le plus fort. Cette reconversion comme entra\u00eeneur des gardiens offre \u00e0 l&rsquo;ex-portier l&rsquo;opportunit\u00e9 id\u00e9ale de transmettre son immense v\u00e9cu \u00e0 la jeune garde d&rsquo;AJEL.<\/p>\n\n\n\n<p class=\"wp-block-paragraph\"><strong>Un CV XXL au service de la jeunesse rufisquoise<\/strong><\/p>\n\n\n\n<p class=\"wp-block-paragraph\">Le choix de Khadim Ndiaye ne doit rien au hasard. L&rsquo;homme poss\u00e8de l&rsquo;un des palmar\u00e8s les plus denses de sa g\u00e9n\u00e9ration \u00e0 ce poste :<\/p>\n\n\n\n<ul class=\"wp-block-list\">\n<li><strong>Niveau international :<\/strong> Gardien titulaire des Lions de la T\u00e9ranga lors de la Coupe du Monde 2018 en Russie, il a \u00e9galement pris part aux campagnes de la CAN 2012 et de la CAN 2017.<\/li>\n\n\n\n<li><strong>Niveau local :<\/strong> Il a \u00e9cum\u00e9 les pelouses de l&rsquo;\u00e9lite s\u00e9n\u00e9galaise en brillant sous les couleurs de la Lingu\u00e8re de Saint-Louis et du Jaraaf de Dakar.<\/li>\n\n\n\n<li><strong>Niveau continental :<\/strong> Il a \u00e9t\u00e9 pendant de longues ann\u00e9es le pilier et le capitaine du Horoya AC, g\u00e9ant de la Guin\u00e9e, avec qui il a disput\u00e9 les quarts de finale de la Ligue des Champions de la CAF.<\/li>\n<\/ul>\n\n\n\n<p class=\"wp-block-paragraph\"><strong>AJEL passe au r\u00e9v\u00e9lateur du haut niveau<\/strong><\/p>\n\n\n\n<p class=\"wp-block-paragraph\">En s&rsquo;attachant les services d&rsquo;un technicien dot\u00e9 d&rsquo;une telle exp\u00e9rience des comp\u00e9titions internationales, AJEL de Rufisque s&rsquo;assure la pr\u00e9sence d&rsquo;un leader de vestiaire et d&rsquo;un sp\u00e9cialiste pointu. Les gardiens du club b\u00e9n\u00e9ficieront d&rsquo;un mentor rompu aux exigences de la haute performance. Un signal fort envoy\u00e9 \u00e0 la concurrence : la saison prochaine, Rufisque comptera plus que jamais jouer les premiers r\u00f4les en Ligue 1.<\/p>\n\n\n\n<hr class=\"wp-block-separator has-alpha-channel-opacity\"\/>\n\n\n\n<p class=\"wp-block-paragraph\"><\/p>\n","protected":false},"excerpt":{"rendered":"<p>Le club phare de la Vieille Cit\u00e9 acc\u00e9l\u00e8re sa restructuration. En qu\u00eate d&rsquo;expertise pour franchir un palier la saison prochaine, AJEL de Rufisque est sur le point de frapper un grand coup en enr\u00f4lant l&rsquo;ancien gardien international s\u00e9n\u00e9galais, Khadim Ndiaye, au sein de son staff technique. Un renfort de poids pour le staff de Jacob &hellip;<\/p>\n","protected":false},"author":1,"featured_media":13789,"comment_status":"open","ping_status":"open","sticky":false,"template":"","format":"standard","meta":{"footnotes":""},"categories":[218,219,243],"tags":[],"class_list":["post-13788","post","type-post","status-publish","format-standard","has-post-thumbnail","hentry","category-a-laune","category-actualites","category-sports"],"_links":{"self":[{"href":"https:\/\/saintlouisnews.sn\/index.php?rest_route=\/wp\/v2\/posts\/13788","targetHints":{"allow":["GET"]}}],"collection":[{"href":"https:\/\/saintlouisnews.sn\/index.php?rest_route=\/wp\/v2\/posts"}],"about":[{"href":"https:\/\/saintlouisnews.sn\/index.php?rest_route=\/wp\/v2\/types\/post"}],"author":[{"embeddable":true,"href":"https:\/\/saintlouisnews.sn\/index.php?rest_route=\/wp\/v2\/users\/1"}],"replies":[{"embeddable":true,"href":"https:\/\/saintlouisnews.sn\/index.php?rest_route=%2Fwp%2Fv2%2Fcomments&post=13788"}],"version-history":[{"count":1,"href":"https:\/\/saintlouisnews.sn\/index.php?rest_route=\/wp\/v2\/posts\/13788\/revisions"}],"predecessor-version":[{"id":13790,"href":"https:\/\/saintlouisnews.sn\/index.php?rest_route=\/wp\/v2\/posts\/13788\/revisions\/13790"}],"wp:featuredmedia":[{"embeddable":true,"href":"https:\/\/saintlouisnews.sn\/index.php?rest_route=\/wp\/v2\/media\/13789"}],"wp:attachment":[{"href":"https:\/\/saintlouisnews.sn\/index.php?rest_route=%2Fwp%2Fv2%2Fmedia&parent=13788"}],"wp:term":[{"taxonomy":"category","embeddable":true,"href":"https:\/\/saintlouisnews.sn\/index.php?rest_route=%2Fwp%2Fv2%2Fcategories&post=13788"},{"taxonomy":"post_tag","embeddable":true,"href":"https:\/\/saintlouisnews.sn\/index.php?rest_route=%2Fwp%2Fv2%2Ftags&post=13788"}],"curies":[{"name":"wp","href":"https:\/\/api.w.org\/{rel}","templated":true}]}}