{"id":13791,"date":"2026-09-05T00:22:20","date_gmt":"2026-09-05T00:22:20","guid":{"rendered":"https:\/\/saintlouisnews.sn\/?p=13791"},"modified":"2026-09-05T00:22:22","modified_gmt":"2026-09-05T00:22:22","slug":"diplomatie-feministe-une-rencontre-intergenerationnelle-historique-pour-propulser-le-leadership-feminin","status":"publish","type":"post","link":"https:\/\/saintlouisnews.sn\/?p=13791","title":{"rendered":"Diplomatie f\u00e9ministe: une rencontre interg\u00e9n\u00e9rationnelle historique pour propulser le leadership f\u00e9minin"},"content":{"rendered":"\n<p class=\"wp-block-paragraph\">Un pont essentiel a \u00e9t\u00e9 jet\u00e9 entre le pass\u00e9 pionnier et l&rsquo;avenir de l&rsquo;action publique au S\u00e9n\u00e9gal. Mme Marie Ang\u00e9lique Mame Selb\u00e9 Diouf, Ministre de la Famille, de l\u2019Action sociale et des Solidarit\u00e9s, a re\u00e7u en audience ce vendredi la figure embl\u00e9matique des droits des femmes et ancienne Ministre de la Femme, Mme Ndioro Ndiaye. Au c\u0153ur de leurs \u00e9changes : les pr\u00e9paratifs du tr\u00e8s attendu Symposium de la Diplomatie f\u00e9ministe, un \u00e9v\u00e9nement strat\u00e9gique destin\u00e9 \u00e0 red\u00e9finir la place des femmes dans les hautes sph\u00e8res d\u00e9cisionnelles.<\/p>\n\n\n\n<p class=\"wp-block-paragraph\"><strong><em>Les grands axes du Symposium : de la ruralit\u00e9 \u00e0 la s\u00e9curit\u00e9 au Sahel<\/em><\/strong><\/p>\n\n\n\n<p class=\"wp-block-paragraph\">Lors de cette rencontre, Mme Ndioro Ndiaye a d\u00e9voil\u00e9 la feuille de route et les orientations majeures de ce sommet. Le Symposium se d\u00e9ploiera autour de quatre piliers fondamentaux, en commen\u00e7ant par le leadership international visant \u00e0 stimuler l&rsquo;acc\u00e8s des femmes aux plus hautes instances de d\u00e9cision mondiales. Un accent particulier sera ensuite mis sur l\u2019autonomisation \u00e9conomique par le d\u00e9veloppement et l&rsquo;ind\u00e9pendance des femmes en milieu rural, compl\u00e9t\u00e9 par l&rsquo;int\u00e9gration active des femmes dans la r\u00e9solution des crises dans la r\u00e9gion du Sahel pour la paix et la s\u00e9curit\u00e9. Enfin, la protection sociale sera renforc\u00e9e \u00e0 travers une lutte intransigeante contre les violences bas\u00e9es sur le genre.<\/p>\n\n\n\n<p class=\"wp-block-paragraph\"><strong><em>Transmission et continuit\u00e9 de l\u2019action publique<\/em><\/strong><\/p>\n\n\n\n<p class=\"wp-block-paragraph\">Au-del\u00e0 des aspects techniques de l&rsquo;\u00e9v\u00e9nement, cette audience a vibr\u00e9 au rythme de la transmission interg\u00e9n\u00e9rationnelle. Forte de sa riche exp\u00e9rience minist\u00e9rielle et internationale, Mme Ndioro Ndiaye a prodigu\u00e9 de pr\u00e9cieux conseils \u00e0 son homologue, l&rsquo;encourageant chaleureusement \u00e0 poursuivre sa mission r\u00e9galienne au service des familles, des femmes et des groupes les plus vuln\u00e9rables.<\/p>\n\n\n\n<figure class=\"wp-block-image size-large\"><img loading=\"lazy\" decoding=\"async\" width=\"1024\" height=\"682\" src=\"https:\/\/saintlouisnews.sn\/wp-content\/uploads\/2026\/09\/FB_IMG_1788566184541-1024x682.jpg\" alt=\"\" class=\"wp-image-13792\" srcset=\"https:\/\/saintlouisnews.sn\/wp-content\/uploads\/2026\/09\/FB_IMG_1788566184541-1024x682.jpg 1024w, https:\/\/saintlouisnews.sn\/wp-content\/uploads\/2026\/09\/FB_IMG_1788566184541-300x200.jpg 300w, https:\/\/saintlouisnews.sn\/wp-content\/uploads\/2026\/09\/FB_IMG_1788566184541-767x511.jpg 767w, https:\/\/saintlouisnews.sn\/wp-content\/uploads\/2026\/09\/FB_IMG_1788566184541.jpg 1280w\" sizes=\"auto, (max-width: 1024px) 100vw, 1024px\" \/><\/figure>\n\n\n\n<p class=\"wp-block-paragraph\">En r\u00e9ponse, l&rsquo;actuelle Ministre, Mme Marie Ang\u00e9lique Mame Selb\u00e9 Diouf, a exprim\u00e9 sa profonde gratitude envers celles qu&rsquo;elle qualifie de \u00ab\u00a0pionni\u00e8res\u00a0\u00bb. Elle a salu\u00e9 leur r\u00f4le historique dans la construction des politiques publiques d&rsquo;\u00e9quit\u00e9 de genre au S\u00e9n\u00e9gal. R\u00e9affirmant le soutien total de son minist\u00e8re pour la r\u00e9ussite du Symposium, elle a insist\u00e9 sur la n\u00e9cessit\u00e9 de graver durablement la pr\u00e9sence f\u00e9minine dans tous les espaces de gouvernance.<\/p>\n\n\n\n<p class=\"wp-block-paragraph\"><strong><em>Une ambition commune pour une soci\u00e9t\u00e9 inclusive<\/em><\/strong><\/p>\n\n\n\n<p class=\"wp-block-paragraph\">Cette audience marque une \u00e9tape cl\u00e9. Elle prouve que la consolidation des acquis d\u00e9mocratiques et sociaux du S\u00e9n\u00e9gal repose sur un dialogue permanent entre l&rsquo;exp\u00e9rience des a\u00een\u00e9es et le dynamisme de la nouvelle gouvernance. Ensemble, les deux leaders politiques ont trac\u00e9 la voie vers une soci\u00e9t\u00e9 plus juste, plus inclusive, o\u00f9 le leadership f\u00e9minin n&rsquo;est plus une exception, mais une norme solidement \u00e9tablie.<\/p>\n","protected":false},"excerpt":{"rendered":"<p>Un pont essentiel a \u00e9t\u00e9 jet\u00e9 entre le pass\u00e9 pionnier et l&rsquo;avenir de l&rsquo;action publique au S\u00e9n\u00e9gal. Mme Marie Ang\u00e9lique Mame Selb\u00e9 Diouf, Ministre de la Famille, de l\u2019Action sociale et des Solidarit\u00e9s, a re\u00e7u en audience ce vendredi la figure embl\u00e9matique des droits des femmes et ancienne Ministre de la Femme, Mme Ndioro Ndiaye. &hellip;<\/p>\n","protected":false},"author":1,"featured_media":13793,"comment_status":"open","ping_status":"open","sticky":false,"template":"","format":"standard","meta":{"footnotes":""},"categories":[218,219,228],"tags":[],"class_list":["post-13791","post","type-post","status-publish","format-standard","has-post-thumbnail","hentry","category-a-laune","category-actualites","category-politique"],"_links":{"self":[{"href":"https:\/\/saintlouisnews.sn\/index.php?rest_route=\/wp\/v2\/posts\/13791","targetHints":{"allow":["GET"]}}],"collection":[{"href":"https:\/\/saintlouisnews.sn\/index.php?rest_route=\/wp\/v2\/posts"}],"about":[{"href":"https:\/\/saintlouisnews.sn\/index.php?rest_route=\/wp\/v2\/types\/post"}],"author":[{"embeddable":true,"href":"https:\/\/saintlouisnews.sn\/index.php?rest_route=\/wp\/v2\/users\/1"}],"replies":[{"embeddable":true,"href":"https:\/\/saintlouisnews.sn\/index.php?rest_route=%2Fwp%2Fv2%2Fcomments&post=13791"}],"version-history":[{"count":1,"href":"https:\/\/saintlouisnews.sn\/index.php?rest_route=\/wp\/v2\/posts\/13791\/revisions"}],"predecessor-version":[{"id":13794,"href":"https:\/\/saintlouisnews.sn\/index.php?rest_route=\/wp\/v2\/posts\/13791\/revisions\/13794"}],"wp:featuredmedia":[{"embeddable":true,"href":"https:\/\/saintlouisnews.sn\/index.php?rest_route=\/wp\/v2\/media\/13793"}],"wp:attachment":[{"href":"https:\/\/saintlouisnews.sn\/index.php?rest_route=%2Fwp%2Fv2%2Fmedia&parent=13791"}],"wp:term":[{"taxonomy":"category","embeddable":true,"href":"https:\/\/saintlouisnews.sn\/index.php?rest_route=%2Fwp%2Fv2%2Fcategories&post=13791"},{"taxonomy":"post_tag","embeddable":true,"href":"https:\/\/saintlouisnews.sn\/index.php?rest_route=%2Fwp%2Fv2%2Ftags&post=13791"}],"curies":[{"name":"wp","href":"https:\/\/api.w.org\/{rel}","templated":true}]}}