{"id":13795,"date":"2026-09-05T20:05:09","date_gmt":"2026-09-05T20:05:09","guid":{"rendered":"https:\/\/saintlouisnews.sn\/?p=13795"},"modified":"2026-09-05T20:09:19","modified_gmt":"2026-09-05T20:09:19","slug":"joj-dakar-2026-le-president-bassirou-diomaye-faye-lance-une-grande-operation-dembellissement-et-de-vegetalisation-au-stade-leopold-sedar-senghor","status":"publish","type":"post","link":"https:\/\/saintlouisnews.sn\/?p=13795","title":{"rendered":"JOJ Dakar 2026 : Le Pr\u00e9sident Bassirou Diomaye Faye lance une grande op\u00e9ration d\u2019embellissement et de v\u00e9g\u00e9talisation au Stade L\u00e9opold S\u00e9dar Senghor"},"content":{"rendered":"\n<p class=\"wp-block-paragraph\"><strong><em>\u00c0 l\u2019approche des Jeux Olympiques de la Jeunesse (JOJ) Dakar 2026, le Chef de l\u2019\u00c9tat, Bassirou Diomaye Faye, a activement particip\u00e9 ce samedi \u00e0 une vaste journ\u00e9e d&#8217;embellissement, de reboisement et de v\u00e9g\u00e9talisation des abords du stade L\u00e9opold S\u00e9dar Senghor. Cette initiative citoyenne et environnementale marque un tournant dans les pr\u00e9paratifs du pays pour accueillir le plus grand rendez-vous sportif de la jeunesse mondiale.<\/em><\/strong><\/p>\n\n\n\n<p class=\"wp-block-paragraph\"><strong><em>Un geste symbolique pour un impact durable<\/em><\/strong><\/p>\n\n\n\n<p class=\"wp-block-paragraph\">Arriv\u00e9 sur les lieux dans une ambiance de forte mobilisation, le Pr\u00e9sident de la R\u00e9publique a lui-m\u00eame proc\u00e9d\u00e9 \u00e0 une plantation symbolique d&rsquo;arbres. Cette action s&rsquo;inscrit dans le cadre d&rsquo;un programme national visant \u00e0 transformer radicalement le cadre de vie urbain, \u00e0 lutter contre le r\u00e9chauffement climatique et \u00e0 renforcer durablement la pr\u00e9sence du v\u00e9g\u00e9tal dans les espaces publics dakarois.<\/p>\n\n\n\n<figure class=\"wp-block-image size-full\"><img loading=\"lazy\" decoding=\"async\" width=\"1024\" height=\"719\" src=\"https:\/\/saintlouisnews.sn\/wp-content\/uploads\/2026\/09\/IMG_3003-1024x719-1.jpeg\" alt=\"\" class=\"wp-image-13799\" srcset=\"https:\/\/saintlouisnews.sn\/wp-content\/uploads\/2026\/09\/IMG_3003-1024x719-1.jpeg 1024w, https:\/\/saintlouisnews.sn\/wp-content\/uploads\/2026\/09\/IMG_3003-1024x719-1-300x211.jpeg 300w, https:\/\/saintlouisnews.sn\/wp-content\/uploads\/2026\/09\/IMG_3003-1024x719-1-768x539.jpeg 768w\" sizes=\"auto, (max-width: 1024px) 100vw, 1024px\" \/><\/figure>\n\n\n\n<p class=\"wp-block-paragraph\">Saluant l\u2019engagement massif des populations, des mouvements de jeunesse et des associations environnementales venus pr\u00eater main-forte, Bassirou Diomaye Faye a magnifi\u00e9 cet \u00e9lan patriotique. Pour le Chef de l&rsquo;\u00c9tat, cette ferveur populaire t\u00e9moigne d&rsquo;une v\u00e9ritable prise de conscience collective des enjeux \u00e9cologiques et de l&rsquo;importance de projeter une image reluisante du S\u00e9n\u00e9gal \u00e0 l\u2019\u00e9chelle internationale.<\/p>\n\n\n\n<p class=\"wp-block-paragraph\"><strong><em>Un appel direct aux magistrats municipaux<\/em><\/strong><\/p>\n\n\n\n<p class=\"wp-block-paragraph\">Le Pr\u00e9sident Faye a profit\u00e9 de cette tribune pour interpeller directement les \u00e9lus locaux. Il a lanc\u00e9 un appel solennel \u00e0 l\u2019ensemble des maires du S\u00e9n\u00e9gal pour qu\u2019ils placent l\u2019am\u00e9lioration du cadre de vie au c\u0153ur de leurs priorit\u00e9s budg\u00e9taires et citoyennes. Selon lui, la v\u00e9g\u00e9talisation des communes et l\u2019embellissement des espaces urbains ne sont pas de simples mesures esth\u00e9tiques, mais des leviers essentiels pour garantir la sant\u00e9 et le bien-\u00eatre au quotidien des populations.<\/p>\n\n\n\n<p class=\"wp-block-paragraph\"><strong><em>L\u2019h\u00e9ritage vert des JOJ Dakar 2026<\/em><\/strong><\/p>\n\n\n\n<p class=\"wp-block-paragraph\">Au-del\u00e0 de la ferveur des comp\u00e9titions sportives \u00e0 venir, les autorit\u00e9s s\u00e9n\u00e9galaises ambitionnent de faire de ces JOJ un catalyseur d\u2019initiatives durables. Le Chef de l\u2019\u00c9tat a r\u00e9affirm\u00e9 sa vision d&rsquo;un \u00e9v\u00e9nement \u00e9co-responsable : l&rsquo;h\u00e9ritage de Dakar 2026 ne se mesurera pas seulement aux infrastructures sportives construites, mais \u00e9galement \u00e0 la transformation \u00e9cologique et paysag\u00e8re p\u00e9renne laiss\u00e9e aux futures g\u00e9n\u00e9rations.<\/p>\n\n\n\n<figure class=\"wp-block-image size-full\"><img loading=\"lazy\" decoding=\"async\" width=\"1024\" height=\"683\" src=\"https:\/\/saintlouisnews.sn\/wp-content\/uploads\/2026\/09\/IMG_3001-1024x683-1.jpeg\" alt=\"\" class=\"wp-image-13800\" srcset=\"https:\/\/saintlouisnews.sn\/wp-content\/uploads\/2026\/09\/IMG_3001-1024x683-1.jpeg 1024w, https:\/\/saintlouisnews.sn\/wp-content\/uploads\/2026\/09\/IMG_3001-1024x683-1-300x200.jpeg 300w, https:\/\/saintlouisnews.sn\/wp-content\/uploads\/2026\/09\/IMG_3001-1024x683-1-768x512.jpeg 768w\" sizes=\"auto, (max-width: 1024px) 100vw, 1024px\" \/><\/figure>\n\n\n\n<p class=\"wp-block-paragraph\">\u00c0 quelques mois de l&rsquo;ouverture des Jeux, Dakar reverdit et affiche sa d\u00e9termination \u00e0 offrir au monde un visage moderne, accueillant et r\u00e9solument engag\u00e9 pour l&rsquo;avenir de la plan\u00e8te.<\/p>\n\n\n\n<p class=\"wp-block-paragraph\"><\/p>\n\n\n\n<hr class=\"wp-block-separator has-alpha-channel-opacity\"\/>\n","protected":false},"excerpt":{"rendered":"<p>\u00c0 l\u2019approche des Jeux Olympiques de la Jeunesse (JOJ) Dakar 2026, le Chef de l\u2019\u00c9tat, Bassirou Diomaye Faye, a activement particip\u00e9 ce samedi \u00e0 une vaste journ\u00e9e d&#8217;embellissement, de reboisement et de v\u00e9g\u00e9talisation des abords du stade L\u00e9opold S\u00e9dar Senghor. Cette initiative citoyenne et environnementale marque un tournant dans les pr\u00e9paratifs du pays pour accueillir &hellip;<\/p>\n","protected":false},"author":1,"featured_media":13796,"comment_status":"open","ping_status":"open","sticky":false,"template":"","format":"standard","meta":{"footnotes":""},"categories":[218,219,243],"tags":[],"class_list":["post-13795","post","type-post","status-publish","format-standard","has-post-thumbnail","hentry","category-a-laune","category-actualites","category-sports"],"_links":{"self":[{"href":"https:\/\/saintlouisnews.sn\/index.php?rest_route=\/wp\/v2\/posts\/13795","targetHints":{"allow":["GET"]}}],"collection":[{"href":"https:\/\/saintlouisnews.sn\/index.php?rest_route=\/wp\/v2\/posts"}],"about":[{"href":"https:\/\/saintlouisnews.sn\/index.php?rest_route=\/wp\/v2\/types\/post"}],"author":[{"embeddable":true,"href":"https:\/\/saintlouisnews.sn\/index.php?rest_route=\/wp\/v2\/users\/1"}],"replies":[{"embeddable":true,"href":"https:\/\/saintlouisnews.sn\/index.php?rest_route=%2Fwp%2Fv2%2Fcomments&post=13795"}],"version-history":[{"count":2,"href":"https:\/\/saintlouisnews.sn\/index.php?rest_route=\/wp\/v2\/posts\/13795\/revisions"}],"predecessor-version":[{"id":13801,"href":"https:\/\/saintlouisnews.sn\/index.php?rest_route=\/wp\/v2\/posts\/13795\/revisions\/13801"}],"wp:featuredmedia":[{"embeddable":true,"href":"https:\/\/saintlouisnews.sn\/index.php?rest_route=\/wp\/v2\/media\/13796"}],"wp:attachment":[{"href":"https:\/\/saintlouisnews.sn\/index.php?rest_route=%2Fwp%2Fv2%2Fmedia&parent=13795"}],"wp:term":[{"taxonomy":"category","embeddable":true,"href":"https:\/\/saintlouisnews.sn\/index.php?rest_route=%2Fwp%2Fv2%2Fcategories&post=13795"},{"taxonomy":"post_tag","embeddable":true,"href":"https:\/\/saintlouisnews.sn\/index.php?rest_route=%2Fwp%2Fv2%2Ftags&post=13795"}],"curies":[{"name":"wp","href":"https:\/\/api.w.org\/{rel}","templated":true}]}}