{"id":13802,"date":"2026-09-05T22:42:22","date_gmt":"2026-09-05T22:42:22","guid":{"rendered":"https:\/\/saintlouisnews.sn\/?p=13802"},"modified":"2026-09-05T23:17:01","modified_gmt":"2026-09-05T23:17:01","slug":"saint-louis-crise-profonde-au-syndicat-dinitiative-le-secteur-du-tourisme-au-vitriol","status":"publish","type":"post","link":"https:\/\/saintlouisnews.sn\/?p=13802","title":{"rendered":"Saint-Louis: Crise profonde au Syndicat d&rsquo;initiative, le secteur du tourisme au vitriol"},"content":{"rendered":"\n<p class=\"wp-block-paragraph\"><strong>Le secteur touristique, artisanal et culturel de la vieille ville traverse une zone de fortes turbulences, mat\u00e9rialis\u00e9e par la sortie au vitriol d&rsquo;Amadou Diop, figure bien connue des guides touristiques de la r\u00e9gion.<\/strong> <\/p>\n\n\n\n<p class=\"wp-block-paragraph\">Ce dernier n&rsquo;a pas m\u00e2ch\u00e9 ses mots pour d\u00e9noncer ce qu&rsquo;il qualifie de \u00ab faillite totale \u00bb et de \u00ab mal gouvernance \u00bb de la part de l&rsquo;actuelle \u00e9quipe dirigeante du Syndicat d&rsquo;Initiatives et de Tourisme de Saint-Louis. Jadis levier d\u00e9terminant pour l&rsquo;organisation, la gestion et la promotion de la destination, la structure se retrouve aujourd&rsquo;hui au c\u0153ur d&rsquo;une vive contestation de l\u00e9gitimit\u00e9. <\/p>\n\n\n\n<p class=\"wp-block-paragraph\"><strong><em>Un levier \u00e9conomique \u00ab confisqu\u00e9 par une bande d&rsquo;amis \u00bb<\/em><\/strong><\/p>\n\n\n\n<p class=\"wp-block-paragraph\">Selon Amadou Diop, le Syndicat d&rsquo;initiative a d\u00e9vi\u00e9 de sa mission de service public et d\u2019int\u00e9r\u00eat communautaire pour muter en une entit\u00e9 opaque. <em>\u00ab Ce syndicat est devenu une soci\u00e9t\u00e9 priv\u00e9e, g\u00e9r\u00e9e par une bande d\u2019amis \u00bb<\/em>, fustige le guide touristique, qui rappelle l&rsquo;adage : <em>\u00ab On ne peut pas aimer ce que l\u2019on ne conna\u00eet pas \u00bb<\/em>.<\/p>\n\n\n\n<p class=\"wp-block-paragraph\">L&rsquo;exasp\u00e9ration est palpable chez les professionnels de terrain. L&rsquo;\u00e9crasante majorit\u00e9 des artisans, des cr\u00e9ateurs et des acteurs culturels saint-louisiens affirment ne plus \u00eatre associ\u00e9s aux d\u00e9cisions, ni m\u00eame conna\u00eetre les visages de ceux qui pilotent l&rsquo;institution. <em>\u00ab On ne les voit nulle part \u00bb<\/em>, regrette-t-il, pointant du doigt une rupture d\u00e9finitive entre la base associative et le sommet de la structure.<\/p>\n\n\n\n<p class=\"wp-block-paragraph\"><strong><em>Quinze ans de r\u00e8gne : la col\u00e8re face \u00e0 un \u00abbureau ill\u00e9gal \u00bb<\/em><\/strong><\/p>\n\n\n\n<p class=\"wp-block-paragraph\">Le c\u0153ur du litige repose sur la long\u00e9vit\u00e9 de l&rsquo;\u00e9quipe en place. Les contestataires affirment que le bureau actuel s&rsquo;\u00e9ternise \u00e0 la t\u00eate du Syndicat d&rsquo;initiative depuis plus d&rsquo;une quinzaine d&rsquo;ann\u00e9es. Pour Amadou Diop et les collectifs d&rsquo;acteurs locaux, ce mandat \u00e0 rallonge a bascul\u00e9 dans l&rsquo;ill\u00e9galit\u00e9, privant la structure de toute reconnaissance aupr\u00e8s des diff\u00e9rents corps de m\u00e9tiers de l&rsquo;art, de la culture et de l&rsquo;artisanat. <\/p>\n\n\n\n<p class=\"wp-block-paragraph\">Cette crise de gouvernance intervient \u00e0 un moment critique o\u00f9 l&rsquo;\u00e9conomie locale est exsangue. <em>\u00ab Le tourisme va mal \u00bb<\/em>, mart\u00e8le le guide. Les retomb\u00e9es \u00e9conomiques directes se sont \u00e9vapor\u00e9es, plongeant les acteurs de l&rsquo;artisanat et de la culture dans une pr\u00e9carit\u00e9 sans pr\u00e9c\u00e9dent, alors que ces secteurs constituaient autrefois le poumon \u00e9conomique de l\u2019ancienne capitale du S\u00e9n\u00e9gal.<\/p>\n\n\n\n<p class=\"wp-block-paragraph\"><strong><em>Vers une bataille judiciaire ?<\/em><\/strong><\/p>\n\n\n\n<p class=\"wp-block-paragraph\">Face \u00e0 ce qu&rsquo;ils qualifient de confiscation de leur outil de travail, les acteurs du tourisme local n&rsquo;excluent plus de passer \u00e0 la vitesse sup\u00e9rieure. Des menaces de mener des activit\u00e9s parall\u00e8les et de saisir le procureur de la R\u00e9publique ont d\u00e9j\u00e0 fait \u00e9cho au sein du milieu afin de forcer le respect des textes r\u00e9glementaires et d&rsquo;exiger le renouvellement transparent du bureau. <\/p>\n\n\n\n<p class=\"wp-block-paragraph\">\u00c0 Saint-Louis, le cri du c\u0153ur d&rsquo;Amadou Diop r\u00e9sonne comme un ultimatum : pour que la capitale du nord retrouve sa splendeur touristique, il faudra imp\u00e9rativement remettre \u00ab l&rsquo;homme qu&rsquo;il faut \u00e0 la place qu&rsquo;il faut \u00bb.<\/p>\n\n\n\n<hr class=\"wp-block-separator has-alpha-channel-opacity\"\/>\n","protected":false},"excerpt":{"rendered":"<p>Le secteur touristique, artisanal et culturel de la vieille ville traverse une zone de fortes turbulences, mat\u00e9rialis\u00e9e par la sortie au vitriol d&rsquo;Amadou Diop, figure bien connue des guides touristiques de la r\u00e9gion. Ce dernier n&rsquo;a pas m\u00e2ch\u00e9 ses mots pour d\u00e9noncer ce qu&rsquo;il qualifie de \u00ab faillite totale \u00bb et de \u00ab mal gouvernance &hellip;<\/p>\n","protected":false},"author":1,"featured_media":13805,"comment_status":"open","ping_status":"open","sticky":false,"template":"","format":"standard","meta":{"footnotes":""},"categories":[218,219,244],"tags":[],"class_list":["post-13802","post","type-post","status-publish","format-standard","has-post-thumbnail","hentry","category-a-laune","category-actualites","category-economie"],"_links":{"self":[{"href":"https:\/\/saintlouisnews.sn\/index.php?rest_route=\/wp\/v2\/posts\/13802","targetHints":{"allow":["GET"]}}],"collection":[{"href":"https:\/\/saintlouisnews.sn\/index.php?rest_route=\/wp\/v2\/posts"}],"about":[{"href":"https:\/\/saintlouisnews.sn\/index.php?rest_route=\/wp\/v2\/types\/post"}],"author":[{"embeddable":true,"href":"https:\/\/saintlouisnews.sn\/index.php?rest_route=\/wp\/v2\/users\/1"}],"replies":[{"embeddable":true,"href":"https:\/\/saintlouisnews.sn\/index.php?rest_route=%2Fwp%2Fv2%2Fcomments&post=13802"}],"version-history":[{"count":1,"href":"https:\/\/saintlouisnews.sn\/index.php?rest_route=\/wp\/v2\/posts\/13802\/revisions"}],"predecessor-version":[{"id":13804,"href":"https:\/\/saintlouisnews.sn\/index.php?rest_route=\/wp\/v2\/posts\/13802\/revisions\/13804"}],"wp:featuredmedia":[{"embeddable":true,"href":"https:\/\/saintlouisnews.sn\/index.php?rest_route=\/wp\/v2\/media\/13805"}],"wp:attachment":[{"href":"https:\/\/saintlouisnews.sn\/index.php?rest_route=%2Fwp%2Fv2%2Fmedia&parent=13802"}],"wp:term":[{"taxonomy":"category","embeddable":true,"href":"https:\/\/saintlouisnews.sn\/index.php?rest_route=%2Fwp%2Fv2%2Fcategories&post=13802"},{"taxonomy":"post_tag","embeddable":true,"href":"https:\/\/saintlouisnews.sn\/index.php?rest_route=%2Fwp%2Fv2%2Ftags&post=13802"}],"curies":[{"name":"wp","href":"https:\/\/api.w.org\/{rel}","templated":true}]}}