{"id":13806,"date":"2026-09-06T00:37:51","date_gmt":"2026-09-06T00:37:51","guid":{"rendered":"https:\/\/saintlouisnews.sn\/?p=13806"},"modified":"2026-09-06T00:47:17","modified_gmt":"2026-09-06T00:47:17","slug":"saint-louis-ferveur-discipline-et-hommages-pour-la-cloture-de-la-50e-edition-du-magal-des-2-rakas","status":"publish","type":"post","link":"https:\/\/saintlouisnews.sn\/?p=13806","title":{"rendered":"Saint-Louis : Ferveur, discipline et hommages pour la cl\u00f4ture de la 50e \u00e9dition du Magal des 2 Rakas"},"content":{"rendered":"\n<p class=\"wp-block-paragraph\"><strong>La vieille ville s\u2019est vid\u00e9e de ses h\u00f4tes apr\u00e8s la comm\u00e9moration historique de la pri\u00e8re de Cheikh Ahmadou Bamba du 5 septembre 1895. Entre affluence record, messages de dignit\u00e9 et distinctions, l&rsquo;\u00e9dition 2026 s&rsquo;impose comme un cru m\u00e9morable.<\/strong><\/p>\n\n\n\n<p class=\"wp-block-paragraph\">Les lampions se sont \u00e9teints sur la capitale du Nord. Quelques heures apr\u00e8s la fin des c\u00e9r\u00e9monies, Saint-Louis retrouve peu \u00e0 peu son calme habituel, apr\u00e8s avoir vibr\u00e9 au rythme de la 50e \u00e9dition du Magal des 2 Rakas (correspondant au 131e anniversaire de l&rsquo;\u00e9v\u00e9nement historique). Consid\u00e9r\u00e9 comme le deuxi\u00e8me plus grand rassemblement religieux de la communaut\u00e9 mouride apr\u00e8s le Grand Magal de Touba, l\u2019\u00e9v\u00e9nement a drain\u00e9 cette ann\u00e9e un v\u00e9ritable rush de fid\u00e8les venus des quatre coins du monde.<\/p>\n\n\n\n<figure class=\"wp-block-image size-full\"><img loading=\"lazy\" decoding=\"async\" width=\"1024\" height=\"768\" src=\"https:\/\/saintlouisnews.sn\/wp-content\/uploads\/2026\/09\/IMG-20260905-WA0724.jpg\" alt=\"\" class=\"wp-image-13813\" srcset=\"https:\/\/saintlouisnews.sn\/wp-content\/uploads\/2026\/09\/IMG-20260905-WA0724.jpg 1024w, https:\/\/saintlouisnews.sn\/wp-content\/uploads\/2026\/09\/IMG-20260905-WA0724-300x225.jpg 300w, https:\/\/saintlouisnews.sn\/wp-content\/uploads\/2026\/09\/IMG-20260905-WA0724-768x576.jpg 768w\" sizes=\"auto, (max-width: 1024px) 100vw, 1024px\" \/><\/figure>\n\n\n\n<p class=\"wp-block-paragraph\">Venus massivement, les p\u00e8lerins ont pris d&rsquo;assaut la ville pour se ressourcer, renouveler leur acte d&rsquo;all\u00e9geance et effectuer des <em>ziarras<\/em> aupr\u00e8s des guides spirituels et des \u00e9rudits du Saint Coran.<\/p>\n\n\n\n<p class=\"wp-block-paragraph\"><strong><em>Un p\u00e8lerinage sur les traces du Fondateur<\/em><\/strong><\/p>\n\n\n\n<p class=\"wp-block-paragraph\">Pour les fid\u00e8les, ce s\u00e9jour \u00e0 Saint-Louis est une occasion unique de marcher sur les traces de Serigne Touba, Cheikh Ahmadou Bamba. Partout o\u00f9 le Saint homme a s\u00e9journ\u00e9 avant son proc\u00e8s d&rsquo;exil et sa d\u00e9portation vers le Gabon par l&rsquo;administration coloniale, d\u2019intenses pri\u00e8res ont \u00e9t\u00e9 formul\u00e9es.<\/p>\n\n\n\n<p class=\"wp-block-paragraph\">Le point d&rsquo;orgue de cette comm\u00e9moration reste la reproduction de la pri\u00e8re historique du 5 septembre 1895. Ce jour-l\u00e0, dans le bureau du gouverneur colonial, le Cheikh avait brav\u00e9 l&rsquo;autorit\u00e9 pour r\u00e9affirmer l&rsquo;unicit\u00e9 de Dieu et d\u00e9fendre l&rsquo;Islam. 131 ans plus tard, l\u2019\u00e9motion reste intacte.<\/p>\n\n\n\n<p class=\"wp-block-paragraph\"><strong><em>L\u2019appel de Serigne Mame Mor Mback\u00e9 : Dignit\u00e9 et valeurs islamiques<\/em><\/strong><\/p>\n\n\n\n<p class=\"wp-block-paragraph\">La c\u00e9r\u00e9monie officielle s\u2019est tenue dans une atmosph\u00e8re de haute spiritualit\u00e9, en pr\u00e9sence de Serigne Mame Mor Mback\u00e9, petit-fils du fondateur du mouridisme et imam du Magal. Le gouvernement et les autorit\u00e9s locales \u00e9taient fortement repr\u00e9sent\u00e9s avec la participation notable du gouverneur de la r\u00e9gion, Al Hassan Sall, du pr\u00e9fet Maurice Latyr Dione, et du maire de la ville, Amadou Mansour Faye.<\/p>\n\n\n\n<figure class=\"wp-block-image size-full\"><img loading=\"lazy\" decoding=\"async\" width=\"1024\" height=\"768\" src=\"https:\/\/saintlouisnews.sn\/wp-content\/uploads\/2026\/09\/IMG-20260905-WA0721.jpg\" alt=\"\" class=\"wp-image-13810\" srcset=\"https:\/\/saintlouisnews.sn\/wp-content\/uploads\/2026\/09\/IMG-20260905-WA0721.jpg 1024w, https:\/\/saintlouisnews.sn\/wp-content\/uploads\/2026\/09\/IMG-20260905-WA0721-300x225.jpg 300w, https:\/\/saintlouisnews.sn\/wp-content\/uploads\/2026\/09\/IMG-20260905-WA0721-768x576.jpg 768w\" sizes=\"auto, (max-width: 1024px) 100vw, 1024px\" \/><\/figure>\n\n\n\n<p class=\"wp-block-paragraph\">Dans son allocution tr\u00e8s attendue, Serigne Mame Mor Mback\u00e9 a d\u00e9livr\u00e9 un message fort ax\u00e9 sur l\u2019actualit\u00e9 des valeurs l\u00e9gu\u00e9es par le Cheikh. Le guide religieux a fermement exhort\u00e9 les milliers de fid\u00e8les r\u00e9unis au respect strict des prescriptions islamiques, en insistant sur trois piliers essentiels : la dignit\u00e9, la discipline et la pr\u00e9servation des valeurs morales.<\/p>\n\n\n\n<p class=\"wp-block-paragraph\"><strong><em>Une organisation salu\u00e9e et l&rsquo;annonce du \u00ab\u00a0Grand Prix Cheikh Ahmadou Bamba\u00a0\u00bb<\/em><\/strong><\/p>\n\n\n\n<p class=\"wp-block-paragraph\">Le maire de Saint-Louis, Amadou Mansour Faye, s&rsquo;est dit profond\u00e9ment honor\u00e9 d&rsquo;accueillir ce grand \u00e9v\u00e9nement de l&rsquo;Islam qui place, le temps d&rsquo;un week-end, tous les regards du pays sur sa commune. Saluant le comportement exemplaire des fid\u00e8les, l&rsquo;\u00e9dile a tenu \u00e0 f\u00e9liciter chaleureusement le <em>Kurel<\/em> des 2 Rakas. Selon lui, le pr\u00e9sident Serigne Ameth Fall et toute son \u00e9quipe n\u2019ont m\u00e9nag\u00e9 aucun effort pour relever les d\u00e9fis logistiques li\u00e9s \u00e0 cette affluence record. Pour Mansour Faye, la vie et l&rsquo;\u0153uvre du Fondateurs du mouridisme doivent \u00eatre enseign\u00e9es aux enfants. Le maire a r\u00e9it\u00e9r\u00e9 l\u2019engagement de la municipalit\u00e9 \u00e0 accompagner encore plus activement les \u00e9ditions futures.<\/p>\n\n\n\n<figure class=\"wp-block-image size-full\"><img loading=\"lazy\" decoding=\"async\" width=\"1024\" height=\"630\" src=\"https:\/\/saintlouisnews.sn\/wp-content\/uploads\/2026\/09\/IMG_20260906_004115.jpg\" alt=\"\" class=\"wp-image-13811\" srcset=\"https:\/\/saintlouisnews.sn\/wp-content\/uploads\/2026\/09\/IMG_20260906_004115.jpg 1024w, https:\/\/saintlouisnews.sn\/wp-content\/uploads\/2026\/09\/IMG_20260906_004115-767x472.jpg 767w, https:\/\/saintlouisnews.sn\/wp-content\/uploads\/2026\/09\/IMG_20260906_004115-300x185.jpg 300w\" sizes=\"auto, (max-width: 1024px) 100vw, 1024px\" \/><\/figure>\n\n\n\n<p class=\"wp-block-paragraph\">De son c\u00f4t\u00e9, le pr\u00e9sident du <em>Kurel<\/em>, Serigne Ameth Fall, a qualifi\u00e9 ce rendez-vous de moment fort pour le mouridisme, tout en invitant les autorit\u00e9s \u00e9tatiques \u00e0 continuer d&rsquo;\u0153uvrer pour la bonne marche du Magal. Il a profit\u00e9 de cette tribune pour annoncer une innovation majeure : la cr\u00e9ation du Grand Prix Cheikh Ahmadou Bamba, qui sera plac\u00e9 sous la pr\u00e9sidence de Serigne Mame Mor Mback\u00e9.<\/p>\n\n\n\n<p class=\"wp-block-paragraph\"><strong><em>Des figures saint-louisiennes \u00e0 l&rsquo;honneur<\/em><\/strong><\/p>\n\n\n\n<p class=\"wp-block-paragraph\">Cette 50e \u00e9dition aura \u00e9galement \u00e9t\u00e9 marqu\u00e9e par l\u2019engagement exceptionnel de plusieurs fils de la r\u00e9gion qui ont grandement contribu\u00e9 au succ\u00e8s de l&rsquo;\u00e9v\u00e9nement :<\/p>\n\n\n\n<ul class=\"wp-block-list\">\n<li><strong>Me Ibrahima Diop<\/strong> : L\u2019ambassadeur du <em>Kurel<\/em> des 2 Rakas et notaire \u00e9m\u00e9rite a particuli\u00e8rement brill\u00e9 par son apport inestimable. Lors de ses interventions, il est revenu avec \u00e9loquence sur le parcours du Cheikh. <em>\u00ab Cheikh Ahmadou Bamba n\u2019\u00e9tait pas parti en exil, il \u00e9tait investi d\u2019une mission. Il a montr\u00e9 sa bravoure, sa foi et son abn\u00e9gation face au colon \u00bb<\/em>, a-t-il rappel\u00e9.<\/li>\n\n\n\n<li><strong>Abou Demb\u00e9l\u00e9 Sow<\/strong> : Qualifi\u00e9 d&rsquo;infatigable et d&rsquo;inamovible par ses pairs, il a pleinement jou\u00e9 sa partition dans les rouages complexes de l&rsquo;organisation.<\/li>\n<\/ul>\n\n\n\n<p class=\"wp-block-paragraph\">Sur le plan de la s\u00e9curit\u00e9, le dispositif d\u00e9ploy\u00e9 par les agents de police a permis de r\u00e9guler tant bien que mal la circulation dans les art\u00e8res \u00e9troites de l&rsquo;\u00eele et des quartiers p\u00e9riph\u00e9riques, m\u00eame si la fin de la pri\u00e8re a donn\u00e9 lieu \u00e0 d&rsquo;in\u00e9vitables congestions au moment du d\u00e9part des p\u00e8lerins.<\/p>\n\n\n\n<p class=\"wp-block-paragraph\">C&rsquo;est ainsi que s&rsquo;ach\u00e8ve ce jubil\u00e9 du Magal des 2 Rakas, laissant derri\u00e8re lui une communaut\u00e9 fortifi\u00e9e par la foi et une ville de Saint-Louis qui confirme son statut de carrefour incontournable de l&rsquo;histoire religieuse du S\u00e9n\u00e9gal.<\/p>\n\n\n\n<hr class=\"wp-block-separator has-alpha-channel-opacity\"\/>\n","protected":false},"excerpt":{"rendered":"<p>La vieille ville s\u2019est vid\u00e9e de ses h\u00f4tes apr\u00e8s la comm\u00e9moration historique de la pri\u00e8re de Cheikh Ahmadou Bamba du 5 septembre 1895. Entre affluence record, messages de dignit\u00e9 et distinctions, l&rsquo;\u00e9dition 2026 s&rsquo;impose comme un cru m\u00e9morable. Les lampions se sont \u00e9teints sur la capitale du Nord. Quelques heures apr\u00e8s la fin des c\u00e9r\u00e9monies, &hellip;<\/p>\n","protected":false},"author":1,"featured_media":13807,"comment_status":"open","ping_status":"open","sticky":false,"template":"","format":"standard","meta":{"footnotes":""},"categories":[218,219,245],"tags":[],"class_list":["post-13806","post","type-post","status-publish","format-standard","has-post-thumbnail","hentry","category-a-laune","category-actualites","category-culture"],"_links":{"self":[{"href":"https:\/\/saintlouisnews.sn\/index.php?rest_route=\/wp\/v2\/posts\/13806","targetHints":{"allow":["GET"]}}],"collection":[{"href":"https:\/\/saintlouisnews.sn\/index.php?rest_route=\/wp\/v2\/posts"}],"about":[{"href":"https:\/\/saintlouisnews.sn\/index.php?rest_route=\/wp\/v2\/types\/post"}],"author":[{"embeddable":true,"href":"https:\/\/saintlouisnews.sn\/index.php?rest_route=\/wp\/v2\/users\/1"}],"replies":[{"embeddable":true,"href":"https:\/\/saintlouisnews.sn\/index.php?rest_route=%2Fwp%2Fv2%2Fcomments&post=13806"}],"version-history":[{"count":5,"href":"https:\/\/saintlouisnews.sn\/index.php?rest_route=\/wp\/v2\/posts\/13806\/revisions"}],"predecessor-version":[{"id":13816,"href":"https:\/\/saintlouisnews.sn\/index.php?rest_route=\/wp\/v2\/posts\/13806\/revisions\/13816"}],"wp:featuredmedia":[{"embeddable":true,"href":"https:\/\/saintlouisnews.sn\/index.php?rest_route=\/wp\/v2\/media\/13807"}],"wp:attachment":[{"href":"https:\/\/saintlouisnews.sn\/index.php?rest_route=%2Fwp%2Fv2%2Fmedia&parent=13806"}],"wp:term":[{"taxonomy":"category","embeddable":true,"href":"https:\/\/saintlouisnews.sn\/index.php?rest_route=%2Fwp%2Fv2%2Fcategories&post=13806"},{"taxonomy":"post_tag","embeddable":true,"href":"https:\/\/saintlouisnews.sn\/index.php?rest_route=%2Fwp%2Fv2%2Ftags&post=13806"}],"curies":[{"name":"wp","href":"https:\/\/api.w.org\/{rel}","templated":true}]}}