{"id":231,"date":"2022-08-16T22:30:17","date_gmt":"2022-08-16T22:30:17","guid":{"rendered":"https:\/\/saintlouisnews.sn\/?p=231"},"modified":"2022-08-16T22:30:17","modified_gmt":"2022-08-16T22:30:17","slug":"ceremonie-de-remises-de-graduation-au-centre-ker-mame-fatim-konte-180-nouveaux-diplomes","status":"publish","type":"post","link":"https:\/\/saintlouisnews.sn\/?p=231","title":{"rendered":"C\u00e9r\u00e9monie de remises de graduation au Centre Ker Mame Fatim KONTE: 180 nouveaux dipl\u00f4m\u00e9s"},"content":{"rendered":"<p><iframe loading=\"lazy\" title=\"C\u00e9r\u00e9monie de remises de graduation au Centre Ker Mame Fatim KONTE: 180 nouveaux dipl\u00f4m\u00e9s\" src=\"https:\/\/www.youtube.com\/embed\/pPYrNmQa8bw\" width=\"853\" height=\"480\" frameborder=\"0\" allowfullscreen=\"allowfullscreen\"><\/iframe><\/p>\n","protected":false},"excerpt":{"rendered":"","protected":false},"author":1,"featured_media":232,"comment_status":"open","ping_status":"open","sticky":false,"template":"","format":"standard","meta":{"footnotes":""},"categories":[219],"tags":[],"class_list":["post-231","post","type-post","status-publish","format-standard","has-post-thumbnail","hentry","category-actualites"],"_links":{"self":[{"href":"https:\/\/saintlouisnews.sn\/index.php?rest_route=\/wp\/v2\/posts\/231","targetHints":{"allow":["GET"]}}],"collection":[{"href":"https:\/\/saintlouisnews.sn\/index.php?rest_route=\/wp\/v2\/posts"}],"about":[{"href":"https:\/\/saintlouisnews.sn\/index.php?rest_route=\/wp\/v2\/types\/post"}],"author":[{"embeddable":true,"href":"https:\/\/saintlouisnews.sn\/index.php?rest_route=\/wp\/v2\/users\/1"}],"replies":[{"embeddable":true,"href":"https:\/\/saintlouisnews.sn\/index.php?rest_route=%2Fwp%2Fv2%2Fcomments&post=231"}],"version-history":[{"count":0,"href":"https:\/\/saintlouisnews.sn\/index.php?rest_route=\/wp\/v2\/posts\/231\/revisions"}],"wp:featuredmedia":[{"embeddable":true,"href":"https:\/\/saintlouisnews.sn\/index.php?rest_route=\/wp\/v2\/media\/232"}],"wp:attachment":[{"href":"https:\/\/saintlouisnews.sn\/index.php?rest_route=%2Fwp%2Fv2%2Fmedia&parent=231"}],"wp:term":[{"taxonomy":"category","embeddable":true,"href":"https:\/\/saintlouisnews.sn\/index.php?rest_route=%2Fwp%2Fv2%2Fcategories&post=231"},{"taxonomy":"post_tag","embeddable":true,"href":"https:\/\/saintlouisnews.sn\/index.php?rest_route=%2Fwp%2Fv2%2Ftags&post=231"}],"curies":[{"name":"wp","href":"https:\/\/api.w.org\/{rel}","templated":true}]}}