{"id":2352,"date":"2023-01-15T22:28:09","date_gmt":"2023-01-15T22:28:09","guid":{"rendered":"https:\/\/saintlouisnews.sn\/?p=2352"},"modified":"2023-01-15T22:28:09","modified_gmt":"2023-01-15T22:28:09","slug":"saint-louis-awa-ndiaye-renoue-avec-sa-base","status":"publish","type":"post","link":"https:\/\/saintlouisnews.sn\/?p=2352","title":{"rendered":"Saint-Louis: Awa N&rsquo;DIAYE renoue avec sa base"},"content":{"rendered":"<p>Saint-Louis: Awa N&rsquo;DIAYE renoue avec sa base<\/p>\n<p>La salle Gymnase Didier Marie a \u00e9t\u00e9 le lieu de convergence des militants, amis et sympathisants de Mme Awa NDIAYE.<\/p>\n<p>Saint-Louis d\u00e9roule le tapis rouge \u00e0 Awa NDIAYE<\/p>\n<p>C&rsquo;est une v\u00e9ritable d\u00e9monstration de force que Mme Awa NDIAYE vient d&rsquo;effectuer dans la capitale du Nord avec le pr\u00e9-lancement de son mouvement \u00ab\u00a0And Wakh Ak Askanwi\u00a0\u00bb (AWA). Avec une mobilisation exceptionnelle, la pr\u00e9sidente de la CDP est largement revenue sur les motivations de la cr\u00e9ation du mouvement \u00ab\u00a0And Wakh Ak Askan Wi\u00a0\u00bb dont le lancement officiel est pr\u00e9vu le 12 F\u00e9vrier prochain \u00e0 Dakar.<br \/>\nPour elle, le mouvement \u00ab\u00a0And Wakh Ak Askan Wi\u00a0\u00bb a \u00e9t\u00e9 lanc\u00e9 apr\u00e8s un peu de recul, afin de \u00ab\u00a0pouvoir discuter avec ma famille, mes amis, mes responsables, mes militants et sympathisants pour voir ce qu\u2019il faut faire\u00a0\u00bb. Toutefois, elle a tenu \u00e0 pr\u00e9ciser que cette entit\u00e9 \u00ab\u00a0n\u2019est pas Awa NDIAYE seulement, mais tous ceux qui s\u2019y sentent. Car, j\u2019\u00e9tais plus proche d\u2019abandonner la politique, ce sont mes militants qui m\u2019 ont redonn\u00e9 go\u00fbt \u00e0 la chose politique\u00a0\u00bb signalant \u00ab\u00a0des responsables politiques et autres sympathisants venant de toutes les r\u00e9gions du S\u00e9n\u00e9gal m\u2019ont recommand\u00e9 de mettre en place un mouvement pour reprendre le travail \u00e0 la base partout avec tous les responsables.<br \/>\nPour ce pr\u00e9-lancement, Awa NDIAYE n&rsquo;a besoin l&rsquo;autorisation de personne. Elle a pr\u00e9f\u00e9r\u00e9 prendre ses responsabilit\u00e9s avec sa base pour apporter des innovations en faisant la politique autrement. \u00ab\u00a0Ce mouvement, a-t-elle dit, ne va d\u00e9pendre d\u2019aucun parti politique\u00a0\u00bb.<br \/>\nPar ceux qui pensaient que la Ministre d&rsquo;Etat Awa NDIAYE ramait \u00e0 contre courant, peuvent d\u00e9chanter. \u00ab\u00a0Tant qu\u2019il (ndlr: Macky SALL) a besoin de moi, je suis pr\u00eate \u00e0 l\u2019accompagner et le soutenir. Parce que, je suis \u00e0 un point de non-retour et je dois avancer sans crainte pour la r\u00e9ussite de ce mouvement, ni de celui du chef de l\u2019\u00c9tat\u00a0\u00bb, a conclu Awa N&rsquo;DIAYE devant un public en liesse acquis \u00e0 sa cause.<\/p>\n","protected":false},"excerpt":{"rendered":"<p>Saint-Louis: Awa N&rsquo;DIAYE renoue avec sa base La salle Gymnase Didier Marie a \u00e9t\u00e9 le lieu de convergence des militants, amis et sympathisants de Mme Awa NDIAYE. Saint-Louis d\u00e9roule le tapis rouge \u00e0 Awa NDIAYE C&rsquo;est une v\u00e9ritable d\u00e9monstration de force que Mme Awa NDIAYE vient d&rsquo;effectuer dans la capitale du Nord avec le pr\u00e9-lancement &hellip;<\/p>\n","protected":false},"author":1,"featured_media":2353,"comment_status":"open","ping_status":"open","sticky":false,"template":"","format":"standard","meta":{"footnotes":""},"categories":[219],"tags":[],"class_list":["post-2352","post","type-post","status-publish","format-standard","has-post-thumbnail","hentry","category-actualites"],"_links":{"self":[{"href":"https:\/\/saintlouisnews.sn\/index.php?rest_route=\/wp\/v2\/posts\/2352","targetHints":{"allow":["GET"]}}],"collection":[{"href":"https:\/\/saintlouisnews.sn\/index.php?rest_route=\/wp\/v2\/posts"}],"about":[{"href":"https:\/\/saintlouisnews.sn\/index.php?rest_route=\/wp\/v2\/types\/post"}],"author":[{"embeddable":true,"href":"https:\/\/saintlouisnews.sn\/index.php?rest_route=\/wp\/v2\/users\/1"}],"replies":[{"embeddable":true,"href":"https:\/\/saintlouisnews.sn\/index.php?rest_route=%2Fwp%2Fv2%2Fcomments&post=2352"}],"version-history":[{"count":0,"href":"https:\/\/saintlouisnews.sn\/index.php?rest_route=\/wp\/v2\/posts\/2352\/revisions"}],"wp:featuredmedia":[{"embeddable":true,"href":"https:\/\/saintlouisnews.sn\/index.php?rest_route=\/wp\/v2\/media\/2353"}],"wp:attachment":[{"href":"https:\/\/saintlouisnews.sn\/index.php?rest_route=%2Fwp%2Fv2%2Fmedia&parent=2352"}],"wp:term":[{"taxonomy":"category","embeddable":true,"href":"https:\/\/saintlouisnews.sn\/index.php?rest_route=%2Fwp%2Fv2%2Fcategories&post=2352"},{"taxonomy":"post_tag","embeddable":true,"href":"https:\/\/saintlouisnews.sn\/index.php?rest_route=%2Fwp%2Fv2%2Ftags&post=2352"}],"curies":[{"name":"wp","href":"https:\/\/api.w.org\/{rel}","templated":true}]}}