{"id":2437,"date":"2023-01-21T08:24:40","date_gmt":"2023-01-21T08:24:40","guid":{"rendered":"https:\/\/saintlouisnews.sn\/?p=2437"},"modified":"2023-01-21T08:24:40","modified_gmt":"2023-01-21T08:24:40","slug":"croisade-contre-loisivete-long-le-partenariat-le-projet-agis","status":"publish","type":"post","link":"https:\/\/saintlouisnews.sn\/?p=2437","title":{"rendered":"Insertion socioprofessionnelle: L&rsquo;Ong Le Partenariat lance le projet AGIS"},"content":{"rendered":"<p>Insertion socioprofessionnelle: L&rsquo;Ong Le Partenariat lance le projet AGIS<\/p>\n<p>L&rsquo;ONG Le Partenariat vient de se distinguer encore. Elle vient de lancer officiellement le projet Appui \u00e0 la Gouvernance de l&rsquo;Insertion socioprofessionnelle AGIS) des personnes vuln\u00e9rables. D&rsquo;un financement de 750.000 Euros de l\u2019Agence fran\u00e7aise de D\u00e9veloppement (AFD), ce projet ambitieux participe aux efforts de l&rsquo;Etat \u00e0 travers Xeyu Ndawyi, l&rsquo;Entreprenariat et l&rsquo;accompagnement des jeunes.<br \/>\nDestin\u00e9 aux jeunes en situation de vuln\u00e9rabilit\u00e9, cet important projet va permettre d&rsquo;enr\u00f4ler six-cents (600) jeunes sur l&rsquo;\u00e9tendue du territoire r\u00e9gional.<br \/>\nL&rsquo;adjointe au gouverneur en charge des Affaires Administratives estime que ce projet qui vient \u00e0 son heure, permettra aux jeunes d&rsquo;avoir acc\u00e8s \u00e0 l&#8217;emploi apr\u00e8s leur formation.<br \/>\nQuant \u00e0 Nicolas DUPUY Directeur technique de l&rsquo;ONG Le Partenariat, il signale que ce projet est venu accompagner la dynamique mise en place par les acteurs locaux magnifiant les nombreuses initiatives de l&rsquo;Etat du S\u00e9n\u00e9gal en faveur de l&#8217;emploi des jeunes. Selon lui, il s&rsquo;agit de soutenir les dynamiques qui existent en mettant en place des outils de cartographie et de base de donn\u00e9es permettant d&rsquo;am\u00e9liorer le suivi des personnes demandeuses d&#8217;emploi sur les diff\u00e9rents territoires \u00e0 travers des offres de formation er d&rsquo;insertion socioprofessionnelle.<\/p>\n","protected":false},"excerpt":{"rendered":"<p>Insertion socioprofessionnelle: L&rsquo;Ong Le Partenariat lance le projet AGIS L&rsquo;ONG Le Partenariat vient de se distinguer encore. Elle vient de lancer officiellement le projet Appui \u00e0 la Gouvernance de l&rsquo;Insertion socioprofessionnelle AGIS) des personnes vuln\u00e9rables. D&rsquo;un financement de 750.000 Euros de l\u2019Agence fran\u00e7aise de D\u00e9veloppement (AFD), ce projet ambitieux participe aux efforts de l&rsquo;Etat \u00e0 &hellip;<\/p>\n","protected":false},"author":1,"featured_media":2438,"comment_status":"open","ping_status":"open","sticky":false,"template":"","format":"standard","meta":{"footnotes":""},"categories":[231],"tags":[],"class_list":["post-2437","post","type-post","status-publish","format-standard","has-post-thumbnail","hentry","category-societe"],"_links":{"self":[{"href":"https:\/\/saintlouisnews.sn\/index.php?rest_route=\/wp\/v2\/posts\/2437","targetHints":{"allow":["GET"]}}],"collection":[{"href":"https:\/\/saintlouisnews.sn\/index.php?rest_route=\/wp\/v2\/posts"}],"about":[{"href":"https:\/\/saintlouisnews.sn\/index.php?rest_route=\/wp\/v2\/types\/post"}],"author":[{"embeddable":true,"href":"https:\/\/saintlouisnews.sn\/index.php?rest_route=\/wp\/v2\/users\/1"}],"replies":[{"embeddable":true,"href":"https:\/\/saintlouisnews.sn\/index.php?rest_route=%2Fwp%2Fv2%2Fcomments&post=2437"}],"version-history":[{"count":0,"href":"https:\/\/saintlouisnews.sn\/index.php?rest_route=\/wp\/v2\/posts\/2437\/revisions"}],"wp:featuredmedia":[{"embeddable":true,"href":"https:\/\/saintlouisnews.sn\/index.php?rest_route=\/wp\/v2\/media\/2438"}],"wp:attachment":[{"href":"https:\/\/saintlouisnews.sn\/index.php?rest_route=%2Fwp%2Fv2%2Fmedia&parent=2437"}],"wp:term":[{"taxonomy":"category","embeddable":true,"href":"https:\/\/saintlouisnews.sn\/index.php?rest_route=%2Fwp%2Fv2%2Fcategories&post=2437"},{"taxonomy":"post_tag","embeddable":true,"href":"https:\/\/saintlouisnews.sn\/index.php?rest_route=%2Fwp%2Fv2%2Ftags&post=2437"}],"curies":[{"name":"wp","href":"https:\/\/api.w.org\/{rel}","templated":true}]}}