{"id":2797,"date":"2023-02-10T21:48:25","date_gmt":"2023-02-10T21:48:25","guid":{"rendered":"https:\/\/saintlouisnews.sn\/?p=2797"},"modified":"2023-02-10T21:48:25","modified_gmt":"2023-02-10T21:48:25","slug":"amelioration-de-la-sante-des-populations-vulnerables-la-deuxieme-phase-du-projet-sen-031-lancee","status":"publish","type":"post","link":"https:\/\/saintlouisnews.sn\/?p=2797","title":{"rendered":"Am\u00e9lioration de la sant\u00e9 des populations vuln\u00e9rables: La deuxi\u00e8me phase du projet SEN 031 lanc\u00e9e"},"content":{"rendered":"<p>Am\u00e9lioration de la sant\u00e9 des populations vuln\u00e9rables: La deuxi\u00e8me phase du projet SEN 031 lanc\u00e9e<\/p>\n<p>La salle de conf\u00e9rence Ibrahima SAKHO de la gouvernance de Saint-Louis, a abrit\u00e9 le CRD de lancement de la deuxi\u00e8me phase du Projet SEN 031.il s&rsquo;agissait de partager les contours du Projet d&rsquo;appui \u00e0 la soci\u00e9t\u00e9 civile pour l&rsquo;am\u00e9lioration de l&rsquo;acc\u00e8s aux services de sant\u00e9 et de la protection sociale.<br \/>\nA travers cette deuxi\u00e8me phase, la coop\u00e9ration Luxembourgeoise a renouvel\u00e9 sa confiance \u00e0 CICODEV charg\u00e9e d&rsquo;ex\u00e9cuter cet ambitieux projet dans cinq r\u00e9gions (Saint-Louis, Ziguinchor Kaffrine, Fatick et Diourbel). Pour ce qui est du nord du pays, le projet sera men\u00e9 dans les d\u00e9partements de Saint-Louis et de Dagana.<br \/>\nLors du lancement, des conventions ont \u00e9t\u00e9 sign\u00e9es entre CICODEV et des OCB et des radios communautaires. Le co\u00fbt de cette phase est de 366 000 euros. Des causeries, des VAD, des consultations etc., sont au menu de cette pr\u00e9sente phase qui va durer 13 mois.<\/p>\n<p><img loading=\"lazy\" decoding=\"async\" class=\"alignnone size-medium wp-image-2800\" src=\"https:\/\/saintlouisnews.sn\/news\/wp-content\/uploads\/2023\/02\/WhatsApp-Image-2023-02-10-at-20.50.38-300x169.jpeg\" alt=\"\" width=\"300\" height=\"169\" \/><img loading=\"lazy\" decoding=\"async\" class=\"alignnone size-medium wp-image-2799\" src=\"https:\/\/saintlouisnews.sn\/news\/wp-content\/uploads\/2023\/02\/WhatsApp-Image-2023-02-10-at-20.50.49-300x169.jpeg\" alt=\"\" width=\"300\" height=\"169\" \/><\/p>\n","protected":false},"excerpt":{"rendered":"<p>Am\u00e9lioration de la sant\u00e9 des populations vuln\u00e9rables: La deuxi\u00e8me phase du projet SEN 031 lanc\u00e9e La salle de conf\u00e9rence Ibrahima SAKHO de la gouvernance de Saint-Louis, a abrit\u00e9 le CRD de lancement de la deuxi\u00e8me phase du Projet SEN 031.il s&rsquo;agissait de partager les contours du Projet d&rsquo;appui \u00e0 la soci\u00e9t\u00e9 civile pour l&rsquo;am\u00e9lioration de &hellip;<\/p>\n","protected":false},"author":1,"featured_media":2798,"comment_status":"open","ping_status":"open","sticky":false,"template":"","format":"standard","meta":{"footnotes":""},"categories":[231],"tags":[],"class_list":["post-2797","post","type-post","status-publish","format-standard","has-post-thumbnail","hentry","category-societe"],"_links":{"self":[{"href":"https:\/\/saintlouisnews.sn\/index.php?rest_route=\/wp\/v2\/posts\/2797","targetHints":{"allow":["GET"]}}],"collection":[{"href":"https:\/\/saintlouisnews.sn\/index.php?rest_route=\/wp\/v2\/posts"}],"about":[{"href":"https:\/\/saintlouisnews.sn\/index.php?rest_route=\/wp\/v2\/types\/post"}],"author":[{"embeddable":true,"href":"https:\/\/saintlouisnews.sn\/index.php?rest_route=\/wp\/v2\/users\/1"}],"replies":[{"embeddable":true,"href":"https:\/\/saintlouisnews.sn\/index.php?rest_route=%2Fwp%2Fv2%2Fcomments&post=2797"}],"version-history":[{"count":0,"href":"https:\/\/saintlouisnews.sn\/index.php?rest_route=\/wp\/v2\/posts\/2797\/revisions"}],"wp:featuredmedia":[{"embeddable":true,"href":"https:\/\/saintlouisnews.sn\/index.php?rest_route=\/wp\/v2\/media\/2798"}],"wp:attachment":[{"href":"https:\/\/saintlouisnews.sn\/index.php?rest_route=%2Fwp%2Fv2%2Fmedia&parent=2797"}],"wp:term":[{"taxonomy":"category","embeddable":true,"href":"https:\/\/saintlouisnews.sn\/index.php?rest_route=%2Fwp%2Fv2%2Fcategories&post=2797"},{"taxonomy":"post_tag","embeddable":true,"href":"https:\/\/saintlouisnews.sn\/index.php?rest_route=%2Fwp%2Fv2%2Ftags&post=2797"}],"curies":[{"name":"wp","href":"https:\/\/api.w.org\/{rel}","templated":true}]}}