{"id":2818,"date":"2023-02-12T08:35:42","date_gmt":"2023-02-12T08:35:42","guid":{"rendered":"https:\/\/saintlouisnews.sn\/?p=2818"},"modified":"2023-02-12T08:35:42","modified_gmt":"2023-02-12T08:35:42","slug":"macky-sall-a-saint-louis-assane-soumare-sest-encore-distingue","status":"publish","type":"post","link":"https:\/\/saintlouisnews.sn\/?p=2818","title":{"rendered":"Macky SALL \u00e0 Saint- Louis: Assane SOUMARE s&rsquo;est encore distingu\u00e9"},"content":{"rendered":"<p>Macky SALL \u00e0 Saint- Louis: Assane SOUMARE s&rsquo;est encore distingu\u00e9<\/p>\n<p><img loading=\"lazy\" decoding=\"async\" class=\"alignnone size-medium wp-image-2819\" src=\"https:\/\/saintlouisnews.sn\/news\/wp-content\/uploads\/2023\/02\/WhatsApp-Image-2023-02-12-at-00.04.36-300x200.jpeg\" alt=\"\" width=\"300\" height=\"200\" \/><\/p>\n<p>Malgr\u00e9 le caract\u00e8re symbolique de la manifestation due \u00e0 un calendrier charg\u00e9 du Chef de l&rsquo;\u00c9tat, Saint-Louis a r\u00e9serv\u00e9 un accueil hospitalier et chaleureux \u00e0 Macky SALL. Tous les responsables du d\u00e9partement autour de leur coordinateur Mansour FAYE, ont battu le rappel des troupes. L&rsquo;ambiance \u00e9tait carnavalesque avec une forte dose militaire tout corps confondu rappelant que l&rsquo;\u00e9v\u00e9nement est militaire. Certains responsables se sont carr\u00e9ment distingu\u00e9s. C&rsquo;est le cas de M. Assane SOUMAR\u00c9. Le Directeur g\u00e9n\u00e9ral de la Caisse de S\u00e9curit\u00e9 sociale (Css), sans tambour ni trompette, a largement tir\u00e9 son \u00e9pingle du jeu. Ses militants venus de Darou, de M\u00e9dina Marmiyal, de Khor, d&rsquo;autres quartiers et villages se sont fortement mobilis\u00e9s au grand bonheur de leur mentor.<\/p>\n<p>Des responsables de l&rsquo;Alliance pour la R\u00e9publique (Apr) au pouvoir, comme Amadou Fran\u00e7ois GAYE Directeur g\u00e9n\u00e9ral de l&rsquo;Appui des S\u00e9n\u00e9galais de l&rsquo;Ext\u00e9rieur (Dgase), Charles FALL Directeur g\u00e9n\u00e9ral de la SONES, Talla TALL cadre \u00e0 l&rsquo;ISRA pr\u00e9sident du Mouvement SOUBOBA , Di\u00e9guy DIOP Directrice de la Promotion des Droits et de la Protection des Enfants (Dpdpe) Dr Ahmadou Bamba K\u00c2 Directeur du Centre r\u00e9gional des \u0152uvres universitaires et sociales (Crous) de Saint-Louis, Ahmadou Bamba FALL Directeur de la Maintenance des Constructions et des Equipements du Minist\u00e8re de l&rsquo;Enseignement sup\u00e9rieur, de la Recherche et de l&rsquo;Innovation, se sont aussi illustr\u00e9s lors de l&rsquo;accueil du Chef de l&rsquo;Etat. Ils ont largement d\u00e9montr\u00e9 leurs capacit\u00e9s de mobilisation.<\/p>\n<p><img loading=\"lazy\" decoding=\"async\" class=\"alignnone size-medium wp-image-2823\" src=\"https:\/\/saintlouisnews.sn\/news\/wp-content\/uploads\/2023\/02\/vlcsnap-2023-02-12-08h27m31s421-300x169.jpg\" alt=\"\" width=\"300\" height=\"169\" \/> <img loading=\"lazy\" decoding=\"async\" class=\"alignnone size-medium wp-image-2824\" src=\"https:\/\/saintlouisnews.sn\/news\/wp-content\/uploads\/2023\/02\/vlcsnap-2023-02-12-08h29m15s835-300x169.jpg\" alt=\"\" width=\"300\" height=\"169\" \/><img loading=\"lazy\" decoding=\"async\" class=\"alignnone size-medium wp-image-2820\" src=\"https:\/\/saintlouisnews.sn\/news\/wp-content\/uploads\/2023\/02\/WhatsApp-Image-2023-02-12-at-01.38.36-1-300x200.jpeg\" alt=\"\" width=\"300\" height=\"200\" \/><img loading=\"lazy\" decoding=\"async\" class=\"wp-image-2821 alignnone\" src=\"https:\/\/saintlouisnews.sn\/news\/wp-content\/uploads\/2023\/02\/WhatsApp-Image-2023-02-12-at-01.38.36-300x200.jpeg\" alt=\"\" width=\"335\" height=\"223\" \/><img loading=\"lazy\" decoding=\"async\" class=\"alignnone size-medium wp-image-2822\" src=\"https:\/\/saintlouisnews.sn\/news\/wp-content\/uploads\/2023\/02\/WhatsApp-Image-2023-02-12-at-01.38.35-300x200.jpeg\" alt=\"\" width=\"300\" height=\"200\" \/><\/p>\n","protected":false},"excerpt":{"rendered":"<p>Macky SALL \u00e0 Saint- Louis: Assane SOUMARE s&rsquo;est encore distingu\u00e9 Malgr\u00e9 le caract\u00e8re symbolique de la manifestation due \u00e0 un calendrier charg\u00e9 du Chef de l&rsquo;\u00c9tat, Saint-Louis a r\u00e9serv\u00e9 un accueil hospitalier et chaleureux \u00e0 Macky SALL. Tous les responsables du d\u00e9partement autour de leur coordinateur Mansour FAYE, ont battu le rappel des troupes. L&rsquo;ambiance &hellip;<\/p>\n","protected":false},"author":1,"featured_media":2819,"comment_status":"open","ping_status":"open","sticky":false,"template":"","format":"standard","meta":{"footnotes":""},"categories":[219,229],"tags":[],"class_list":["post-2818","post","type-post","status-publish","format-standard","has-post-thumbnail","hentry","category-actualites","category-saint-louis"],"_links":{"self":[{"href":"https:\/\/saintlouisnews.sn\/index.php?rest_route=\/wp\/v2\/posts\/2818","targetHints":{"allow":["GET"]}}],"collection":[{"href":"https:\/\/saintlouisnews.sn\/index.php?rest_route=\/wp\/v2\/posts"}],"about":[{"href":"https:\/\/saintlouisnews.sn\/index.php?rest_route=\/wp\/v2\/types\/post"}],"author":[{"embeddable":true,"href":"https:\/\/saintlouisnews.sn\/index.php?rest_route=\/wp\/v2\/users\/1"}],"replies":[{"embeddable":true,"href":"https:\/\/saintlouisnews.sn\/index.php?rest_route=%2Fwp%2Fv2%2Fcomments&post=2818"}],"version-history":[{"count":0,"href":"https:\/\/saintlouisnews.sn\/index.php?rest_route=\/wp\/v2\/posts\/2818\/revisions"}],"wp:featuredmedia":[{"embeddable":true,"href":"https:\/\/saintlouisnews.sn\/index.php?rest_route=\/wp\/v2\/media\/2819"}],"wp:attachment":[{"href":"https:\/\/saintlouisnews.sn\/index.php?rest_route=%2Fwp%2Fv2%2Fmedia&parent=2818"}],"wp:term":[{"taxonomy":"category","embeddable":true,"href":"https:\/\/saintlouisnews.sn\/index.php?rest_route=%2Fwp%2Fv2%2Fcategories&post=2818"},{"taxonomy":"post_tag","embeddable":true,"href":"https:\/\/saintlouisnews.sn\/index.php?rest_route=%2Fwp%2Fv2%2Ftags&post=2818"}],"curies":[{"name":"wp","href":"https:\/\/api.w.org\/{rel}","templated":true}]}}