{"id":3071,"date":"2023-03-04T19:25:18","date_gmt":"2023-03-04T19:25:18","guid":{"rendered":"https:\/\/saintlouisnews.sn\/?p=3071"},"modified":"2023-03-04T19:25:18","modified_gmt":"2023-03-04T19:25:18","slug":"3071","status":"publish","type":"post","link":"https:\/\/saintlouisnews.sn\/?p=3071","title":{"rendered":"Association Diapalant\u00e9: 50 jeunes re\u00e7oivent leurs dipl\u00f4mes apr\u00e8s 9 mois de formation en agriculture au CIPA"},"content":{"rendered":"<p><strong>Association Diapalant\u00e9: 50 jeunes re\u00e7oivent leurs dipl\u00f4mes apr\u00e8s 9 mois de formation en agriculture au CIPA<\/strong><\/p>\n<p><strong>L\u2019Association Diapalant\u00e9 \u0153uvre pour l\u2019am\u00e9lioration des conditions de vie des enfants en situation difficile. Elle vient de terminer un important projet d\u00e9nomm\u00e9 \u00ab Maraichage p\u00e9dagogique \u00bb d\u2019une dur\u00e9e de 9 mois au Centre d\u2019Initiation et de Perfectionnement dans les m\u00e9tiers de l\u2019Agriculture (CIPA). Il s\u2019agit de former 60 jeunes \u00e0 travers 4 cohortes en agriculture dont 60% de filles.<\/strong><\/p>\n<p><strong>\u00b4 Une 1ere cohorte de 10<\/strong><\/p>\n<p><strong>\u00b4 Une 2e cohorte de 15 jeunes<\/strong><\/p>\n<p><strong>\u00b4 Une 3e cohorte de 25 jeunes<\/strong><\/p>\n<p><strong>\u00b4 Une derni\u00e8re et 4e cohorte de 10 jeunes: la formation va d\u00e9marrer incessamment<\/strong><\/p>\n<p>Ce weekend, lors de la c\u00e9r\u00e9monie de remise des Attestions de fin de formation en agriculture, seules les cohortes 1, 2 et 3 sont concern\u00e9s soit un total de 50 r\u00e9cipiendaires sur les 60. Une pr\u00e9sentation du parcours de formation des diff\u00e9rentes cohortes des jeunes de Diapalante a \u00e9t\u00e9 faite par Monsieur le responsable de coordination des activit\u00e9s du CIPA. Il s\u2019en suivi celle du dispositif d\u2019insertion des jeunes apr\u00e8s la formation brillamment pr\u00e9sent\u00e9 le Coordinateur du centre de formation et d\u2019insertion professionnelle Diapalante. Cette pr\u00e9sentation a permis \u00e0 l\u2019assistance de bien comprendre le travail important que l\u2019Association est en train de mener dans la r\u00e9gion de Saint-Louis.<\/p>\n<p>Cr\u00e9\u00e9 en 2016 suite \u00e0 un diagnostic r\u00e9alis\u00e9 en 2012 sur le ch\u00f4mage des jeunes dans la r\u00e9gion de Saint-Louis et sur les risques de marginalisation, d\u00e9linquance et immigration clandestine, le Centre \u00ab Diapalant\u00e9 \u00bb (entraide et solidarit\u00e9 en wolof) se veut avant tout un lieu d\u2019accueil pour les jeunes en situation difficile et les populations vuln\u00e9rables.<\/p>\n<p>A signaler que le centre r\u00e9pond \u00e0 un besoin en formation professionnelle et en accompagnement pour les jeunes et les personnes vuln\u00e9rables exclus du syst\u00e8me formel et sans perspectives d\u2019insertion dans la vie active. Il assure \u00e9galement une mission d\u2019\u00ab incubateur \u00bb pour les artisans et les entreprises locales dans les secteurs de l\u2019environnement et du d\u00e9veloppement durable.<\/p>\n<p>La c\u00e9r\u00e9monie a vu la participation du Directeur du CIPA, du DRDR, de la Pr\u00e9sidente de l\u2019Association Diapalante et son \u00e9quipe ainsi que ses partenaires tels que l\u2019Action Sociale et l\u2019AEMO. Les jeunes et leurs parents \u00e9taient aussi pr\u00e9sents. Ces derniers ont vivement remerci\u00e9 la pr\u00e9sidente Absa et son \u00e9quipe.<\/p>\n","protected":false},"excerpt":{"rendered":"<p>Association Diapalant\u00e9: 50 jeunes re\u00e7oivent leurs dipl\u00f4mes apr\u00e8s 9 mois de formation en agriculture au CIPA L\u2019Association Diapalant\u00e9 \u0153uvre pour l\u2019am\u00e9lioration des conditions de vie des enfants en situation difficile. Elle vient de terminer un important projet d\u00e9nomm\u00e9 \u00ab Maraichage p\u00e9dagogique \u00bb d\u2019une dur\u00e9e de 9 mois au Centre d\u2019Initiation et de Perfectionnement dans les &hellip;<\/p>\n","protected":false},"author":1,"featured_media":3072,"comment_status":"open","ping_status":"open","sticky":false,"template":"","format":"standard","meta":{"footnotes":""},"categories":[230],"tags":[],"class_list":["post-3071","post","type-post","status-publish","format-standard","has-post-thumbnail","hentry","category-sociale"],"_links":{"self":[{"href":"https:\/\/saintlouisnews.sn\/index.php?rest_route=\/wp\/v2\/posts\/3071","targetHints":{"allow":["GET"]}}],"collection":[{"href":"https:\/\/saintlouisnews.sn\/index.php?rest_route=\/wp\/v2\/posts"}],"about":[{"href":"https:\/\/saintlouisnews.sn\/index.php?rest_route=\/wp\/v2\/types\/post"}],"author":[{"embeddable":true,"href":"https:\/\/saintlouisnews.sn\/index.php?rest_route=\/wp\/v2\/users\/1"}],"replies":[{"embeddable":true,"href":"https:\/\/saintlouisnews.sn\/index.php?rest_route=%2Fwp%2Fv2%2Fcomments&post=3071"}],"version-history":[{"count":0,"href":"https:\/\/saintlouisnews.sn\/index.php?rest_route=\/wp\/v2\/posts\/3071\/revisions"}],"wp:featuredmedia":[{"embeddable":true,"href":"https:\/\/saintlouisnews.sn\/index.php?rest_route=\/wp\/v2\/media\/3072"}],"wp:attachment":[{"href":"https:\/\/saintlouisnews.sn\/index.php?rest_route=%2Fwp%2Fv2%2Fmedia&parent=3071"}],"wp:term":[{"taxonomy":"category","embeddable":true,"href":"https:\/\/saintlouisnews.sn\/index.php?rest_route=%2Fwp%2Fv2%2Fcategories&post=3071"},{"taxonomy":"post_tag","embeddable":true,"href":"https:\/\/saintlouisnews.sn\/index.php?rest_route=%2Fwp%2Fv2%2Ftags&post=3071"}],"curies":[{"name":"wp","href":"https:\/\/api.w.org\/{rel}","templated":true}]}}