{"id":3407,"date":"2023-03-26T09:34:02","date_gmt":"2023-03-26T09:34:02","guid":{"rendered":"https:\/\/saintlouisnews.sn\/?p=3407"},"modified":"2023-03-26T09:34:02","modified_gmt":"2023-03-26T09:34:02","slug":"star-du-mois-ousmane-diallo-conseiller-municipal-acteur-au-developpement-president-syldev-andu-nawle","status":"publish","type":"post","link":"https:\/\/saintlouisnews.sn\/?p=3407","title":{"rendered":"STAR DU MOIS\u00a0: Ousmane DIALLO, Conseiller municipal, Acteur au D\u00e9veloppement, Pr\u00e9sident SYLDEV \u00ab\u00a0ANDU NAWLE\u00a0\u00bb"},"content":{"rendered":"<div>\n<p><b><i>STAR DU MOIS\u00a0: Ousmane DIALLO, Conseiller municipal, Acteur au D\u00e9veloppement, Pr\u00e9sident SYLDEV \u00ab\u00a0ANDU NAWLE\u00a0\u00bb<\/i><\/b><\/p>\n<p><b><i>\u00a0<\/i><\/b><\/p>\n<p align=\"center\"><b><i>Un homme discret, courtois, g\u00e9n\u00e9reux au service de sa communaut\u00e9<\/i><\/b><\/p>\n<p><b><i>\u00a0<\/i><\/b><\/p>\n<p><b><i>\u00a0<\/i><\/b><\/p>\n<p><b><i>D\u00e9crit comme un homme affable, d\u2019un commerce facile, Ousmane DIALLO est au c\u0153ur de sa communaut\u00e9. Le temps d\u2019un weekend, il a men\u00e9 plusieurs activit\u00e9s\u00a0: inauguration, conf\u00e9rences religieuses, \u00e9clairage public, installation de comit\u00e9s, enr\u00f4lement dans les mutuelles de sant\u00e9, lev\u00e9e des couleurs et journ\u00e9e de salubrit\u00e9.<\/i><\/b><\/p>\n<p>G\u00e9n\u00e9reux, courageux, courtois, d\u00e9sint\u00e9ress\u00e9, int\u00e8gre, pers\u00e9v\u00e9rant et ambitieux, Ousmane DIALLO vit par le travail qu\u2019il \u00e9rige en culte. Le travail bien fait s\u2019entend car, partout o\u00f9 il est pass\u00e9, \u00e0 travers sa trajectoire professionnelle, l\u2019homme aura marqu\u00e9 son territoire. Les actions men\u00e9es constituent une parfaite illustration. Il a cofinanc\u00e9 la construction du logement de l\u2019ICP du Poste de sant\u00e9 de Sor qui polarise plusieurs quartiers populeux du faubourg de Sor et assur\u00e9 l\u2019informatisation du syst\u00e8me de sant\u00e9 de cette structure sanitaire. Ce geste a \u00e9t\u00e9 magnifi\u00e9 par Pape Moussa CAMARA, pr\u00e9sident du Comit\u00e9 de D\u00e9veloppement sanitaire (CDS).<\/p>\n<p>Fervent musulman et d\u00e9fenseur infatigable de la cause humaine, Ousmane DIALLO attache une importance capitale aux daaras et plaide pour le renforcement des moyens mis \u00e0 disposition d\u2019o\u00f9 \u00ab\u00a0ses nombreuses initiatives\u00a0\u00bb men\u00e9es depuis quelques ann\u00e9es.\u00a0\u00ab\u00a0C\u2019est dans les daaras qu\u2019on forge les individus. Les daaras ont\u00a0\u00a0besoin d\u2019un accompagnement pour permettre aux maitres coraniques de renforcer l\u2019enseignement des apprenants\u00a0\u00bb, estime M. DIALLO qui plaide pour leur modernisation.<\/p>\n<p>Acteur au D\u00e9veloppement, le natif de Darou marque son empreinte et \u0153uvre pour l\u2019am\u00e9lioration des conditions de vie des femmes de son terroir. Il\u00a0est d\u00e9crit comme un homme discret et plein d\u2019humanit\u00e9.\u00a0F\u00e9ru de l\u2019autopromotion \u00e9conomique et sociale des communaut\u00e9s de base, l\u2019appui-accompagnement des plus vuln\u00e9rables est un sacerdoce. La preuve par les nombreuses gestions et actions qu\u2019il d\u00e9livre aux femmes. D\u2019ailleurs, il a mis en place le Gie des femmes \u00ab\u00a0Jiguegnou Ndar\u00a0\u00bb adoss\u00e9 \u00e0 certains outils pour b\u00e9n\u00e9ficier de formation (saponification, transformation de produits halieutiques, de fruits et l\u00e9gumes).<\/p>\n<p>Pour une autonomisation, une audience pour cr\u00e9ation de groupements sera initi\u00e9e incessamment et le financement sera assur\u00e9 par une structure agr\u00e9\u00e9e.<\/p>\n<p>Pour Ousmane DIALLO, la \u00ab\u00a0consid\u00e9ration prime sur tout\u00a0\u00bb. Son engagement et sa proximit\u00e9 avec les populations locales, ont constitu\u00e9 un solide levier pour la consolidation et l\u2019\u00e9largissement de ses bases. Des comit\u00e9s sont install\u00e9s un peu partout \u00e0 travers la ville.<\/p>\n<p>Conscient de l\u2019ins\u00e9curit\u00e9 grandissante qui secoue sa zone, l\u2019acteur au d\u00e9veloppement d\u00e9ploie des moyens pour renforcer l\u2019\u00e9clairage public afin de soutenir les efforts consentis par la municipalit\u00e9. \u00ab\u00a0Le d\u00e9veloppement est un niveau de conscience\u00a0\u00bb, soutient-il.<\/p>\n<p>Loin des querelles de positionnement, des invectives,\u00a0\u00a0Ousmane DIALLO a une autre perception de la politique. \u00ab\u00a0Le choix du prochain doit \u00eatre accept\u00e9. Il ne doit pas \u00eatre un \u00e9l\u00e9ment de discorde. Chacun a sa possibilit\u00e9 de choix\u00a0\u00bb, a-t-il conclu.<\/p>\n<p>&nbsp;<\/p>\n<p><b><i>NB\u00a0<\/i><\/b>: La publication a \u00e9t\u00e9 retard\u00e9e puisqu\u2019apr\u00e8s le reportage, nous avons appris le rappel \u00e0 Dieu de Papa DIALLO p\u00e8re de M. Ousmane DIALLO Pr\u00e9sident du Mouvement\u00a0<b><i>\u00ab\u00a0And Nawl\u00e9\u00a0\u00bb.<\/i><\/b><\/p>\n<p><b><i>En cette douloureuse circonstance, le site saintlouisnews pr\u00e9sente ses sinc\u00e8res condol\u00e9ances \u00e0 M. DIALLO et \u00e0 sa famille.\u00a0\u00a0<\/i><\/b><\/p>\n<\/div>\n<div class=\"yj6qo\"><\/div>\n<div class=\"adL\"><\/div>\n","protected":false},"excerpt":{"rendered":"<p>STAR DU MOIS\u00a0: Ousmane DIALLO, Conseiller municipal, Acteur au D\u00e9veloppement, Pr\u00e9sident SYLDEV \u00ab\u00a0ANDU NAWLE\u00a0\u00bb \u00a0 Un homme discret, courtois, g\u00e9n\u00e9reux au service de sa communaut\u00e9 \u00a0 \u00a0 D\u00e9crit comme un homme affable, d\u2019un commerce facile, Ousmane DIALLO est au c\u0153ur de sa communaut\u00e9. Le temps d\u2019un weekend, il a men\u00e9 plusieurs activit\u00e9s\u00a0: inauguration, conf\u00e9rences religieuses, &hellip;<\/p>\n","protected":false},"author":1,"featured_media":3408,"comment_status":"open","ping_status":"open","sticky":false,"template":"","format":"standard","meta":{"footnotes":""},"categories":[227],"tags":[],"class_list":["post-3407","post","type-post","status-publish","format-standard","has-post-thumbnail","hentry","category-la-star-du-mois"],"_links":{"self":[{"href":"https:\/\/saintlouisnews.sn\/index.php?rest_route=\/wp\/v2\/posts\/3407","targetHints":{"allow":["GET"]}}],"collection":[{"href":"https:\/\/saintlouisnews.sn\/index.php?rest_route=\/wp\/v2\/posts"}],"about":[{"href":"https:\/\/saintlouisnews.sn\/index.php?rest_route=\/wp\/v2\/types\/post"}],"author":[{"embeddable":true,"href":"https:\/\/saintlouisnews.sn\/index.php?rest_route=\/wp\/v2\/users\/1"}],"replies":[{"embeddable":true,"href":"https:\/\/saintlouisnews.sn\/index.php?rest_route=%2Fwp%2Fv2%2Fcomments&post=3407"}],"version-history":[{"count":0,"href":"https:\/\/saintlouisnews.sn\/index.php?rest_route=\/wp\/v2\/posts\/3407\/revisions"}],"wp:featuredmedia":[{"embeddable":true,"href":"https:\/\/saintlouisnews.sn\/index.php?rest_route=\/wp\/v2\/media\/3408"}],"wp:attachment":[{"href":"https:\/\/saintlouisnews.sn\/index.php?rest_route=%2Fwp%2Fv2%2Fmedia&parent=3407"}],"wp:term":[{"taxonomy":"category","embeddable":true,"href":"https:\/\/saintlouisnews.sn\/index.php?rest_route=%2Fwp%2Fv2%2Fcategories&post=3407"},{"taxonomy":"post_tag","embeddable":true,"href":"https:\/\/saintlouisnews.sn\/index.php?rest_route=%2Fwp%2Fv2%2Ftags&post=3407"}],"curies":[{"name":"wp","href":"https:\/\/api.w.org\/{rel}","templated":true}]}}