{"id":3755,"date":"2023-10-26T08:20:45","date_gmt":"2023-10-26T08:20:45","guid":{"rendered":"https:\/\/saintlouisnews.sn\/?p=3755"},"modified":"2023-10-26T08:20:45","modified_gmt":"2023-10-26T08:20:45","slug":"gestion-integree-du-fleuve-senegal-le-groupe-initiatives-fleuve-senegal-et-lomvs-accordent-leurs-violons","status":"publish","type":"post","link":"https:\/\/saintlouisnews.sn\/?p=3755","title":{"rendered":"Gestion int\u00e9gr\u00e9e du Fleuve S\u00e9n\u00e9gal: Le Groupe Initiatives Fleuve S\u00e9n\u00e9gal et l&rsquo;OMVS accordent leurs violons"},"content":{"rendered":"<p>Gestion int\u00e9gr\u00e9e du Fleuve S\u00e9n\u00e9gal:<br \/>\nLe Groupe Initiatives Fleuve S\u00e9n\u00e9gal et l&rsquo;OMVS accordent leurs violons<\/p>\n<p>L&rsquo;ensemble des Acteurs et partenaires de l\u00a0\u00bbOMVS est en conclave \u00e0 Africa Rice. Les participants r\u00e9fl\u00e9chissent sur la probl\u00e9matique de la mise en \u0153uvre d&rsquo;une dynamique territoriale dans le cadre d&rsquo;une gestion int\u00e9gr\u00e9e des ressources en eau du fleuve S\u00e9n\u00e9gal qui regroupe l&rsquo;ensemble des acteurs territoriaux. Cette initiative importante est l&rsquo;\u0153uvre du Groupe Initiatives Fleuve S\u00e9n\u00e9gal qui tire son \u00e9pingle du jeu.<br \/>\nSi aujourd\u2019hui le bassin est sous-valoris\u00e9, plusieurs organisations de la soci\u00e9t\u00e9 civile, locales, nationales ou internationales, m\u00e8nent des activit\u00e9s pour contribuer au d\u00e9veloppement durable et \u00e9quitable. Certaines d\u2019entre elles y interviennent depuis de nombreuses ann\u00e9es, parfois sur des zones tr\u00e8s sp\u00e9cifiques, de chaque c\u00f4t\u00e9 du fleuve. Elles ont d\u00e9velopp\u00e9 une expertise forte sur la connaissance et les enjeux de ces territoires, un r\u00e9seau de partenaires important, des outils et m\u00e9thodes sur diff\u00e9rentes th\u00e9matiques d\u2019intervention. Plusieurs d\u2019entre elles m\u00e8nent des programmes en partenariat sur ces territoires.<br \/>\nA signaler que le bassin du fleuve S\u00e9n\u00e9gal s\u2019\u00e9tend sur quatre pays, le S\u00e9n\u00e9gal, le Mali, la Guin\u00e9e et la Mauritanie.<br \/>\nAussi, fait-il pr\u00e9ciser que 17 Organisations Non Gouvernementales (ONG) dont 6 fran\u00e7aises : Ados, AVSF, Geres, Grdr, Gret et le Partenariat, partageant des visions communes et ont des modes d\u2019intervention compl\u00e9mentaires. Elles ont souhait\u00e9 se rapprocher pour faciliter l\u2019\u00e9change d\u2019exp\u00e9riences et de pratiques, et favoriser la mutualisation des interventions en concertation avec leurs partenaires locaux (OMVS, ARD Saint Louis, collectivit\u00e9s territoriales, OP, etc.). Cette initiative traduit une volont\u00e9 de ces organisations de s\u2019appuyer sur une approche territoriale dans leurs interventions pour en accro\u00eetre la coh\u00e9rence et les synergies. Le Groupe Initiatives Fleuve S\u00e9n\u00e9gal joue sa partition en organisant les acteurs avec L&rsquo;OMVS pour une gestion efficiente et efficace des ressources.<\/p>\n","protected":false},"excerpt":{"rendered":"<p>Gestion int\u00e9gr\u00e9e du Fleuve S\u00e9n\u00e9gal: Le Groupe Initiatives Fleuve S\u00e9n\u00e9gal et l&rsquo;OMVS accordent leurs violons L&rsquo;ensemble des Acteurs et partenaires de l\u00a0\u00bbOMVS est en conclave \u00e0 Africa Rice. Les participants r\u00e9fl\u00e9chissent sur la probl\u00e9matique de la mise en \u0153uvre d&rsquo;une dynamique territoriale dans le cadre d&rsquo;une gestion int\u00e9gr\u00e9e des ressources en eau du fleuve S\u00e9n\u00e9gal &hellip;<\/p>\n","protected":false},"author":1,"featured_media":3756,"comment_status":"open","ping_status":"open","sticky":false,"template":"","format":"standard","meta":{"footnotes":""},"categories":[219],"tags":[],"class_list":["post-3755","post","type-post","status-publish","format-standard","has-post-thumbnail","hentry","category-actualites"],"_links":{"self":[{"href":"https:\/\/saintlouisnews.sn\/index.php?rest_route=\/wp\/v2\/posts\/3755","targetHints":{"allow":["GET"]}}],"collection":[{"href":"https:\/\/saintlouisnews.sn\/index.php?rest_route=\/wp\/v2\/posts"}],"about":[{"href":"https:\/\/saintlouisnews.sn\/index.php?rest_route=\/wp\/v2\/types\/post"}],"author":[{"embeddable":true,"href":"https:\/\/saintlouisnews.sn\/index.php?rest_route=\/wp\/v2\/users\/1"}],"replies":[{"embeddable":true,"href":"https:\/\/saintlouisnews.sn\/index.php?rest_route=%2Fwp%2Fv2%2Fcomments&post=3755"}],"version-history":[{"count":0,"href":"https:\/\/saintlouisnews.sn\/index.php?rest_route=\/wp\/v2\/posts\/3755\/revisions"}],"wp:featuredmedia":[{"embeddable":true,"href":"https:\/\/saintlouisnews.sn\/index.php?rest_route=\/wp\/v2\/media\/3756"}],"wp:attachment":[{"href":"https:\/\/saintlouisnews.sn\/index.php?rest_route=%2Fwp%2Fv2%2Fmedia&parent=3755"}],"wp:term":[{"taxonomy":"category","embeddable":true,"href":"https:\/\/saintlouisnews.sn\/index.php?rest_route=%2Fwp%2Fv2%2Fcategories&post=3755"},{"taxonomy":"post_tag","embeddable":true,"href":"https:\/\/saintlouisnews.sn\/index.php?rest_route=%2Fwp%2Fv2%2Ftags&post=3755"}],"curies":[{"name":"wp","href":"https:\/\/api.w.org\/{rel}","templated":true}]}}