{"id":3758,"date":"2023-10-27T02:25:34","date_gmt":"2023-10-27T02:25:34","guid":{"rendered":"https:\/\/saintlouisnews.sn\/?p=3758"},"modified":"2023-10-27T02:25:34","modified_gmt":"2023-10-27T02:25:34","slug":"gratuite-de-la-cesarienne-la-section-feminine-des-associations-des-personnes-handicapees-monte-au-creneau","status":"publish","type":"post","link":"https:\/\/saintlouisnews.sn\/?p=3758","title":{"rendered":"Gratuit\u00e9 de la c\u00e9sarienne: La section f\u00e9minine des associations des personnes handicap\u00e9es monte au cr\u00e9neau"},"content":{"rendered":"<p>Gratuit\u00e9 de la c\u00e9sarienne: La section f\u00e9minine des associations des personnes handicap\u00e9es monte au cr\u00e9neau<\/p>\n<p>La salle de r\u00e9union du Lyc\u00e9e technique Andr\u00e9 Peytavin, a \u00e9t\u00e9 le lieu de convergence des femmes handicap\u00e9es. Ces derni\u00e8res sont venues en masse, participer \u00e0 l&rsquo;atelier r\u00e9gional de dialogue sur la gratuit\u00e9 de la c\u00e9sarienne initi\u00e9e par la section f\u00e9minine pilot\u00e9e par Mme Diaw Gu\u00e9ye Bald\u00e9.<br \/>\nDr Ousmane THIAM, Gyn\u00e9cologue et chef du service de la maternit\u00e9 de l&rsquo;h\u00f4pital de Saint-Louis qui animait l&rsquo;activit\u00e9, est largement revenu sur les causes, les dispositions \u00e0 prendre pour endiguer les risques.<br \/>\nDans les d\u00e9bats, les femmes ont \u00e9gratign\u00e9 leurs pr\u00e9occupations qui tournent autour de la table de consultation, d&rsquo;accouchement, de l&rsquo;inaccessibilit\u00e9 des locaux en sus du manque de prise en charge et d&rsquo;information. \u00ab\u00a0Plusieurs obstacles se dressent devant nous malgr\u00e9 les m\u00e9canismes et moyens mis en place par l&rsquo;Etat. Nous pensons que les engagements pris (suppression de la c\u00e9sarienne \u00e0 l&rsquo;\u00e9tage, accessibilit\u00e9 de la maternit\u00e9, renforcement du plaidoyer et de la sensibilisation), doivent \u00eatre respect\u00e9s\u00a0\u00bb, a r\u00e9v\u00e9l\u00e9 Mme Bald\u00e9 Diao GU\u00c9YE.<br \/>\nQuant \u00e0 Gora S\u00c9YE, Directeur r\u00e9gional de l&rsquo;Action sociale, il a magnifi\u00e9 la tenue de cet atelier qui, selon lui, participe \u00e0 l&rsquo;animation des instances renouvel\u00e9es r\u00e9cemment. Il a aussi remerci\u00e9 IBP, l&rsquo;association des sages-femmes ainsi que tous les acteurs qui ont particip\u00e9 \u00e0 la r\u00e9ussite de cet \u00e9v\u00e9nement \u00e0 p\u00e9renniser.<\/p>\n","protected":false},"excerpt":{"rendered":"<p>Gratuit\u00e9 de la c\u00e9sarienne: La section f\u00e9minine des associations des personnes handicap\u00e9es monte au cr\u00e9neau La salle de r\u00e9union du Lyc\u00e9e technique Andr\u00e9 Peytavin, a \u00e9t\u00e9 le lieu de convergence des femmes handicap\u00e9es. Ces derni\u00e8res sont venues en masse, participer \u00e0 l&rsquo;atelier r\u00e9gional de dialogue sur la gratuit\u00e9 de la c\u00e9sarienne initi\u00e9e par la section &hellip;<\/p>\n","protected":false},"author":1,"featured_media":3759,"comment_status":"open","ping_status":"open","sticky":false,"template":"","format":"standard","meta":{"footnotes":""},"categories":[1],"tags":[],"class_list":["post-3758","post","type-post","status-publish","format-standard","has-post-thumbnail","hentry","category-uncategorized"],"_links":{"self":[{"href":"https:\/\/saintlouisnews.sn\/index.php?rest_route=\/wp\/v2\/posts\/3758","targetHints":{"allow":["GET"]}}],"collection":[{"href":"https:\/\/saintlouisnews.sn\/index.php?rest_route=\/wp\/v2\/posts"}],"about":[{"href":"https:\/\/saintlouisnews.sn\/index.php?rest_route=\/wp\/v2\/types\/post"}],"author":[{"embeddable":true,"href":"https:\/\/saintlouisnews.sn\/index.php?rest_route=\/wp\/v2\/users\/1"}],"replies":[{"embeddable":true,"href":"https:\/\/saintlouisnews.sn\/index.php?rest_route=%2Fwp%2Fv2%2Fcomments&post=3758"}],"version-history":[{"count":0,"href":"https:\/\/saintlouisnews.sn\/index.php?rest_route=\/wp\/v2\/posts\/3758\/revisions"}],"wp:featuredmedia":[{"embeddable":true,"href":"https:\/\/saintlouisnews.sn\/index.php?rest_route=\/wp\/v2\/media\/3759"}],"wp:attachment":[{"href":"https:\/\/saintlouisnews.sn\/index.php?rest_route=%2Fwp%2Fv2%2Fmedia&parent=3758"}],"wp:term":[{"taxonomy":"category","embeddable":true,"href":"https:\/\/saintlouisnews.sn\/index.php?rest_route=%2Fwp%2Fv2%2Fcategories&post=3758"},{"taxonomy":"post_tag","embeddable":true,"href":"https:\/\/saintlouisnews.sn\/index.php?rest_route=%2Fwp%2Fv2%2Ftags&post=3758"}],"curies":[{"name":"wp","href":"https:\/\/api.w.org\/{rel}","templated":true}]}}