{"id":3771,"date":"2023-11-09T08:17:23","date_gmt":"2023-11-09T08:17:23","guid":{"rendered":"https:\/\/saintlouisnews.sn\/?p=3771"},"modified":"2023-11-09T08:17:23","modified_gmt":"2023-11-09T08:17:23","slug":"mbaye-ndiaye-nouveau-dg-de-la-douane-senegalaise","status":"publish","type":"post","link":"https:\/\/saintlouisnews.sn\/?p=3771","title":{"rendered":"MBAYE NDIAYE NOUVEAU DG DE LA DOUANE S\u00c9N\u00c9GALAISE:"},"content":{"rendered":"<p><em><strong>MBAYE NDIAYE NOUVEAU DG DE LA DOUANE S\u00c9N\u00c9GALAISE: UN HOMME DU SERAIL \u00c0 LA T\u00caTE DES SOLDATS DE L&rsquo;\u00c9CONOMIE<\/strong><\/em><\/p>\n<p><img loading=\"lazy\" decoding=\"async\" class=\"alignnone size-medium wp-image-3772\" src=\"https:\/\/saintlouisnews.sn\/news\/wp-content\/uploads\/2023\/11\/WhatsApp-Image-2023-11-09-at-00.23.32-199x300.jpeg\" alt=\"\" width=\"199\" height=\"300\" \/><\/p>\n<p><strong>L\u2019Inspecteur principal des Douanes de classe exceptionnelle, Docteur Mbaye NDIAYE, est nomm\u00e9 Directeur g\u00e9n\u00e9ral des<\/strong><strong> Douanes. Il remplace \u00e0 ce poste, l\u2019Inspecteur g\u00e9n\u00e9ral d\u2019\u00c9tat Abdourahmane DI\u00c8YE. Le tout nouveau Directeur g\u00e9n\u00e9ral des Douanes \u00e9tait jusque-l\u00e0 le Coordonnateur de la Direction g\u00e9n\u00e9rale des Douanes, position qu\u2019il occupe depuis le 4 janvier 2023.<\/strong><\/p>\n<p>L\u2019Inspecteur principal des Douanes, Mbaye NDIAYE a eu \u00e0 diriger la Direction des Op\u00e9rations douani\u00e8res (DOD).\u00a0<strong>Mbaye NDIAYE<\/strong>, atterri en terrain connu. Il h\u00e9rite d\u2019une Direction g\u00e9n\u00e9rale des Douanes dont il connait les rouages, le fonctionnement, les enjeux et la port\u00e9e des missions.\u00a0<strong>Dr Mbaye NDIAYE<\/strong>\u00a0jouit de la confiance des hautes Autorit\u00e9s, de la hi\u00e9rarchie et de l\u2019admiration des agents des Douanes tous Corps confondus.<\/p>\n<div class=\"google-auto-placed ap_container\"><ins class=\"adsbygoogle adsbygoogle-noablate\" data-ad-format=\"auto\" data-ad-client=\"ca-pub-4992478772103432\" data-adsbygoogle-status=\"done\" data-ad-status=\"unfilled\"><\/p>\n<div id=\"aswift_3_host\" tabindex=\"0\" title=\"Advertisement\" aria-label=\"Advertisement\"><iframe loading=\"lazy\" id=\"aswift_3\" src=\"https:\/\/googleads.g.doubleclick.net\/pagead\/ads?client=ca-pub-4992478772103432&amp;output=html&amp;h=280&amp;adk=2435697518&amp;adf=72223034&amp;pi=t.aa~a.626518956~i.14~rp.4&amp;w=696&amp;fwrn=4&amp;fwrnh=100&amp;lmt=1699562875&amp;num_ads=1&amp;rafmt=1&amp;armr=3&amp;sem=mc&amp;pwprc=3833196232&amp;ad_type=text_image&amp;format=696x280&amp;url=http%3A%2F%2Fndar24.com%2F2023%2F11%2F09%2Fqui-est-le-docteur-mbaye-ndiaye-le-nouveau-directeur-general-des-douanes-du-nord%2F&amp;ea=0&amp;fwr=0&amp;pra=3&amp;rh=174&amp;rw=696&amp;rpe=1&amp;resp_fmts=3&amp;wgl=1&amp;fa=27&amp;dt=1699562874997&amp;bpp=2&amp;bdt=1279&amp;idt=-M&amp;shv=r20231102&amp;mjsv=m202311020101&amp;ptt=9&amp;saldr=aa&amp;abxe=1&amp;cookie=ID%3D6ed0cde06e611dd3-2275fc5514dc0015%3AT%3D1676217100%3ART%3D1699562849%3AS%3DALNI_MYUkPpw5yrsJpnGuWsaLPp_U3IWXA&amp;gpic=UID%3D00000c6199cf8874%3AT%3D1688314493%3ART%3D1699562849%3AS%3DALNI_MZH15QI5X4M9Z9x8aZbrFPreDz1ew&amp;prev_fmts=728x90%2C468x60%2C0x0&amp;nras=2&amp;correlator=8716558082188&amp;frm=20&amp;pv=1&amp;ga_vid=1902688999.1699562874&amp;ga_sid=1699562874&amp;ga_hid=2100654307&amp;ga_fc=0&amp;u_tz=0&amp;u_his=5&amp;u_h=768&amp;u_w=1366&amp;u_ah=738&amp;u_aw=1366&amp;u_cd=24&amp;u_sd=1&amp;adx=141&amp;ady=1853&amp;biw=1349&amp;bih=629&amp;scr_x=0&amp;scr_y=0&amp;eid=44759876%2C44759927%2C31079402%2C44807463%2C31078301%2C31079155%2C44806141%2C44806251%2C44808149%2C44808285%2C31078668%2C31078670&amp;oid=2&amp;pvsid=1412768498490324&amp;tmod=1535696510&amp;uas=0&amp;nvt=1&amp;ref=http%3A%2F%2Fndar24.com%2F&amp;fc=384&amp;brdim=0%2C0%2C0%2C0%2C1366%2C0%2C1366%2C738%2C1366%2C629&amp;vis=1&amp;rsz=%7C%7Cs%7C&amp;abl=NS&amp;fu=128&amp;bc=23&amp;psd=W251bGwsbnVsbCxudWxsLDNd&amp;nt=1&amp;ifi=4&amp;uci=a!4&amp;btvi=2&amp;fsb=1&amp;dtd=39\" name=\"aswift_3\" width=\"696\" height=\"0\" frameborder=\"0\" marginwidth=\"0\" marginheight=\"0\" scrolling=\"no\" sandbox=\"allow-forms allow-popups allow-popups-to-escape-sandbox allow-same-origin allow-scripts allow-top-navigation-by-user-activation\" data-google-container-id=\"a!4\" data-google-query-id=\"CNid4Ivlt4IDFbRMDwIdYZkMfQ\" data-load-complete=\"true\" data-mce-fragment=\"1\"><\/iframe><\/div>\n<p><\/ins><\/div>\n<p>&nbsp;<\/p>\n<p><strong>Un homme d\u2019un riche parcours intellectuel et professionnel<\/strong><\/p>\n<p>&nbsp;<\/p>\n<p>Fort d\u2019une formation acad\u00e9mique et professionnelle solide et riche d\u2019une exp\u00e9rience professionnelle de plus de 20 ans, le nouveau Directeur g\u00e9n\u00e9ral des douanes est\u00a0<strong>Docteur en Droit<\/strong>, option finances publiques.<\/p>\n<p><strong>Mbaye NDIAYE<\/strong>\u00a0a dirig\u00e9 de main de ma\u00eetre la Direction r\u00e9gionale Nord (Louga, Saint-Louis, Matam) de Mai 2016 jusqu\u2019\u00e0 sa nomination \u00e0 la t\u00eate de la Direction des Op\u00e9rations douani\u00e8res le 8 Mai 2019.<\/p>\n<div class=\"google-auto-placed ap_container\"><ins class=\"adsbygoogle adsbygoogle-noablate\" data-ad-format=\"auto\" data-ad-client=\"ca-pub-4992478772103432\" data-adsbygoogle-status=\"done\" data-ad-status=\"unfilled\"><\/p>\n<div id=\"aswift_4_host\" tabindex=\"0\" title=\"Advertisement\" aria-label=\"Advertisement\"><iframe loading=\"lazy\" id=\"aswift_4\" src=\"https:\/\/googleads.g.doubleclick.net\/pagead\/ads?client=ca-pub-4992478772103432&amp;output=html&amp;h=280&amp;adk=2435697518&amp;adf=501542891&amp;pi=t.aa~a.626518956~i.24~rp.4&amp;w=696&amp;fwrn=4&amp;fwrnh=100&amp;lmt=1699562875&amp;num_ads=1&amp;rafmt=1&amp;armr=3&amp;sem=mc&amp;pwprc=3833196232&amp;ad_type=text_image&amp;format=696x280&amp;url=http%3A%2F%2Fndar24.com%2F2023%2F11%2F09%2Fqui-est-le-docteur-mbaye-ndiaye-le-nouveau-directeur-general-des-douanes-du-nord%2F&amp;ea=0&amp;fwr=0&amp;pra=3&amp;rh=174&amp;rw=696&amp;rpe=1&amp;resp_fmts=3&amp;wgl=1&amp;fa=27&amp;dt=1699562874997&amp;bpp=1&amp;bdt=1279&amp;idt=1&amp;shv=r20231102&amp;mjsv=m202311020101&amp;ptt=9&amp;saldr=aa&amp;abxe=1&amp;cookie=ID%3D6ed0cde06e611dd3-2275fc5514dc0015%3AT%3D1676217100%3ART%3D1699562849%3AS%3DALNI_MYUkPpw5yrsJpnGuWsaLPp_U3IWXA&amp;gpic=UID%3D00000c6199cf8874%3AT%3D1688314493%3ART%3D1699562849%3AS%3DALNI_MZH15QI5X4M9Z9x8aZbrFPreDz1ew&amp;prev_fmts=728x90%2C468x60%2C0x0%2C696x280&amp;nras=3&amp;correlator=8716558082188&amp;frm=20&amp;pv=1&amp;ga_vid=1902688999.1699562874&amp;ga_sid=1699562874&amp;ga_hid=2100654307&amp;ga_fc=0&amp;u_tz=0&amp;u_his=5&amp;u_h=768&amp;u_w=1366&amp;u_ah=738&amp;u_aw=1366&amp;u_cd=24&amp;u_sd=1&amp;adx=141&amp;ady=2497&amp;biw=1349&amp;bih=629&amp;scr_x=0&amp;scr_y=0&amp;eid=44759876%2C44759927%2C31079402%2C44807463%2C31078301%2C31079155%2C44806141%2C44806251%2C44808149%2C44808285%2C31078668%2C31078670&amp;oid=2&amp;pvsid=1412768498490324&amp;tmod=1535696510&amp;uas=0&amp;nvt=1&amp;ref=http%3A%2F%2Fndar24.com%2F&amp;fc=384&amp;brdim=0%2C0%2C0%2C0%2C1366%2C0%2C1366%2C738%2C1366%2C629&amp;vis=1&amp;rsz=%7C%7Cs%7C&amp;abl=NS&amp;fu=128&amp;bc=23&amp;psd=W251bGwsbnVsbCxudWxsLDNd&amp;nt=1&amp;ifi=5&amp;uci=a!5&amp;btvi=3&amp;fsb=1&amp;dtd=53\" name=\"aswift_4\" width=\"696\" height=\"0\" frameborder=\"0\" marginwidth=\"0\" marginheight=\"0\" scrolling=\"no\" sandbox=\"allow-forms allow-popups allow-popups-to-escape-sandbox allow-same-origin allow-scripts allow-top-navigation-by-user-activation\" data-google-container-id=\"a!5\" data-google-query-id=\"COzm4Ivlt4IDFXxfDwIdRrMPYw\" data-load-complete=\"true\" data-mce-fragment=\"1\"><\/iframe><\/div>\n<p><\/ins><\/div>\n<p>Son passage au Nord est marqu\u00e9 par des innovations dans le management des hommes, dans la gestion des services et unit\u00e9s ainsi que par l\u2019am\u00e9lioration des relations entre les Douanes du Nord et les usagers et populations locales. Ce qui s\u2019est traduit par une motivation des agents et des chefs locaux. Sous sa conduite, les rapports de bon voisinage et d\u2019assistance administrative mutuelle avec l\u2019Administration s\u0153ur des Douanes de la Mauritanie ont \u00e9t\u00e9 renforc\u00e9s. Au niveau interne, une collaboration \u00e9troite avec les autres Forces de D\u00e9fense et de S\u00e9curit\u00e9, une meilleure compr\u00e9hension des missions de la Douane, une image positive de l\u2019Administration, et des r\u00e9sultats \u00e9clatants dans la mobilisation des recettes et la lutte contre la fraude et la contrebande ont \u00e9t\u00e9 enregistr\u00e9s.<\/p>\n<p>En effet, sous son impulsion, le Nord est devenu la deuxi\u00e8me r\u00e9gion pourvoyeuse de recettes douani\u00e8res apr\u00e8s celle de l\u2019Ouest. Cette prouesse, l\u2019Inspecteur des Douanes Mbaye NDIAYE la doit \u00e0 sa riche trajectoire et \u00e0 son culte du savoir.<\/p>\n<div class=\"google-auto-placed ap_container\"><ins class=\"adsbygoogle adsbygoogle-noablate\" data-ad-format=\"auto\" data-ad-client=\"ca-pub-4992478772103432\" data-adsbygoogle-status=\"done\" data-ad-status=\"unfilled\"><\/p>\n<div id=\"aswift_5_host\" tabindex=\"0\" title=\"Advertisement\" aria-label=\"Advertisement\"><iframe loading=\"lazy\" id=\"aswift_5\" src=\"https:\/\/googleads.g.doubleclick.net\/pagead\/ads?client=ca-pub-4992478772103432&amp;output=html&amp;h=280&amp;adk=2435697518&amp;adf=1792282438&amp;pi=t.aa~a.626518956~i.28~rp.4&amp;w=696&amp;fwrn=4&amp;fwrnh=100&amp;lmt=1699562898&amp;num_ads=1&amp;rafmt=1&amp;armr=3&amp;sem=mc&amp;pwprc=3833196232&amp;ad_type=text_image&amp;format=696x280&amp;url=http%3A%2F%2Fndar24.com%2F2023%2F11%2F09%2Fqui-est-le-docteur-mbaye-ndiaye-le-nouveau-directeur-general-des-douanes-du-nord%2F&amp;ea=0&amp;fwr=0&amp;pra=3&amp;rh=174&amp;rw=696&amp;rpe=1&amp;resp_fmts=3&amp;wgl=1&amp;fa=27&amp;dt=1699562875005&amp;bpp=1&amp;bdt=1286&amp;idt=1&amp;shv=r20231102&amp;mjsv=m202311020101&amp;ptt=9&amp;saldr=aa&amp;abxe=1&amp;cookie=ID%3D6ed0cde06e611dd3-2275fc5514dc0015%3AT%3D1676217100%3ART%3D1699562849%3AS%3DALNI_MYUkPpw5yrsJpnGuWsaLPp_U3IWXA&amp;gpic=UID%3D00000c6199cf8874%3AT%3D1688314493%3ART%3D1699562849%3AS%3DALNI_MZH15QI5X4M9Z9x8aZbrFPreDz1ew&amp;prev_fmts=728x90%2C468x60%2C0x0%2C696x280%2C696x280%2C324x250%2C1349x629&amp;nras=6&amp;correlator=8716558082188&amp;frm=20&amp;pv=1&amp;ga_vid=1902688999.1699562874&amp;ga_sid=1699562874&amp;ga_hid=2100654307&amp;ga_fc=0&amp;u_tz=0&amp;u_his=5&amp;u_h=768&amp;u_w=1366&amp;u_ah=738&amp;u_aw=1366&amp;u_cd=24&amp;u_sd=1&amp;adx=141&amp;ady=2581&amp;biw=1349&amp;bih=629&amp;scr_x=0&amp;scr_y=66&amp;eid=44759876%2C44759927%2C31079402%2C44807463%2C31078301%2C31079155%2C44806141%2C44806251%2C44808149%2C44808285%2C31078668%2C31078670&amp;oid=2&amp;pvsid=1412768498490324&amp;tmod=1535696510&amp;uas=3&amp;nvt=1&amp;ref=http%3A%2F%2Fndar24.com%2F&amp;fc=384&amp;brdim=0%2C0%2C0%2C0%2C1366%2C0%2C1366%2C738%2C1366%2C629&amp;vis=1&amp;rsz=%7C%7Cs%7C&amp;abl=NS&amp;fu=128&amp;bc=23&amp;psd=W251bGwsbnVsbCxudWxsLDNd&amp;nt=1&amp;ifi=6&amp;uci=a!6&amp;btvi=5&amp;fsb=1&amp;dtd=24007\" name=\"aswift_5\" width=\"696\" height=\"0\" frameborder=\"0\" marginwidth=\"0\" marginheight=\"0\" scrolling=\"no\" sandbox=\"allow-forms allow-popups allow-popups-to-escape-sandbox allow-same-origin allow-scripts allow-top-navigation-by-user-activation\" data-google-container-id=\"a!6\" data-google-query-id=\"CPn9l5flt4IDFXxdDwIdVMMMpw\" data-load-complete=\"true\" data-mce-fragment=\"1\"><\/iframe><\/div>\n<p><\/ins><\/div>\n<p>De Professeur de fran\u00e7ais et d\u2019histoire g\u00e9ographie (1997-1999), il r\u00e9ussit avec brio le concours de l\u2019Ecole nationale d\u2019Administration (ENA) et int\u00e8gre le Corps des inspecteurs et officiers des Douanes.<\/p>\n<p><strong>\u00a0<\/strong><\/p>\n<p><strong>Un manager hors pair<\/strong><\/p>\n<p>A sa sortie, il est affect\u00e9 comme Inspecteur-v\u00e9rificateur au Bureau des Douanes de l\u2019A\u00e9roport L\u00e9opold S\u00e9dar Senghor. De l\u00e0, il rejoint le Bureau des Douanes de Dakar Port-Sud comme v\u00e9rificateur puis comme Chef des Sections d\u2019\u00e9critures avant d\u2019atterrir au poste de Chef du Bureau de Recouvrement et des Poursuites \u00e0 la Direction du Renseignement et des Enqu\u00eates douani\u00e8res. L\u2019Inspecteur Mbaye NDIAYE fait un deuxi\u00e8me s\u00e9jour au Bureau des Douanes de Dakar Port-Sud d\u2019abord comme Chef de Visite et, enfin comme Chef de Bureau.<\/p>\n<p>Aur\u00e9ol\u00e9 de cette belle exp\u00e9rience,\u00a0<strong>le nouveau Directeur g\u00e9n\u00e9ral des Douanes\u00a0<\/strong>int\u00e8gre le Cabinet du Ministre de l\u2019\u00c9conomie et des Finances d\u2019alors comme Conseiller technique en mars 2014. Deux ans plus tard, Mbaye NDIAYE est nomm\u00e9 au poste de Directeur de la R\u00e9gion douani\u00e8re du Nord (DRN).<\/p>\n<p><strong>L\u2019inspecteur principal des Douanes, Mbaye NDIAYE<\/strong>, a, par ailleurs, subi une formation modulaire sur l\u2019Accord de l\u2019OMC sur la facilitation des \u00e9changes organis\u00e9e par l\u2019Organisation islamique pour l\u2019\u00e9ducation, la science et la culture (ISESCO) \u00e0 Casablanca au Maroc en mai 2016\u00a0et celle de formation des formateurs organis\u00e9e par l\u2019\u00c9cole nationale des Douanes de France en Septembre et Octobre 2002.<\/p>\n<div class=\"google-auto-placed ap_container\"><ins class=\"adsbygoogle adsbygoogle-noablate\" data-ad-format=\"auto\" data-ad-client=\"ca-pub-4992478772103432\" data-adsbygoogle-status=\"done\" data-ad-status=\"unfilled\"><\/p>\n<div id=\"aswift_6_host\" tabindex=\"0\" title=\"Advertisement\" aria-label=\"Advertisement\"><iframe loading=\"lazy\" id=\"aswift_6\" src=\"https:\/\/googleads.g.doubleclick.net\/pagead\/ads?client=ca-pub-4992478772103432&amp;output=html&amp;h=280&amp;adk=2435697518&amp;adf=2069511027&amp;pi=t.aa~a.626518956~i.40~rp.4&amp;w=696&amp;fwrn=4&amp;fwrnh=100&amp;lmt=1699562900&amp;num_ads=1&amp;rafmt=1&amp;armr=3&amp;sem=mc&amp;pwprc=3833196232&amp;ad_type=text_image&amp;format=696x280&amp;url=http%3A%2F%2Fndar24.com%2F2023%2F11%2F09%2Fqui-est-le-docteur-mbaye-ndiaye-le-nouveau-directeur-general-des-douanes-du-nord%2F&amp;ea=0&amp;fwr=0&amp;pra=3&amp;rh=174&amp;rw=696&amp;rpe=1&amp;resp_fmts=3&amp;wgl=1&amp;fa=27&amp;dt=1699562875014&amp;bpp=1&amp;bdt=1296&amp;idt=1&amp;shv=r20231102&amp;mjsv=m202311020101&amp;ptt=9&amp;saldr=aa&amp;abxe=1&amp;cookie=ID%3D6ed0cde06e611dd3-2275fc5514dc0015%3AT%3D1676217100%3ART%3D1699562849%3AS%3DALNI_MYUkPpw5yrsJpnGuWsaLPp_U3IWXA&amp;gpic=UID%3D00000c6199cf8874%3AT%3D1688314493%3ART%3D1699562849%3AS%3DALNI_MZH15QI5X4M9Z9x8aZbrFPreDz1ew&amp;prev_fmts=728x90%2C468x60%2C0x0%2C696x280%2C696x280%2C324x250%2C1349x629%2C696x280&amp;nras=7&amp;correlator=8716558082188&amp;frm=20&amp;pv=1&amp;ga_vid=1902688999.1699562874&amp;ga_sid=1699562874&amp;ga_hid=2100654307&amp;ga_fc=0&amp;u_tz=0&amp;u_his=5&amp;u_h=768&amp;u_w=1366&amp;u_ah=738&amp;u_aw=1366&amp;u_cd=24&amp;u_sd=1&amp;adx=141&amp;ady=3283&amp;biw=1349&amp;bih=629&amp;scr_x=0&amp;scr_y=852&amp;eid=44759876%2C44759927%2C31079402%2C44807463%2C31078301%2C31079155%2C44806141%2C44806251%2C44808149%2C44808285%2C31078668%2C31078670&amp;oid=2&amp;pvsid=1412768498490324&amp;tmod=1535696510&amp;uas=3&amp;nvt=1&amp;ref=http%3A%2F%2Fndar24.com%2F&amp;fc=384&amp;brdim=0%2C0%2C0%2C0%2C1366%2C0%2C1366%2C738%2C1366%2C629&amp;vis=1&amp;rsz=%7C%7Cs%7C&amp;abl=NS&amp;fu=128&amp;bc=23&amp;psd=W251bGwsbnVsbCxudWxsLDNd&amp;nt=1&amp;ifi=7&amp;uci=a!7&amp;btvi=6&amp;fsb=1&amp;dtd=25050\" name=\"aswift_6\" width=\"696\" height=\"0\" frameborder=\"0\" marginwidth=\"0\" marginheight=\"0\" scrolling=\"no\" sandbox=\"allow-forms allow-popups allow-popups-to-escape-sandbox allow-same-origin allow-scripts allow-top-navigation-by-user-activation\" data-google-container-id=\"a!7\" data-google-query-id=\"CPay5Zflt4IDFdFbDwIdFE8KsQ\" data-load-complete=\"true\" data-mce-fragment=\"1\"><\/iframe><\/div>\n<p><\/ins><\/div>\n<p>Ce parcours professionnel est ponctu\u00e9 de plusieurs autres missions. Il f\u00fbt Correspondant national du Groupe intergouvernemental d\u2019Action Contre le Blanchiment des Capitaux en Afrique de l\u2019Ouest (GIABA, Pr\u00e9sident du Comit\u00e9 interminist\u00e9riel d\u2019agr\u00e9ment des programmes d\u2019investissements des ONG et Administrateur, pour le compte de l\u2019Etat du S\u00e9n\u00e9gal, de la soci\u00e9t\u00e9 nationale de d\u00e9veloppement des fibres textiles (SODEFITEX).<\/p>\n<p><strong>\u2026 en qu\u00eate perp\u00e9tuelle du savoir et du savoir-faire<\/strong><\/p>\n<p>Titulaire\u00a0:<\/p>\n<ul>\n<li>d\u2019un Bac S\u00e9rie A3, Mention Assez-bien, et laur\u00e9at du Concours g\u00e9n\u00e9ral\u00a0;<\/li>\n<li>d\u2019une Maitrise en Droit, Option Administration publique, Mention Bien\u00a0;<\/li>\n<li>d\u2019un Master II en Sciences \u00e9conomiques, Option Politiques \u00e9conomiques de l\u2019Universit\u00e9 Pierre MEND\u00c8S Grenoble France, Mention Assez-bien\u00a0;<\/li>\n<li>d\u2019un DEA de en Droit public g\u00e9n\u00e9ral\u00a0;<\/li>\n<li>d\u2019un Doctorat de Droit public, Option Finances publiques avec comme sujet\u00a0: Logique de performance et cadre harmonis\u00e9 des Finances publiques de l\u2019UEMOA, Mention tr\u00e8s honorable avec les f\u00e9licitations du Jury.<\/li>\n<\/ul>\n<p><u>Dipl\u00f4mes professionnels\u00a0:<\/u><\/p>\n<ul>\n<li>Dipl\u00f4me d\u2019instituteur<\/li>\n<li>Dipl\u00f4me de professeur d\u2019enseignement dans les coll\u00e8ges en histoire, g\u00e9ographie et fran\u00e7ais\u00a0;<\/li>\n<li>Brevet de l\u2019\u00c9cole nationale d\u2019Administration (ENA)\u00a0;<\/li>\n<li>Certificat de Formation de l\u2019\u00c9cole des Douanes de Neuilly en France (Formation des Formateurs)\u00a0;<\/li>\n<li>Titulaire de deux Certificats de Recherche en Management de l\u2019Universit\u00e9 Georgetown de Washington\u00a0;<\/li>\n<li>Doctorant en Sciences de Gestion avec sujet de recherche\u00a0: les conditions d\u2019appropriation du processus strat\u00e9gique par l\u2019encadrement interm\u00e9diaire des organisations publiques (Universit\u00e9s\u00a0: Georgetown de Washington, Universit\u00e9 Paris-Sacley et Institut fran\u00e7ais de gestion).<\/li>\n<\/ul>\n<p>Le Docteur d\u2019\u00c9tat Mbaye NDIAYE est connu pour \u00eatre un homme de partage d\u2019id\u00e9es et de bonnes pratiques. Malgr\u00e9 ses charges professionnelles, il a encadr\u00e9 plusieurs g\u00e9n\u00e9rations d\u2019\u00e9tudiants s\u00e9n\u00e9galais. Il a collabor\u00e9 avec les universit\u00e9s du pays en tant qu\u2019enseignant vacataire \u00e0 l\u2019Universit\u00e9 Cheikh Anta DIOP (Master 2 en proc\u00e9dures de d\u00e9douanement), \u00e0 l\u2019Universit\u00e9 de Thi\u00e8s (Licence 3 Commerce international et Contentieux douaniers), \u00e0 l\u2019Universit\u00e9 Gaston Berger (Master 2 en Contentieux douanier) et \u00e0 l\u2019Universit\u00e9 Assane SECK de Ziguinchor (Licence 3 Commerce international et Contentieux douaniers).\u00a0<strong>Le Docteur Mbaye NDIAYE<\/strong>\u00a0est rest\u00e9 l\u2019enseignant qu\u2019il \u00e9tait et a toujours gard\u00e9 sa vocation d\u2019encadreur. Cette qualit\u00e9 est l\u2019un des atouts qui vont lui servir de boussole dans son exaltante mission de\u00a0<strong>Directeur g\u00e9n\u00e9ral des Douanes<\/strong>\u00a0dans un contexte de\u00a0<strong>modernisation de l\u2019Administration douani\u00e8re marqu\u00e9\u00a0<\/strong>par le renforcement des moyens d\u2019action et d\u2019intervention des unit\u00e9s op\u00e9rationnelles sur l\u2019ensemble du territoire national.<\/p>\n<p>En portant son choix sur\u00a0<strong>l\u2019Inspecteur des Douanes de classe exceptionnelle Mbaye NDIAYE<\/strong>, pour conduire aux destin\u00e9es de la Direction g\u00e9n\u00e9ral des Douanes, la Haute autorit\u00e9 du pays a mis\u00e9 sur un manager qui a le profil du poste.<\/p>\n<div class=\"google-auto-placed ap_container\"><ins class=\"adsbygoogle adsbygoogle-noablate\" data-ad-format=\"auto\" data-ad-client=\"ca-pub-4992478772103432\" data-adsbygoogle-status=\"done\" data-ad-status=\"unfilled\"><\/p>\n<div id=\"aswift_7_host\" tabindex=\"0\" title=\"Advertisement\" aria-label=\"Advertisement\"><iframe loading=\"lazy\" id=\"aswift_7\" src=\"https:\/\/googleads.g.doubleclick.net\/pagead\/ads?client=ca-pub-4992478772103432&amp;output=html&amp;h=280&amp;adk=2435697518&amp;adf=930977457&amp;pi=t.aa~a.626518956~i.60~rp.4&amp;w=696&amp;fwrn=4&amp;fwrnh=100&amp;lmt=1699562912&amp;num_ads=1&amp;rafmt=1&amp;armr=3&amp;sem=mc&amp;pwprc=3833196232&amp;ad_type=text_image&amp;format=696x280&amp;url=http%3A%2F%2Fndar24.com%2F2023%2F11%2F09%2Fqui-est-le-docteur-mbaye-ndiaye-le-nouveau-directeur-general-des-douanes-du-nord%2F&amp;ea=0&amp;fwr=0&amp;pra=3&amp;rh=174&amp;rw=696&amp;rpe=1&amp;resp_fmts=3&amp;wgl=1&amp;fa=27&amp;dt=1699562875021&amp;bpp=3&amp;bdt=1302&amp;idt=3&amp;shv=r20231102&amp;mjsv=m202311020101&amp;ptt=9&amp;saldr=aa&amp;abxe=1&amp;cookie=ID%3D6ed0cde06e611dd3-2275fc5514dc0015%3AT%3D1676217100%3ART%3D1699562849%3AS%3DALNI_MYUkPpw5yrsJpnGuWsaLPp_U3IWXA&amp;gpic=UID%3D00000c6199cf8874%3AT%3D1688314493%3ART%3D1699562849%3AS%3DALNI_MZH15QI5X4M9Z9x8aZbrFPreDz1ew&amp;prev_fmts=728x90%2C468x60%2C0x0%2C696x280%2C696x280%2C324x250%2C1349x629%2C696x280%2C696x280&amp;nras=8&amp;correlator=8716558082188&amp;frm=20&amp;pv=1&amp;ga_vid=1902688999.1699562874&amp;ga_sid=1699562874&amp;ga_hid=2100654307&amp;ga_fc=0&amp;u_tz=0&amp;u_his=5&amp;u_h=768&amp;u_w=1366&amp;u_ah=738&amp;u_aw=1366&amp;u_cd=24&amp;u_sd=1&amp;adx=141&amp;ady=4739&amp;biw=1349&amp;bih=629&amp;scr_x=0&amp;scr_y=2224&amp;eid=44759876%2C44759927%2C31079402%2C44807463%2C31078301%2C31079155%2C44806141%2C44806251%2C44808149%2C44808285%2C31078668%2C31078670&amp;oid=2&amp;pvsid=1412768498490324&amp;tmod=1535696510&amp;uas=3&amp;nvt=1&amp;ref=http%3A%2F%2Fndar24.com%2F&amp;fc=384&amp;brdim=0%2C0%2C0%2C0%2C1366%2C0%2C1366%2C738%2C1366%2C629&amp;vis=1&amp;rsz=%7C%7Cs%7C&amp;abl=NS&amp;fu=128&amp;bc=23&amp;psd=W251bGwsbnVsbCxudWxsLDNd&amp;nt=1&amp;ifi=8&amp;uci=a!8&amp;btvi=7&amp;fsb=1&amp;dtd=37084\" name=\"aswift_7\" width=\"696\" height=\"0\" frameborder=\"0\" marginwidth=\"0\" marginheight=\"0\" scrolling=\"no\" sandbox=\"allow-forms allow-popups allow-popups-to-escape-sandbox allow-same-origin allow-scripts allow-top-navigation-by-user-activation\" data-google-container-id=\"a!8\" data-google-query-id=\"COm5uJ3lt4IDFcFxDwIdsD8Lzw\" data-load-complete=\"true\" data-mce-fragment=\"1\"><\/iframe><\/div>\n<p><\/ins><\/div>\n<p>&nbsp;<\/p>\n<p><strong><em><u>Division de la Communication et des Relations publiques de la Direction g\u00e9n\u00e9rale des Douanes<\/u><\/em><\/strong><\/p>\n","protected":false},"excerpt":{"rendered":"<p>MBAYE NDIAYE NOUVEAU DG DE LA DOUANE S\u00c9N\u00c9GALAISE: UN HOMME DU SERAIL \u00c0 LA T\u00caTE DES SOLDATS DE L&rsquo;\u00c9CONOMIE L\u2019Inspecteur principal des Douanes de classe exceptionnelle, Docteur Mbaye NDIAYE, est nomm\u00e9 Directeur g\u00e9n\u00e9ral des Douanes. Il remplace \u00e0 ce poste, l\u2019Inspecteur g\u00e9n\u00e9ral d\u2019\u00c9tat Abdourahmane DI\u00c8YE. Le tout nouveau Directeur g\u00e9n\u00e9ral des Douanes \u00e9tait jusque-l\u00e0 le &hellip;<\/p>\n","protected":false},"author":1,"featured_media":3772,"comment_status":"open","ping_status":"open","sticky":false,"template":"","format":"standard","meta":{"footnotes":""},"categories":[1],"tags":[],"class_list":["post-3771","post","type-post","status-publish","format-standard","has-post-thumbnail","hentry","category-uncategorized"],"_links":{"self":[{"href":"https:\/\/saintlouisnews.sn\/index.php?rest_route=\/wp\/v2\/posts\/3771","targetHints":{"allow":["GET"]}}],"collection":[{"href":"https:\/\/saintlouisnews.sn\/index.php?rest_route=\/wp\/v2\/posts"}],"about":[{"href":"https:\/\/saintlouisnews.sn\/index.php?rest_route=\/wp\/v2\/types\/post"}],"author":[{"embeddable":true,"href":"https:\/\/saintlouisnews.sn\/index.php?rest_route=\/wp\/v2\/users\/1"}],"replies":[{"embeddable":true,"href":"https:\/\/saintlouisnews.sn\/index.php?rest_route=%2Fwp%2Fv2%2Fcomments&post=3771"}],"version-history":[{"count":0,"href":"https:\/\/saintlouisnews.sn\/index.php?rest_route=\/wp\/v2\/posts\/3771\/revisions"}],"wp:featuredmedia":[{"embeddable":true,"href":"https:\/\/saintlouisnews.sn\/index.php?rest_route=\/wp\/v2\/media\/3772"}],"wp:attachment":[{"href":"https:\/\/saintlouisnews.sn\/index.php?rest_route=%2Fwp%2Fv2%2Fmedia&parent=3771"}],"wp:term":[{"taxonomy":"category","embeddable":true,"href":"https:\/\/saintlouisnews.sn\/index.php?rest_route=%2Fwp%2Fv2%2Fcategories&post=3771"},{"taxonomy":"post_tag","embeddable":true,"href":"https:\/\/saintlouisnews.sn\/index.php?rest_route=%2Fwp%2Fv2%2Ftags&post=3771"}],"curies":[{"name":"wp","href":"https:\/\/api.w.org\/{rel}","templated":true}]}}