{"id":3790,"date":"2023-11-21T10:03:26","date_gmt":"2023-11-21T10:03:26","guid":{"rendered":"https:\/\/saintlouisnews.sn\/?p=3790"},"modified":"2023-11-21T10:03:26","modified_gmt":"2023-11-21T10:03:26","slug":"droits-des-enfants-mme-dieguy-diop-fall-dpdpe-rappelle-les-progres-accomplis-pour-linclusion-des-enfants-handicapes","status":"publish","type":"post","link":"https:\/\/saintlouisnews.sn\/?p=3790","title":{"rendered":"Droits des enfants\u00a0: Mme Di\u00e9guy DIOP FALL DPDPE rappelle les \u00ab\u00a0progr\u00e8s accomplis pour l&rsquo;inclusion des enfants\u00a0 handicap\u00e9s\u00a0\u00bb"},"content":{"rendered":"<p><b><i>Droits des enfants\u00a0: Mme Di\u00e9guy DIOP FALL DPDPE rappelle les \u00ab\u00a0progr\u00e8s accomplis pour l&rsquo;inclusion des enfants\u00a0 handicap\u00e9s\u00a0\u00bb<\/i><\/b><\/p>\n<p><img loading=\"lazy\" decoding=\"async\" class=\"alignnone size-medium wp-image-3791\" src=\"https:\/\/saintlouisnews.sn\/news\/wp-content\/uploads\/2023\/11\/WhatsApp-Image-2023-11-20-at-22.08.25-1-225x300.jpeg\" alt=\"\" width=\"225\" height=\"300\" \/><\/p>\n<p><b><i>Le S\u00e9n\u00e9gal, \u00e0 l&rsquo;instar de la communaut\u00e9 internationale a c\u00e9l\u00e9br\u00e9 le 20 Novembre le 34<sup>\u00e8me<\/sup>\u00a0anniversaire de la Convention des Nations-unies relative aux Droits des Enfants (Cde). \u00ab\u00a0Les politiques d&rsquo;inclusion sociale des enfants en situation de handicap: Enjeux et perspectives\u00bb, est le th\u00e8me choisi cette ann\u00e9e. Cette journ\u00e9e a \u00e9t\u00e9 une occasion pour Madame Dieguy DIOP, Directrice\u00a0de la Promotion des Droits et de la Protection des Enfants (Dpdpe), de passer en revue les m\u00e9canismes pos\u00e9s par l\u2019Etat du S\u00e9n\u00e9gal pour renforcer la promotion des droits des enfants.<\/i><\/b><\/p>\n<p><img loading=\"lazy\" decoding=\"async\" class=\"alignnone size-medium wp-image-3792\" src=\"https:\/\/saintlouisnews.sn\/news\/wp-content\/uploads\/2023\/11\/WhatsApp-Image-2023-11-20-at-22.08.27-1-300x225.jpeg\" alt=\"\" width=\"300\" height=\"225\" \/> <img loading=\"lazy\" decoding=\"async\" class=\"alignnone size-medium wp-image-3793\" src=\"https:\/\/saintlouisnews.sn\/news\/wp-content\/uploads\/2023\/11\/WhatsApp-Image-2023-11-20-at-22.08.27-300x225.jpeg\" alt=\"\" width=\"300\" height=\"225\" \/><\/p>\n<p>\u00ab\u00a0Les enjeux sont les enfants eux-m\u00eames, \u00e9tant l&rsquo;avenir du pays. Il y a la responsabilit\u00e9 de la soci\u00e9t\u00e9 envers ces enfants, en particulier ceux ayant des besoins sp\u00e9cifiques, tels que les enfants handicap\u00e9s. Aujourd\u2019hui, tout le monde est interpell\u00e9. Chacun doit imp\u00e9rativement tirer au maximum son \u00e9pingle du jeu afin de garantir la protection des enfants ainsi que la promotion de leurs droits\u00a0\u00bb. Ces propos sont de Mme Di\u00e9guy DIOP FALL. Pour elle, la Direction de la Promotion des Droits et de la Promotion des Enfants qu\u2019elle dirige, a mis en avant les \u00ab\u00a0progr\u00e8s accomplis dans l&rsquo;inclusion des enfants handicap\u00e9s, mais la n\u00e9cessit\u00e9 d&rsquo;ajustements et de nouveaux efforts pour inverser la tendance\u00bb. D\u2019ailleurs, elle a pr\u00f4n\u00e9 l\u2019implication effective des enfants dans la politique nationale de protection. \u00ab\u00a0Je ne comprends toujours pas pourquoi les enfants sont dans la rue malgr\u00e9 les toutes les initiatives prises par l&rsquo;\u00c9tat. La place de l&rsquo;enfant est au sein d&rsquo;une famille, d&rsquo;un foyer et non dans la rue. Il y a des politiques publiques qui sont d\u00e9finies. Tous les instruments juridiques sont ratifi\u00e9s par l&rsquo;\u00c9tat du S\u00e9n\u00e9gal. Mais cela ne suffit pas. On voit encore les enfants dans la rue, expos\u00e9s \u00e0 des violences. On interpelle les parents. Qu&rsquo;ils sachent que la place de l&rsquo;enfant, ce n&rsquo;est pas dans la rue. L\u2019inclusion doit \u00eatre une r\u00e9alit\u00e9 partout\u00a0\u00bb, a-t-elle pr\u00e9cis\u00e9.<\/p>\n<p>Sa th\u00e8se a \u00e9t\u00e9 corrobor\u00e9e par Mme A\u00efssatou CISSE, Conseill\u00e8re Sp\u00e9ciale du Pr\u00e9sident de la R\u00e9publique. Elle a constat\u00e9 l&rsquo;ouverture d&rsquo;une fen\u00eatre significative sur la question des enfants handicap\u00e9s au S\u00e9n\u00e9gal. \u00ab\u00a0Penser \u00e0 l&rsquo;enfant, c&rsquo;est penser \u00e0 l&rsquo;avenir du pays, et le pr\u00e9sident Macky SALL a clairement affich\u00e9 sa volont\u00e9 de gouverner sans discrimination. C\u2019est la raison pour laquelle, il a entrepris des actions d\u00e8s son arriv\u00e9e au pouvoir en 2012, notamment la cr\u00e9ation des commissions techniques d\u00e9partementales pour la Carte d&rsquo;Egalit\u00e9 des Chances (Cec) et sur l&rsquo;\u00e9ducation sp\u00e9ciale. Il est n\u00e9cessaire de faire des ajustements continus dans les politiques pour surmonter les faiblesses et atteindre pleinement les objectifs d&rsquo;inclusion fix\u00e9s par le gouvernement\u00a0\u00bb, a-t-elle fait savoir. Les discours de Mesdames Diegui DIOP FALL et d\u2019A\u00efssatou CISSE ont mis en \u00e9vidence l&rsquo;engagement continu du gouvernement s\u00e9n\u00e9galais envers un avenir plus inclusif pour tous les enfants du pays.<\/p>\n<p>Les centres sp\u00e9cialis\u00e9s ESTEL sis \u00e0 Ouakam (accueillant les enfants, adolescents et jeunes adultes en situation de handicap intellectuel), Talibou Dabo (CTD) (une institution publique d\u2019\u00e9ducation et de r\u00e9adaptation\u00a0 pour les enfants handicap\u00e9s physiques) et Verbo-Tonal de Dakar (recevant\u00a0\u00a0des enfants malentendants, \u00e2g\u00e9s de 3 \u00e0 12 ans r\u00e9partis dans des classes d&rsquo;environ 10 \u00e9l\u00e8ves), ont \u00e9t\u00e9 visit\u00e9s par la Directrice de la Promotion des Droits et de la Promotion des Enfants qui a remis d\u2019importants lots compos\u00e9s de divers objets.<\/p>\n<p><img loading=\"lazy\" decoding=\"async\" class=\"alignnone size-medium wp-image-3794\" src=\"https:\/\/saintlouisnews.sn\/news\/wp-content\/uploads\/2023\/11\/WhatsApp-Image-2023-11-20-at-22.08.27-2-300x225.jpeg\" alt=\"\" width=\"300\" height=\"225\" \/> <img loading=\"lazy\" decoding=\"async\" class=\"alignnone size-medium wp-image-3795\" src=\"https:\/\/saintlouisnews.sn\/news\/wp-content\/uploads\/2023\/11\/WhatsApp-Image-2023-11-20-at-22.08.26-2-300x225.jpeg\" alt=\"\" width=\"300\" height=\"225\" \/> <img loading=\"lazy\" decoding=\"async\" class=\"alignnone size-medium wp-image-3796\" src=\"https:\/\/saintlouisnews.sn\/news\/wp-content\/uploads\/2023\/11\/WhatsApp-Image-2023-11-20-at-22.08.26-1-300x225.jpeg\" alt=\"\" width=\"300\" height=\"225\" \/><\/p>\n","protected":false},"excerpt":{"rendered":"<p>Droits des enfants\u00a0: Mme Di\u00e9guy DIOP FALL DPDPE rappelle les \u00ab\u00a0progr\u00e8s accomplis pour l&rsquo;inclusion des enfants\u00a0 handicap\u00e9s\u00a0\u00bb Le S\u00e9n\u00e9gal, \u00e0 l&rsquo;instar de la communaut\u00e9 internationale a c\u00e9l\u00e9br\u00e9 le 20 Novembre le 34\u00e8me\u00a0anniversaire de la Convention des Nations-unies relative aux Droits des Enfants (Cde). \u00ab\u00a0Les politiques d&rsquo;inclusion sociale des enfants en situation de handicap: Enjeux et &hellip;<\/p>\n","protected":false},"author":1,"featured_media":3793,"comment_status":"open","ping_status":"open","sticky":false,"template":"","format":"standard","meta":{"footnotes":""},"categories":[230],"tags":[],"class_list":["post-3790","post","type-post","status-publish","format-standard","has-post-thumbnail","hentry","category-sociale"],"_links":{"self":[{"href":"https:\/\/saintlouisnews.sn\/index.php?rest_route=\/wp\/v2\/posts\/3790","targetHints":{"allow":["GET"]}}],"collection":[{"href":"https:\/\/saintlouisnews.sn\/index.php?rest_route=\/wp\/v2\/posts"}],"about":[{"href":"https:\/\/saintlouisnews.sn\/index.php?rest_route=\/wp\/v2\/types\/post"}],"author":[{"embeddable":true,"href":"https:\/\/saintlouisnews.sn\/index.php?rest_route=\/wp\/v2\/users\/1"}],"replies":[{"embeddable":true,"href":"https:\/\/saintlouisnews.sn\/index.php?rest_route=%2Fwp%2Fv2%2Fcomments&post=3790"}],"version-history":[{"count":0,"href":"https:\/\/saintlouisnews.sn\/index.php?rest_route=\/wp\/v2\/posts\/3790\/revisions"}],"wp:featuredmedia":[{"embeddable":true,"href":"https:\/\/saintlouisnews.sn\/index.php?rest_route=\/wp\/v2\/media\/3793"}],"wp:attachment":[{"href":"https:\/\/saintlouisnews.sn\/index.php?rest_route=%2Fwp%2Fv2%2Fmedia&parent=3790"}],"wp:term":[{"taxonomy":"category","embeddable":true,"href":"https:\/\/saintlouisnews.sn\/index.php?rest_route=%2Fwp%2Fv2%2Fcategories&post=3790"},{"taxonomy":"post_tag","embeddable":true,"href":"https:\/\/saintlouisnews.sn\/index.php?rest_route=%2Fwp%2Fv2%2Ftags&post=3790"}],"curies":[{"name":"wp","href":"https:\/\/api.w.org\/{rel}","templated":true}]}}