{"id":3801,"date":"2023-11-27T23:51:56","date_gmt":"2023-11-27T23:51:56","guid":{"rendered":"https:\/\/saintlouisnews.sn\/?p=3801"},"modified":"2023-11-27T23:51:56","modified_gmt":"2023-11-27T23:51:56","slug":"3801","status":"publish","type":"post","link":"https:\/\/saintlouisnews.sn\/?p=3801","title":{"rendered":""},"content":{"rendered":"<p><b><i>Gestion des Plaintes du projet COVID-19, un CRD d\u2019information et de sensibilisation tenu \u00e0 Saint-Louis<\/i><\/b><\/p>\n<p><b><i>Le Comit\u00e9 r\u00e9gional de Gestion des Plaintes (CRGP) de Saint-Louis install\u00e9 depuis le 28 Mai 2022, poursuit ses activit\u00e9s. Apr\u00e8s les journ\u00e9es pr\u00e9paratoire et de partage, un CRD est organis\u00e9 afin d\u2019assurer la sensibilisation des populations sur le M\u00e9canisme de Gestion des Plaintes (MGP) du projet Covid-19.<\/i><\/b><\/p>\n<p>L\u2019objectif vise \u00e9galement \u00e0 assurer la coordination du CRGP du projet Covid-19 mais \u00e9galement \u00e0 installer et former les comit\u00e9s d\u00e9partementaux de gestion des plaintes. Pour le Directeur r\u00e9gional de l\u2019Action sociale de Saint-Louis, Gora SEYE, cette rencontre a son importance. \u00ab\u00a0Si ce comit\u00e9 a \u00e9t\u00e9 mis en place, c\u2019est par rapport \u00e0 un diagnostic sans complaisance qui a \u00e9t\u00e9 fait sur la Covid-19. Aujourd\u2019hui, si on a mis en place ce Comit\u00e9 r\u00e9gional de gestion des plaintes, c\u2019est pour mieux r\u00e9pondre aux pr\u00e9occupations des populations et les inciter \u00e0 aller se faire vacciner contre la Covid-19. Ce comit\u00e9 entre en droit ligne \u00e0 la politique d\u00e9finie nos autorit\u00e9s\u00a0\u00bb, a signal\u00e9 M Gora SEYE indiquant qu\u2019un accent particulier sera mis sur la sensibilisation.<\/p>\n<p>Venu repr\u00e9senter le Gouverneur de la r\u00e9gion de Saint-Louis, l\u2019Adjoint au Pr\u00e9fet, Abdou Khadre Dieylani B\u00c2, a exhort\u00e9 les membres du comit\u00e9, \u00e0 renforcer la communication et \u00e0 s\u2019approprier le projet pour la r\u00e9ussite de la r\u00e9gion de Saint-Louis par rapport aux objectifs fix\u00e9s au plan national. Pour les participants, ce comit\u00e9 arrive \u00e0 son heure. Ils ont plaid\u00e9 pour la mutualisation des efforts et l&rsquo;harmonisation des interventions pour \u00e9viter les chamboulements.<\/p>\n","protected":false},"excerpt":{"rendered":"<p>Gestion des Plaintes du projet COVID-19, un CRD d\u2019information et de sensibilisation tenu \u00e0 Saint-Louis Le Comit\u00e9 r\u00e9gional de Gestion des Plaintes (CRGP) de Saint-Louis install\u00e9 depuis le 28 Mai 2022, poursuit ses activit\u00e9s. Apr\u00e8s les journ\u00e9es pr\u00e9paratoire et de partage, un CRD est organis\u00e9 afin d\u2019assurer la sensibilisation des populations sur le M\u00e9canisme de &hellip;<\/p>\n","protected":false},"author":1,"featured_media":3802,"comment_status":"open","ping_status":"open","sticky":false,"template":"","format":"standard","meta":{"footnotes":""},"categories":[219],"tags":[],"class_list":["post-3801","post","type-post","status-publish","format-standard","has-post-thumbnail","hentry","category-actualites"],"_links":{"self":[{"href":"https:\/\/saintlouisnews.sn\/index.php?rest_route=\/wp\/v2\/posts\/3801","targetHints":{"allow":["GET"]}}],"collection":[{"href":"https:\/\/saintlouisnews.sn\/index.php?rest_route=\/wp\/v2\/posts"}],"about":[{"href":"https:\/\/saintlouisnews.sn\/index.php?rest_route=\/wp\/v2\/types\/post"}],"author":[{"embeddable":true,"href":"https:\/\/saintlouisnews.sn\/index.php?rest_route=\/wp\/v2\/users\/1"}],"replies":[{"embeddable":true,"href":"https:\/\/saintlouisnews.sn\/index.php?rest_route=%2Fwp%2Fv2%2Fcomments&post=3801"}],"version-history":[{"count":0,"href":"https:\/\/saintlouisnews.sn\/index.php?rest_route=\/wp\/v2\/posts\/3801\/revisions"}],"wp:featuredmedia":[{"embeddable":true,"href":"https:\/\/saintlouisnews.sn\/index.php?rest_route=\/wp\/v2\/media\/3802"}],"wp:attachment":[{"href":"https:\/\/saintlouisnews.sn\/index.php?rest_route=%2Fwp%2Fv2%2Fmedia&parent=3801"}],"wp:term":[{"taxonomy":"category","embeddable":true,"href":"https:\/\/saintlouisnews.sn\/index.php?rest_route=%2Fwp%2Fv2%2Fcategories&post=3801"},{"taxonomy":"post_tag","embeddable":true,"href":"https:\/\/saintlouisnews.sn\/index.php?rest_route=%2Fwp%2Fv2%2Ftags&post=3801"}],"curies":[{"name":"wp","href":"https:\/\/api.w.org\/{rel}","templated":true}]}}