{"id":3841,"date":"2024-01-04T01:20:28","date_gmt":"2024-01-04T01:20:28","guid":{"rendered":"https:\/\/saintlouisnews.sn\/?p=3841"},"modified":"2024-01-04T01:20:28","modified_gmt":"2024-01-04T01:20:28","slug":"sante-de-la-mere-et-de-lenfant-lengagement-communautaire-magnifie","status":"publish","type":"post","link":"https:\/\/saintlouisnews.sn\/?p=3841","title":{"rendered":"Sant\u00e9 de la m\u00e8re et de l&rsquo;enfant : L&rsquo;engagement communautaire magnifi\u00e9"},"content":{"rendered":"<p>Sant\u00e9 de la m\u00e8re et de l&rsquo;enfant : L&rsquo;engagement communautaire magnifi\u00e9<\/p>\n<p>Le minist\u00e8re de la Sant\u00e9 et de l&rsquo;Action sociale, avec la Direction de la Sant\u00e9 de la m\u00e8re et de l&rsquo;enfant, a organis\u00e9 une semaine de la sant\u00e9 de la m\u00e8re et de l&rsquo;enfant. C&rsquo;est une semaine d&rsquo;acc\u00e9l\u00e9ration de l&rsquo;offre de service, de la communication sur la sant\u00e9 de la m\u00e8re et de l&rsquo;enfant \u00e0 travers les 14 r\u00e9gions du S\u00e9n\u00e9gal.<br \/>\nA Saint-Louis, la Direction r\u00e9gionale de la Sant\u00e9 a organis\u00e9 sa journ\u00e9e pour expliquer la sant\u00e9 de la m\u00e8re et de l&rsquo;enfant. Durant cette semaine, des activit\u00e9s d&rsquo;offre de services, de consultations pr\u00e9natales en strat\u00e9gies avanc\u00e9es, en strat\u00e9gies mobiles, de d\u00e9pistage de la malnutrition, de vaccination surtout chez les jeunes filles de 9 ans sur le HPV, ont \u00e9t\u00e9 d\u00e9roul\u00e9es au niveau du District sanitaire.<br \/>\nS&rsquo;agissant de la r\u00e9duction de la sant\u00e9 maternelle et infantile, Saint-Louis a eu \u00e0 jouer un r\u00f4le important gr\u00e2ce \u00e0 l&rsquo;engagement communautaire. Les acteurs communautaires ont jou\u00e9 un r\u00f4le pr\u00e9pond\u00e9rant pour pr\u00e9parer la communaut\u00e9 \u00e0 un changement de comportement afin de r\u00e9ussir une bonne pr\u00e9vention et de faire une bonne promotion.<br \/>\nToutefois un plaidoyer a \u00e9t\u00e9 fait pour inciter les populations \u00e0 faire un don de sang afin d&rsquo;avoir une bonne r\u00e9serve en cas de besoin.<\/p>\n","protected":false},"excerpt":{"rendered":"<p>Sant\u00e9 de la m\u00e8re et de l&rsquo;enfant : L&rsquo;engagement communautaire magnifi\u00e9 Le minist\u00e8re de la Sant\u00e9 et de l&rsquo;Action sociale, avec la Direction de la Sant\u00e9 de la m\u00e8re et de l&rsquo;enfant, a organis\u00e9 une semaine de la sant\u00e9 de la m\u00e8re et de l&rsquo;enfant. C&rsquo;est une semaine d&rsquo;acc\u00e9l\u00e9ration de l&rsquo;offre de service, de la &hellip;<\/p>\n","protected":false},"author":1,"featured_media":3842,"comment_status":"open","ping_status":"open","sticky":false,"template":"","format":"standard","meta":{"footnotes":""},"categories":[219,229],"tags":[],"class_list":["post-3841","post","type-post","status-publish","format-standard","has-post-thumbnail","hentry","category-actualites","category-saint-louis"],"_links":{"self":[{"href":"https:\/\/saintlouisnews.sn\/index.php?rest_route=\/wp\/v2\/posts\/3841","targetHints":{"allow":["GET"]}}],"collection":[{"href":"https:\/\/saintlouisnews.sn\/index.php?rest_route=\/wp\/v2\/posts"}],"about":[{"href":"https:\/\/saintlouisnews.sn\/index.php?rest_route=\/wp\/v2\/types\/post"}],"author":[{"embeddable":true,"href":"https:\/\/saintlouisnews.sn\/index.php?rest_route=\/wp\/v2\/users\/1"}],"replies":[{"embeddable":true,"href":"https:\/\/saintlouisnews.sn\/index.php?rest_route=%2Fwp%2Fv2%2Fcomments&post=3841"}],"version-history":[{"count":0,"href":"https:\/\/saintlouisnews.sn\/index.php?rest_route=\/wp\/v2\/posts\/3841\/revisions"}],"wp:featuredmedia":[{"embeddable":true,"href":"https:\/\/saintlouisnews.sn\/index.php?rest_route=\/wp\/v2\/media\/3842"}],"wp:attachment":[{"href":"https:\/\/saintlouisnews.sn\/index.php?rest_route=%2Fwp%2Fv2%2Fmedia&parent=3841"}],"wp:term":[{"taxonomy":"category","embeddable":true,"href":"https:\/\/saintlouisnews.sn\/index.php?rest_route=%2Fwp%2Fv2%2Fcategories&post=3841"},{"taxonomy":"post_tag","embeddable":true,"href":"https:\/\/saintlouisnews.sn\/index.php?rest_route=%2Fwp%2Fv2%2Ftags&post=3841"}],"curies":[{"name":"wp","href":"https:\/\/api.w.org\/{rel}","templated":true}]}}