{"id":3852,"date":"2024-01-14T15:17:13","date_gmt":"2024-01-14T15:17:13","guid":{"rendered":"https:\/\/saintlouisnews.sn\/?p=3852"},"modified":"2024-01-14T15:17:13","modified_gmt":"2024-01-14T15:17:13","slug":"yaatal-gueew-bi-recoit-monsieur-ass-malick-ndoye-directeur-general-de-la-societe-nationale-des-chemins-se-fer-du-senegal","status":"publish","type":"post","link":"https:\/\/saintlouisnews.sn\/?p=3852","title":{"rendered":"YAATAL GUEEW BI Re\u00e7oit Monsieur ASS Malick NDOYE Directeur g\u00e9n\u00e9ral de la soci\u00e9t\u00e9 nationale des chemins de fer du S\u00e9n\u00e9gal"},"content":{"rendered":"<p style=\"text-align: left;\"><strong>YAATAL GUEEW BI<\/strong> Re\u00e7oit Monsieur ASS Malick NDOYE Directeur g\u00e9n\u00e9ral de la soci\u00e9t\u00e9 nationale des chemins de fer du S\u00e9n\u00e9gal<\/p>\n","protected":false},"excerpt":{"rendered":"<p>YAATAL GUEEW BI Re\u00e7oit Monsieur ASS Malick NDOYE Directeur g\u00e9n\u00e9ral de la soci\u00e9t\u00e9 nationale des chemins de fer du S\u00e9n\u00e9gal<\/p>\n","protected":false},"author":1,"featured_media":3850,"comment_status":"open","ping_status":"open","sticky":false,"template":"","format":"standard","meta":{"footnotes":""},"categories":[219],"tags":[],"class_list":["post-3852","post","type-post","status-publish","format-standard","has-post-thumbnail","hentry","category-actualites"],"_links":{"self":[{"href":"https:\/\/saintlouisnews.sn\/index.php?rest_route=\/wp\/v2\/posts\/3852","targetHints":{"allow":["GET"]}}],"collection":[{"href":"https:\/\/saintlouisnews.sn\/index.php?rest_route=\/wp\/v2\/posts"}],"about":[{"href":"https:\/\/saintlouisnews.sn\/index.php?rest_route=\/wp\/v2\/types\/post"}],"author":[{"embeddable":true,"href":"https:\/\/saintlouisnews.sn\/index.php?rest_route=\/wp\/v2\/users\/1"}],"replies":[{"embeddable":true,"href":"https:\/\/saintlouisnews.sn\/index.php?rest_route=%2Fwp%2Fv2%2Fcomments&post=3852"}],"version-history":[{"count":0,"href":"https:\/\/saintlouisnews.sn\/index.php?rest_route=\/wp\/v2\/posts\/3852\/revisions"}],"wp:featuredmedia":[{"embeddable":true,"href":"https:\/\/saintlouisnews.sn\/index.php?rest_route=\/wp\/v2\/media\/3850"}],"wp:attachment":[{"href":"https:\/\/saintlouisnews.sn\/index.php?rest_route=%2Fwp%2Fv2%2Fmedia&parent=3852"}],"wp:term":[{"taxonomy":"category","embeddable":true,"href":"https:\/\/saintlouisnews.sn\/index.php?rest_route=%2Fwp%2Fv2%2Fcategories&post=3852"},{"taxonomy":"post_tag","embeddable":true,"href":"https:\/\/saintlouisnews.sn\/index.php?rest_route=%2Fwp%2Fv2%2Ftags&post=3852"}],"curies":[{"name":"wp","href":"https:\/\/api.w.org\/{rel}","templated":true}]}}