{"id":3855,"date":"2024-01-19T08:13:57","date_gmt":"2024-01-19T08:13:57","guid":{"rendered":"https:\/\/saintlouisnews.sn\/?p=3855"},"modified":"2024-01-19T08:13:57","modified_gmt":"2024-01-19T08:13:57","slug":"saint-louis-cheikh-issa-sall-gate-les-etudiants-mbourois","status":"publish","type":"post","link":"https:\/\/saintlouisnews.sn\/?p=3855","title":{"rendered":"Saint-Louis: Cheikh Issa SALL g\u00e2te les \u00e9tudiants mbourois"},"content":{"rendered":"<div id=\"m#msg-f:1788473250316665283\" class=\"mail-message expanded\">\n<div class=\"mail-message-header spacer\"><\/div>\n<div class=\"mail-message-content collapsible zoom-normal mail-show-images \">\n<div class=\"clear\">\n<div>\n<div>\n<div dir=\"ltr\">\n<div>\n<div><b><i>\u00a0Saint-Louis: Cheikh Issa SALL g\u00e2te les \u00e9tudiants<\/i><\/b><i> mbourois<\/i><\/div>\n<p>&nbsp;<\/p>\n<p><b><i>Le maire de Mbour, Cheikh Issa SALL a proc\u00e9d\u00e9 hier\u00a0\u00a0\u00e0 la pose de la premi\u00e8re pierre de la \u00ab\u00a0Maison de l&rsquo;\u00e9tudiant mbourois\u00a0\u00bb sis \u00e0 Sanar Peulh \u00e0 quelques encablures de l\u2019Universit\u00e9 Gaston Berger de Saint-Louis. Avec cet \u00e9difice de R+3, le probl\u00e8me de l&rsquo;h\u00e9bergement des \u00e9tudiants originaires de la petite C\u00f4te de la deuxi\u00e8me institution universitaire du S\u00e9n\u00e9gal sera un vieux souvenir. Pour le maire, cette activit\u00e9 entre dans le \u00ab\u00a0cadre des engagements\u00a0\u00bb pris lors de la campagne des \u00e9lections municipales. L\u2019amicale des ressortissants mbourois de l\u2019UGB, se r\u00e9jouit du respect des promesses.<\/i><\/b><\/p>\n<div><b><i>\u00ab\u00a0Maison de l&rsquo;\u00e9tudiant mbourois\u00a0\u00bb R+3 \u00e0 l&rsquo;Ugb<\/i><\/b><\/div>\n<div>\u00ab\u00a0Nous avions \u00e9labor\u00e9 un programme intitul\u00e9 \u00ab\u00a0Yessal Mbour\u00a0\u00bb, avec une vision de 10 axes strat\u00e9giques et 100 actions prioritaires. Cette activit\u00e9 occupe la 16<sup>\u00e8me<\/sup>\u00a0place des actions prioritaires\u00a0\u00bb Nous voulons, aupr\u00e8s de nos \u00e9tudiants, respecter cet engagement qui lui est tr\u00e8s cher. Apr\u00e8s l&rsquo;inauguration de la premi\u00e8re \u00ab\u00a0Maison de l&rsquo;\u00e9tudiant mbourois\u00a0\u00bb \u00e0 Bambey, celle de Saint-Louis est en gestation. J\u2019esp\u00e8re revenir \u00e0 Saint-Louis d&rsquo;ici la fin de l&rsquo;ann\u00e9e 2024, pour proc\u00e9der \u00e0 l&rsquo;inauguration de cette maison qui sera un R+3\u00a0\u00bb, a d\u00e9clar\u00e9 Cheikh Issa SALL pour qui le but recherch\u00e9\u00a0\u00a0est \u00ab\u00a0d&rsquo;am\u00e9liorer les conditions de vie, de travail et d&rsquo;\u00e9tude des \u00e9tudiants ressortissants de Mbour, qui ont quitt\u00e9 leurs familles apr\u00e8s l&rsquo;obtention du Baccalaur\u00e9at, pour faire plus de 200 km pour venir\u00a0 \u00e9tudier \u00e0 Saint-Louis o\u00f9 ils n&rsquo;ont pas de familles d&rsquo;accueil. Certains d&rsquo;entre eux, qui n&rsquo;ont pas eu la chance d&rsquo;avoir des chambres \u00e0 l&rsquo;UGB vivent dans des conditions tr\u00e8s difficiles sur le plan social, c&rsquo;est pourquoi je suis l\u00e0 pour les aider, les accompagner. Avec la r\u00e9alisation de maisons de l&rsquo;\u00e9tudiant mbourois, nous voulons r\u00e9gler d\u00e9finitivement les probl\u00e8mes d&rsquo;h\u00e9bergement des \u00e9tudiants de la Petite-C\u00f4te qui sont dans toutes les universit\u00e9s du S\u00e9n\u00e9gal\u00a0\u00bb, a rappel\u00e9 l\u2019\u00e9dile qui promet de\u00a0\u00a0poursuivre cette initiative dans toutes les autres localit\u00e9s du pays.<\/div>\n<p>Quant \u00e0<b><i>\u00a0<\/i><\/b>Matar GNINGUE, pr\u00e9sident de l&rsquo;amicale des \u00e9tudiants ressortissants de la Petite C\u00f4te \u00e0 Saint-Louis, il a r\u00e9v\u00e9l\u00e9 que le maire de Mbour les a toujours aid\u00e9s. \u00ab\u00a0Avec de bonnes conditions sociales les r\u00e9sultats suivront. Notre premier souci, c&rsquo;est l&rsquo;h\u00e9bergement et ce b\u00e2timent R+3 va contribuer \u00e0 r\u00e9gler d\u00e9finitivement les probl\u00e8mes li\u00e9s \u00e0 ce secteur\u00a0\u00bb, a dit le pr\u00e9sident.<\/p>\n<p>A signaler que le maire Cheikh Issa SALL a appuy\u00e9 l&rsquo;amicale des \u00e9tudiants de sa localit\u00e9 avec une\u00a0 enveloppe financi\u00e8re de deux millions de Fcfa pour leur permettre de payer la location, en attendant la finition des travaux de l&rsquo;infrastructure.<\/p>\n<\/div>\n<\/div>\n<\/div>\n<\/div>\n<\/div>\n<\/div>\n<div class=\"mail-message-footer spacer collapsible\"><\/div>\n<\/div>\n","protected":false},"excerpt":{"rendered":"<p>\u00a0Saint-Louis: Cheikh Issa SALL g\u00e2te les \u00e9tudiants mbourois &nbsp; Le maire de Mbour, Cheikh Issa SALL a proc\u00e9d\u00e9 hier\u00a0\u00a0\u00e0 la pose de la premi\u00e8re pierre de la \u00ab\u00a0Maison de l&rsquo;\u00e9tudiant mbourois\u00a0\u00bb sis \u00e0 Sanar Peulh \u00e0 quelques encablures de l\u2019Universit\u00e9 Gaston Berger de Saint-Louis. Avec cet \u00e9difice de R+3, le probl\u00e8me de l&rsquo;h\u00e9bergement des \u00e9tudiants &hellip;<\/p>\n","protected":false},"author":1,"featured_media":3856,"comment_status":"open","ping_status":"open","sticky":false,"template":"","format":"standard","meta":{"footnotes":""},"categories":[219],"tags":[],"class_list":["post-3855","post","type-post","status-publish","format-standard","has-post-thumbnail","hentry","category-actualites"],"_links":{"self":[{"href":"https:\/\/saintlouisnews.sn\/index.php?rest_route=\/wp\/v2\/posts\/3855","targetHints":{"allow":["GET"]}}],"collection":[{"href":"https:\/\/saintlouisnews.sn\/index.php?rest_route=\/wp\/v2\/posts"}],"about":[{"href":"https:\/\/saintlouisnews.sn\/index.php?rest_route=\/wp\/v2\/types\/post"}],"author":[{"embeddable":true,"href":"https:\/\/saintlouisnews.sn\/index.php?rest_route=\/wp\/v2\/users\/1"}],"replies":[{"embeddable":true,"href":"https:\/\/saintlouisnews.sn\/index.php?rest_route=%2Fwp%2Fv2%2Fcomments&post=3855"}],"version-history":[{"count":0,"href":"https:\/\/saintlouisnews.sn\/index.php?rest_route=\/wp\/v2\/posts\/3855\/revisions"}],"wp:featuredmedia":[{"embeddable":true,"href":"https:\/\/saintlouisnews.sn\/index.php?rest_route=\/wp\/v2\/media\/3856"}],"wp:attachment":[{"href":"https:\/\/saintlouisnews.sn\/index.php?rest_route=%2Fwp%2Fv2%2Fmedia&parent=3855"}],"wp:term":[{"taxonomy":"category","embeddable":true,"href":"https:\/\/saintlouisnews.sn\/index.php?rest_route=%2Fwp%2Fv2%2Fcategories&post=3855"},{"taxonomy":"post_tag","embeddable":true,"href":"https:\/\/saintlouisnews.sn\/index.php?rest_route=%2Fwp%2Fv2%2Ftags&post=3855"}],"curies":[{"name":"wp","href":"https:\/\/api.w.org\/{rel}","templated":true}]}}