{"id":3865,"date":"2024-01-22T14:47:24","date_gmt":"2024-01-22T14:47:24","guid":{"rendered":"https:\/\/saintlouisnews.sn\/?p=3865"},"modified":"2024-01-22T14:47:24","modified_gmt":"2024-01-22T14:47:24","slug":"en-perspective-de-la-presidentielle-de-fevrier-2024-des-relais-citoyens-formes-a-matam","status":"publish","type":"post","link":"https:\/\/saintlouisnews.sn\/?p=3865","title":{"rendered":"En perspective de la pr\u00e9sidentielle de f\u00e9vrier 2024   Des relais citoyens form\u00e9s \u00e0 Matam"},"content":{"rendered":"<p><strong>En perspective de la pr\u00e9sidentielle de f\u00e9vrier 2024.<\/strong><strong>\u00a0Des relais citoyens form\u00e9s \u00e0 Matam<\/strong><\/p>\n<p>&nbsp;<\/p>\n<p><img loading=\"lazy\" decoding=\"async\" class=\"alignnone size-medium wp-image-3866\" src=\"https:\/\/saintlouisnews.sn\/news\/wp-content\/uploads\/2024\/01\/WWWWWW-300x225.jpg\" alt=\"\" width=\"300\" height=\"225\" \/><\/p>\n<p>Une quinzaine de \u00a0relais dits citoyens, issus des trois d\u00e9partements de la r\u00e9gion de Matam ( Matam, Kanel et Ran\u00e9rou ) viennent \u00a0relais \u00a0d\u2019\u00eatre form\u00e9s \u00e0 Matam\u00a0 en vue de la \u00a0sensibilisation sur le retrait des cartes d&rsquo;\u00e9lecteur , \u00e0 l\u2019horizon de la prochaine \u00e9lection pr\u00e9sidentielle .\u00a0 Cette initiative destin\u00e9e\u00a0 \u00e0 assurer \u00a0pour une bonne participation des citoyens \u00e0 l&rsquo;\u00e9lection pr\u00e9sidentielle, a \u00e9t\u00e9 rendue possible gr\u00e2ce \u00e0 l\u2019appui du\u00a0 National Democratic Institute (NDI), \u00e0 travers la mise en \u0153uvre \u00a0du programme global d\u00e9nomm\u00e9 \u00a0\u00ab\u00a0Nietti Elections\u00a0\u00bb.<\/p>\n<p>Selon Ousmane BA, observateur \u00e0 long terme (OLT) dudit programme dans la r\u00e9gion de Matam, \u00a0ces relais form\u00e9s vont sensibiliser leurs communaut\u00e9s sur le retrait des cartes d&rsquo;\u00e9lecteur. Ceci, afin de garantir les conditions d\u2019une participation massive \u00e0 l&rsquo;\u00e9lection pr\u00e9sidentielle du 25 f\u00e9vrier 2024&Prime;,\u00a0 a t\u2019il expliqu\u00e9. \u00a0Et M. BA d\u2019ajouter\u00a0: \u00ab\u00a0 ces relais auront \u00e9galement pour mission de \u00a0sensibiliser les primo-votants \u00e0 aller retirer leur carte. Les jeunes et les femmes seront aussi encourag\u00e9s \u00e0 aller retirer leurs cartes pour une\u00a0 participation massive\u00a0\u00bb.<\/p>\n<p>\u0102 signaler que la campagne de sensibilisation aupr\u00e8s des \u00e9lecteurs\u00a0 d\u00e9marre le 25 janvier et prend fin le 24 f\u00e9vrier \u00a0\u00e0 la veille de l&rsquo;\u00e9lection pr\u00e9sidentielle.<\/p>\n","protected":false},"excerpt":{"rendered":"<p>En perspective de la pr\u00e9sidentielle de f\u00e9vrier 2024.\u00a0Des relais citoyens form\u00e9s \u00e0 Matam &nbsp; Une quinzaine de \u00a0relais dits citoyens, issus des trois d\u00e9partements de la r\u00e9gion de Matam ( Matam, Kanel et Ran\u00e9rou ) viennent \u00a0relais \u00a0d\u2019\u00eatre form\u00e9s \u00e0 Matam\u00a0 en vue de la \u00a0sensibilisation sur le retrait des cartes d&rsquo;\u00e9lecteur , \u00e0 l\u2019horizon &hellip;<\/p>\n","protected":false},"author":1,"featured_media":3867,"comment_status":"open","ping_status":"open","sticky":false,"template":"","format":"standard","meta":{"footnotes":""},"categories":[219],"tags":[],"class_list":["post-3865","post","type-post","status-publish","format-standard","has-post-thumbnail","hentry","category-actualites"],"_links":{"self":[{"href":"https:\/\/saintlouisnews.sn\/index.php?rest_route=\/wp\/v2\/posts\/3865","targetHints":{"allow":["GET"]}}],"collection":[{"href":"https:\/\/saintlouisnews.sn\/index.php?rest_route=\/wp\/v2\/posts"}],"about":[{"href":"https:\/\/saintlouisnews.sn\/index.php?rest_route=\/wp\/v2\/types\/post"}],"author":[{"embeddable":true,"href":"https:\/\/saintlouisnews.sn\/index.php?rest_route=\/wp\/v2\/users\/1"}],"replies":[{"embeddable":true,"href":"https:\/\/saintlouisnews.sn\/index.php?rest_route=%2Fwp%2Fv2%2Fcomments&post=3865"}],"version-history":[{"count":0,"href":"https:\/\/saintlouisnews.sn\/index.php?rest_route=\/wp\/v2\/posts\/3865\/revisions"}],"wp:featuredmedia":[{"embeddable":true,"href":"https:\/\/saintlouisnews.sn\/index.php?rest_route=\/wp\/v2\/media\/3867"}],"wp:attachment":[{"href":"https:\/\/saintlouisnews.sn\/index.php?rest_route=%2Fwp%2Fv2%2Fmedia&parent=3865"}],"wp:term":[{"taxonomy":"category","embeddable":true,"href":"https:\/\/saintlouisnews.sn\/index.php?rest_route=%2Fwp%2Fv2%2Fcategories&post=3865"},{"taxonomy":"post_tag","embeddable":true,"href":"https:\/\/saintlouisnews.sn\/index.php?rest_route=%2Fwp%2Fv2%2Ftags&post=3865"}],"curies":[{"name":"wp","href":"https:\/\/api.w.org\/{rel}","templated":true}]}}