{"id":3871,"date":"2024-01-27T08:33:58","date_gmt":"2024-01-27T08:33:58","guid":{"rendered":"https:\/\/saintlouisnews.sn\/?p=3871"},"modified":"2024-01-27T08:33:58","modified_gmt":"2024-01-27T08:33:58","slug":"dr-mbaye-ndiaye-directeur-general-des-douanes-en-visite-de-travail","status":"publish","type":"post","link":"https:\/\/saintlouisnews.sn\/?p=3871","title":{"rendered":"Dr Mbaye NDIAYE Directeur g\u00e9n\u00e9ral des Douanes en visite de travail"},"content":{"rendered":"<div id=\"m#msg-f:1789200012179343469\" class=\"mail-message expanded\">\n<div class=\"mail-message-header spacer\"><\/div>\n<div class=\"mail-message-content collapsible zoom-normal mail-show-images \">\n<div class=\"clear\">\n<div>\n<div>\n<div dir=\"ltr\">\n<div>\n<p><b><i>Dr Mbaye NDIAYE Directeur g\u00e9n\u00e9ral des Douanes en visite de travail<\/i><\/b><\/p>\n<p style=\"padding-left: 40px;\"><b><i><img loading=\"lazy\" decoding=\"async\" class=\"alignnone size-medium wp-image-3873\" src=\"https:\/\/saintlouisnews.sn\/news\/wp-content\/uploads\/2024\/01\/DSC01469_DxO-1024x683-1-300x200.jpg\" alt=\"\" width=\"300\" height=\"200\" \/><\/i><\/b><\/p>\n<p>&nbsp;<\/p>\n<p><b><i>Le Directeur g\u00e9n\u00e9ral des Douanes du S\u00e9n\u00e9gal, Dr Mbaye NDIAYE a entam\u00e9 une tourn\u00e9e en Gambie et \u00e0 l\u2019int\u00e9rieur du pays. Ainsi, la coop\u00e9ration entre les deux pays vient de connaitre un nouvel \u00ab\u00a0envol\u00a0\u00bb bas\u00e9 sur le pragmatisme dans la mise en \u0153uvre des accords communs. A Kaolack, il a d\u00e9clin\u00e9 ses ambitions pour une administration des douanes \u00ab\u00a0performante\u00a0\u00bb<\/i><\/b><\/p>\n<p><b><i> <img loading=\"lazy\" decoding=\"async\" class=\"alignnone size-medium wp-image-3873\" src=\"https:\/\/saintlouisnews.sn\/news\/wp-content\/uploads\/2024\/01\/DSC01469_DxO-1024x683-1-300x200.jpg\" alt=\"\" width=\"300\" height=\"200\" \/><\/i><\/b><\/p>\n<p><b><i>En Gambie Coop\u00e9ration bilat\u00e9rale\u00a0:<\/i><\/b><\/p>\n<p>Les Douanes s\u00e9n\u00e9galaises et gambiennes sont dans une dynamique de consolidation et de p\u00e9rennisation des excellentes relations entre les deux pays, les deux Chefs d\u2019\u00c9tat et les populations s\u00e9n\u00e9gambiennes.<\/p>\n<p>La d\u00e9cision a \u00e9t\u00e9 prise par les deux Administrations lors de la visite de travail effectu\u00e9e par le Directeur g\u00e9n\u00e9ral des Douanes, Dr Mbaye NDIAYE, \u00e0 Banjul. Il a \u00e9t\u00e9 accueilli par son coll\u00e8gue gambien, le CG Yankuba DARBOE. Les \u00e9changes entre les deux parties ont port\u00e9 sur l\u2019assistance mutuelle, la coaction et l\u2019esprit de fraternit\u00e9 entre les agents des deux institutions. La coop\u00e9ration entre les deux administrations douani\u00e8res vient de conna\u00eetre ainsi un nouveau d\u00e9part bas\u00e9 sur le pragmatisme dans la mise en \u0153uvre des accords communs.<\/p>\n<p>Des actions concr\u00e8tes et communes sont identifi\u00e9es et seront ex\u00e9cut\u00e9es dans un tr\u00e8s court terme. Lesdites actions visent \u00e0 renforcer la facilitation des mouvements de personnes et de marchandises mais aussi une meilleure s\u00e9curisation de la chaine logistique.<\/p>\n<p><img loading=\"lazy\" decoding=\"async\" class=\"alignnone size-medium wp-image-3875\" src=\"https:\/\/saintlouisnews.sn\/news\/wp-content\/uploads\/2024\/01\/9E5A0314-1-300x200.jpg\" alt=\"\" width=\"300\" height=\"200\" \/><\/p>\n<p>Le CG Yankuba DARBOE s\u2019est r\u00e9joui du choix port\u00e9 sur son institution comme premi\u00e8re administration douani\u00e8re \u00e0 recevoir la visite du DG Mbaye NDIAYE. Les deux d\u00e9l\u00e9gations ont partag\u00e9 de forts moments de convivialit\u00e9 lors d\u2019un d\u00eener offert par le CG DARBOE.<\/p>\n<p><b><i>A Kaolack, Dr Mbaye NDIAYE d\u00e9cline ses ambitions pour une administration des Douanes \u00ab\u00a0performante\u00a0\u00bb avec des \u00ab\u00a0agents comp\u00e9tents\u00a0\u00bb<\/i><\/b><\/p>\n<p><img loading=\"lazy\" decoding=\"async\" class=\"alignnone size-medium wp-image-3876 aligncenter\" src=\"https:\/\/saintlouisnews.sn\/news\/wp-content\/uploads\/2024\/01\/9E5A0402-200x300.jpg\" alt=\"\" width=\"200\" height=\"300\" \/><\/p>\n<p>\u00ab\u00a0On a voulu mettre en place une matrice d\u2019actions prioritaires articul\u00e9e autour de trois points notamment la valorisation du capital humain. Nous comptons renforcer les connaissances, les comp\u00e9tences et les qualifications des agents des douanes pour leur permettre de r\u00e9aliser de mani\u00e8re optimale leurs missions. Aujourd\u2019hui, l\u2019administration des douanes rencontre beaucoup de d\u00e9fis dans l\u2019ex\u00e9cution de ses missions \u00e9conomique, fiscale et s\u00e9curitaire\u00a0\u00bb, a signal\u00e9 le Directeur g\u00e9n\u00e9ral des Douanes.<\/p>\n<p>A la suite de sa nomination, il dit avoir souhait\u00e9 faire un d\u00e9placement dans des services situ\u00e9s \u00e0 l\u2019int\u00e9rieur du pays et qui, selon lui, \u201cfont un travail remarquable\u201d dans l\u2019accomplissement de leurs missions fiscale, \u00e9conomique et s\u00e9curitaire.<\/p>\n<p>\u201cIl faut un douanier bien form\u00e9, comp\u00e9tent et qui a le sens des responsabilit\u00e9s. Ce qui constitue le premier pilier de notre matrice d\u2019action. Le second pilier, c\u2019est l\u2019innovation, parce que nous sommes confront\u00e9s aujourd\u2019hui \u00e0 des d\u00e9fis multiples. On ne peut pas continuer \u00e0 travailler de mani\u00e8re traditionnelle ; il nous faut innover\u201d, a-t-il estim\u00e9.<\/p>\n<p>Selon lui, le meilleur instrument pour innover, c\u2019est l\u2019utilisation des nouvelles technologies sur lesquelles la douane a des avanc\u00e9es, puisque depuis 1991, elle a mis en place le syst\u00e8me \u201cGa\u00efnd\u00e9\u201d qui a permis d\u2019automatiser les formalit\u00e9s de d\u00e9douanement.<\/p>\n<p>Le troisi\u00e8me \u00e9l\u00e9ment qu\u2019il juge \u201cimportant\u201d c\u2019est que l\u2019administration des douanes travaille \u00e0 mettre en place une \u201cgestion acc\u00e8s sur les r\u00e9sultats\u201d.<\/p>\n<p>\u201cEn mati\u00e8re de gestion publique, il y a un changement de paradigme avec l\u2019introduction de la logique manag\u00e9riale qui voudrait qu\u2019au-del\u00e0 de la l\u00e9galit\u00e9, on essaie de tendre vers l\u2019efficacit\u00e9, la performances, l\u2019atteinte des objectifs mais aussi vers la qualit\u00e9 des prestations que nous servons aux usagers qui sont, en d\u00e9finitive, les destinataires de l\u2019action publique\u201d, a d\u00e9clar\u00e9 l\u2019officier sup\u00e9rieur des douanes.<\/p>\n<p>Il a signal\u00e9 que dans la r\u00e9gion de Kaolack, les bureaux frontaliers de Karang et de Keur Ayip, \u201cles principaux bureaux de la zone\u201d, ne sont pas connect\u00e9s au syst\u00e8me \u201cGa\u00efnd\u00e9\u201d.<\/p>\n<p>\u201cPour parler de d\u00e9mat\u00e9rialisation, il faut d\u2019abord qu\u2019il y ait une connexion des bureaux concern\u00e9s au syst\u00e8me de d\u00e9douanement automatis\u00e9 de l\u2019administration\u201d, a-t-il relev\u00e9.<\/p>\n<p>Mbaye Ndiaye a promis que, sous peu, l\u2019administration des Douanes va essayer d\u2019automatiser les formalit\u00e9s dans ces bureaux pour permettre de d\u00e9mat\u00e9rialiser l\u2019ensemble des proc\u00e9dures. Ce qui, \u00e0 l\u2019en croire, va permettre d\u2019imprimer davantage de c\u00e9l\u00e9rit\u00e9 et de facilitation aux formalit\u00e9s et, surtout, de faire de telle sorte que celles-ci soient \u201cplus transparentes\u201d.<\/p>\n<p>\u201cCes formalit\u00e9s seront observ\u00e9es relativement \u00e0 la r\u00e9glementation et \u00e0 temps r\u00e9el\u201d, a-t-il assur\u00e9.<\/p>\n<p><img loading=\"lazy\" decoding=\"async\" class=\"alignnone size-medium wp-image-3884\" src=\"https:\/\/saintlouisnews.sn\/news\/wp-content\/uploads\/2024\/01\/9E5A0349-300x200.jpg\" alt=\"\" width=\"300\" height=\"200\" \/> <img loading=\"lazy\" decoding=\"async\" class=\"alignnone size-medium wp-image-3885\" src=\"https:\/\/saintlouisnews.sn\/news\/wp-content\/uploads\/2024\/01\/9E5A0368-300x200.jpg\" alt=\"\" width=\"300\" height=\"200\" \/> <img loading=\"lazy\" decoding=\"async\" class=\"alignnone size-medium wp-image-3886\" src=\"https:\/\/saintlouisnews.sn\/news\/wp-content\/uploads\/2024\/01\/DSC01539_DxO-1-1280x640-1-300x150.jpg\" alt=\"\" width=\"300\" height=\"150\" \/> <img loading=\"lazy\" decoding=\"async\" class=\"alignnone size-medium wp-image-3887\" src=\"https:\/\/saintlouisnews.sn\/news\/wp-content\/uploads\/2024\/01\/9E5A0057-1-300x200.jpg\" alt=\"\" width=\"300\" height=\"200\" \/><\/p>\n<hr \/>\n<\/div>\n<\/div>\n<\/div>\n<\/div>\n<\/div>\n<\/div>\n<div class=\"mail-message-footer spacer collapsible\">\n<hr \/>\n<\/div>\n<\/div>\n","protected":false},"excerpt":{"rendered":"<p>Dr Mbaye NDIAYE Directeur g\u00e9n\u00e9ral des Douanes en visite de travail &nbsp; Le Directeur g\u00e9n\u00e9ral des Douanes du S\u00e9n\u00e9gal, Dr Mbaye NDIAYE a entam\u00e9 une tourn\u00e9e en Gambie et \u00e0 l\u2019int\u00e9rieur du pays. Ainsi, la coop\u00e9ration entre les deux pays vient de connaitre un nouvel \u00ab\u00a0envol\u00a0\u00bb bas\u00e9 sur le pragmatisme dans la mise en \u0153uvre &hellip;<\/p>\n","protected":false},"author":1,"featured_media":3874,"comment_status":"open","ping_status":"open","sticky":false,"template":"","format":"standard","meta":{"footnotes":""},"categories":[219],"tags":[],"class_list":["post-3871","post","type-post","status-publish","format-standard","has-post-thumbnail","hentry","category-actualites"],"_links":{"self":[{"href":"https:\/\/saintlouisnews.sn\/index.php?rest_route=\/wp\/v2\/posts\/3871","targetHints":{"allow":["GET"]}}],"collection":[{"href":"https:\/\/saintlouisnews.sn\/index.php?rest_route=\/wp\/v2\/posts"}],"about":[{"href":"https:\/\/saintlouisnews.sn\/index.php?rest_route=\/wp\/v2\/types\/post"}],"author":[{"embeddable":true,"href":"https:\/\/saintlouisnews.sn\/index.php?rest_route=\/wp\/v2\/users\/1"}],"replies":[{"embeddable":true,"href":"https:\/\/saintlouisnews.sn\/index.php?rest_route=%2Fwp%2Fv2%2Fcomments&post=3871"}],"version-history":[{"count":0,"href":"https:\/\/saintlouisnews.sn\/index.php?rest_route=\/wp\/v2\/posts\/3871\/revisions"}],"wp:featuredmedia":[{"embeddable":true,"href":"https:\/\/saintlouisnews.sn\/index.php?rest_route=\/wp\/v2\/media\/3874"}],"wp:attachment":[{"href":"https:\/\/saintlouisnews.sn\/index.php?rest_route=%2Fwp%2Fv2%2Fmedia&parent=3871"}],"wp:term":[{"taxonomy":"category","embeddable":true,"href":"https:\/\/saintlouisnews.sn\/index.php?rest_route=%2Fwp%2Fv2%2Fcategories&post=3871"},{"taxonomy":"post_tag","embeddable":true,"href":"https:\/\/saintlouisnews.sn\/index.php?rest_route=%2Fwp%2Fv2%2Ftags&post=3871"}],"curies":[{"name":"wp","href":"https:\/\/api.w.org\/{rel}","templated":true}]}}